{"id":660541,"date":"2026-01-13T12:03:23","date_gmt":"2026-01-13T12:03:23","guid":{"rendered":"https:\/\/www.europesays.com\/fr\/660541\/"},"modified":"2026-01-13T12:03:23","modified_gmt":"2026-01-13T12:03:23","slug":"depenses-de-retraite-et-deficit-nous-sommes-en-train-de-choisir-les-seniors-contre-les-jeunes-alerte-le-gouverneur-de-la-banque-de-france-12-01-2026-a-0940","status":"publish","type":"post","link":"https:\/\/www.europesays.com\/fr\/660541\/","title":{"rendered":"D\u00e9penses de retraite et d\u00e9ficit : \u00ab\u00a0Nous sommes en train de choisir les seniors contre les jeunes\u00a0\u00bb, alerte le gouverneur de la Banque de France &#8211; 12\/01\/2026 \u00e0 09:40"},"content":{"rendered":"<p> Dans un nouvel appel au \u00ab\u00a0compromis\u00a0\u00bb lanc\u00e9 samedi, Fran\u00e7ois Villeroy de Galhau a encore exhort\u00e9 les parlementaires \u00e0 \u00ab\u00a0sortir des postures\u00a0\u00bb.<\/p>\n<p>        <img decoding=\"async\" src=\"https:\/\/www.europesays.com\/fr\/wp-content\/uploads\/2026\/01\/cde65d147098a882bf061adc4a3b4047-760x507.jpg\" alt=\"Fran\u00e7ois Villeroy de Galhau, \u00e0 Francfort, le 22 novembre 2024 ( AFP \/ KIRILL KUDRYAVTSEV )\" loading=\"eager\" fetchpriority=\"high\" width=\"760\" height=\"507\" style=\"max-width: 100%!important; height: auto;\"\/><\/p>\n<p class=\"c-image-news__legend\">Fran\u00e7ois Villeroy de Galhau, \u00e0 Francfort, le 22 novembre 2024 ( AFP \/ KIRILL KUDRYAVTSEV )<\/p>\n<p>\n Apr\u00e8s avoir d\u00e9nonc\u00e9 pendant l&rsquo;automne le<br \/>\n <a href=\"https:\/\/www.boursorama.com\/actualite-economique\/actualites\/j-en-ai-assez-de-ce-gachis-le-coup-de-gueule-de-villeroy-de-galhau-face-aux-querelles-politiciennes-qui-freinent-la-france-2bfa05ed1fd0026f800e74ee85490a30\" title=\" J en ai assez de ce g\u00e2chis!  : le coup de gueule de Villeroy de Galhau face aux  querelles politiciennes  qui freinent la France\" target=\"_blank\" rel=\"noopener\"><br \/>\n  \u00ab\u00a0g\u00e2chis\u00a0\u00bb<br \/>\n <\/a><br \/>\n des atouts fran\u00e7ais provoqu\u00e9 par les \u00ab\u00a0querelles politiciennes\u00a0\u00bb, le gouverneur de la Banque de France a redit ses inqui\u00e9tudes face aux effets de la politique \u00ab\u00a0spectacle\u00a0\u00bb en France, redoutant \u00ab\u00a0un \u00e9touffement\u00a0\u00bb de la France si elle ne parvient pas \u00e0 r\u00e9duire son d\u00e9ficit budg\u00e9taire.\n<\/p>\n<p>\n \u00ab\u00a0La France ne risque pas la faillite, mais un \u00e9touffement \u00e0 plusieurs dimensions\u00a0\u00bb, a ainsi estim\u00e9 Fran\u00e7ois Villeroy de Galhau \u00e0 l&rsquo;antenne de<\/p>\n<p>  France Inter<\/p>\n<p> , samedi 10 janvier : \u00ab\u00a0un \u00e9touffement budg\u00e9taire (&#8230;), \u00e9conomique (&#8230;) et g\u00e9n\u00e9rationnel<br \/>\n <strong><br \/>\n  car nous sommes en train de choisir les seniors contre les jeunes\u00a0\u00bb, avec \u00ab\u00a0plus de d\u00e9penses de retraite et plus de d\u00e9ficit\u00a0\u00bb.<br \/>\n <\/strong><br \/>\n Pour y rem\u00e9dier, selon lui, il faut \u00ab\u00a0sortir des postures, des querelles, du spectacle, et trouver des vrais compromis\u00a0\u00bb.\n<\/p>\n<p> \u00ab\u00a0Reconna\u00eetre que nous n&rsquo;avons plus d&rsquo;argent pour baisser les imp\u00f4ts\u00a0\u00bb<\/p>\n<p>\n Le gouverneur a jug\u00e9 \u00ab\u00a0tr\u00e8s important qu&rsquo;il y ait un budget pour 2026\u00a0\u00bb avec un d\u00e9ficit public \u00ab\u00a0\u00e0 maximum 5% du PIB\u00a0\u00bb pour ne pas se mettre \u00ab\u00a0dans la zone rouge de danger\u00a0\u00bb. Il faut pour cela \u00ab\u00a0stabiliser les d\u00e9penses\u00a0\u00bb et \u00ab\u00a0avoir de la sagesse sur les imp\u00f4ts\u00a0\u00bb.  En l&rsquo;occurrence, \u00ab\u00a0reconna\u00eetre que nous n&rsquo;avons plus d&rsquo;argent pour baisser les imp\u00f4ts et qu&rsquo;il y a certaines mesures de justice n\u00e9cessaires\u00a0\u00bb, comme la prolongation de la surtaxe d&rsquo;imp\u00f4t sur les soci\u00e9t\u00e9s pour les grandes entreprises, sur laquelle les parlementaires de droite et de gauche ne parviennent pas \u00e0 se mettre d&rsquo;accord.\n<\/p>\n<p>\n M\u00eame si les march\u00e9s financiers sont calmes actuellement vis-\u00e0-vis de la France, \u00ab\u00a0leur fonctionnement n&rsquo;est jamais lin\u00e9aire, (il) peut y avoir un calme apparent puis une correction brutale\u00a0\u00bb, a observ\u00e9 le gouverneur, en particulier \u00ab\u00a0dans l&rsquo;environnement g\u00e9opolitique extr\u00eamement incertain\u00a0\u00bb actuel. Il a aussi soulign\u00e9 que \u00ab\u00a0l&rsquo;agenda de d\u00e9r\u00e9gulation financi\u00e8re am\u00e9ricaine augmente les risques de crise financi\u00e8re\u00a0\u00bb, tout en appelant \u00e0 \u00ab\u00a0garder notre calme et notre cap\u00a0\u00bb en Europe, \u00e0 \u00ab\u00a0maintenir un dialogue franc et exigeant \u00e0 travers l&rsquo;Atlantique\u00a0\u00bb.<\/p>\n","protected":false},"excerpt":{"rendered":"Dans un nouvel appel au \u00ab\u00a0compromis\u00a0\u00bb lanc\u00e9 samedi, Fran\u00e7ois Villeroy de Galhau a encore exhort\u00e9 les parlementaires \u00e0&hellip;\n","protected":false},"author":2,"featured_media":660542,"comment_status":"","ping_status":"","sticky":false,"template":"","format":"standard","meta":{"footnotes":""},"categories":[6],"tags":[400,398,408,35,405,33,34,1011,27,403,402,399,404,401,406,407],"class_list":{"0":"post-660541","1":"post","2":"type-post","3":"status-publish","4":"format-standard","5":"has-post-thumbnail","7":"category-economie","8":"tag-action-cac-40","9":"tag-bourse-de-paris","10":"tag-boursorama","11":"tag-business","12":"tag-cotations","13":"tag-economie","14":"tag-economy","15":"tag-fr","16":"tag-france","17":"tag-indices-devises","18":"tag-investir","19":"tag-investissement","20":"tag-marche-boursier","21":"tag-sicav","22":"tag-trackers","23":"tag-warrants"},"share_on_mastodon":{"url":"https:\/\/pubeurope.com\/@fr\/115887695778994964","error":""},"_links":{"self":[{"href":"https:\/\/www.europesays.com\/fr\/wp-json\/wp\/v2\/posts\/660541","targetHints":{"allow":["GET"]}}],"collection":[{"href":"https:\/\/www.europesays.com\/fr\/wp-json\/wp\/v2\/posts"}],"about":[{"href":"https:\/\/www.europesays.com\/fr\/wp-json\/wp\/v2\/types\/post"}],"author":[{"embeddable":true,"href":"https:\/\/www.europesays.com\/fr\/wp-json\/wp\/v2\/users\/2"}],"replies":[{"embeddable":true,"href":"https:\/\/www.europesays.com\/fr\/wp-json\/wp\/v2\/comments?post=660541"}],"version-history":[{"count":0,"href":"https:\/\/www.europesays.com\/fr\/wp-json\/wp\/v2\/posts\/660541\/revisions"}],"wp:featuredmedia":[{"embeddable":true,"href":"https:\/\/www.europesays.com\/fr\/wp-json\/wp\/v2\/media\/660542"}],"wp:attachment":[{"href":"https:\/\/www.europesays.com\/fr\/wp-json\/wp\/v2\/media?parent=660541"}],"wp:term":[{"taxonomy":"category","embeddable":true,"href":"https:\/\/www.europesays.com\/fr\/wp-json\/wp\/v2\/categories?post=660541"},{"taxonomy":"post_tag","embeddable":true,"href":"https:\/\/www.europesays.com\/fr\/wp-json\/wp\/v2\/tags?post=660541"}],"curies":[{"name":"wp","href":"https:\/\/api.w.org\/{rel}","templated":true}]}}