{"id":660545,"date":"2026-01-13T12:06:34","date_gmt":"2026-01-13T12:06:34","guid":{"rendered":"https:\/\/www.europesays.com\/fr\/660545\/"},"modified":"2026-01-13T12:06:34","modified_gmt":"2026-01-13T12:06:34","slug":"le-milieu-de-terrain-de-lille-benjamin-andre-sort-sur-blessure-face-a-lol-en-coupe-de-france-lequipe","status":"publish","type":"post","link":"https:\/\/www.europesays.com\/fr\/660545\/","title":{"rendered":"Le milieu de terrain de Lille Benjamin Andr\u00e9 sort sur blessure face \u00e0 l&#039;OL en Coupe de France &#8211; L&#039;\u00c9quipe"},"content":{"rendered":"<ol>\n<li><a href=\"https:\/\/news.google.com\/rss\/articles\/CBMi3AFBVV95cUxPNTF2WWFlSk5lVFk4R1VhcmFRNXBWckVhM3E1a0ZXSlVnQU1IbGRMQkwwV0lnbkk3aDBMVmhRRG1DLW5iMG9BNFlIRzM2dC1SM3loa3hmeVNqY1VibVByMlRWMFFNaUx6NmcyODBrY090Rlg1X3pTUExnX3o5aHNjcXlfUXl6SzZxUmVIeUNvNk9tRS1UYzdYOVRaUGJWVHM4QTZLRTdGOUZ0NHF1YS03bGlpRUQtajhrbWRQNTNlcGR5MUpqcjhONzJNZkFRNUJtSEFFUTFuXzhJVjhL?oc=5\" target=\"_blank\" rel=\"noopener\">Le milieu de terrain de Lille Benjamin Andr\u00e9 sort sur blessure face \u00e0 l&rsquo;OL en Coupe de France<\/a>&nbsp;&nbsp;L&rsquo;\u00c9quipe<\/li>\n<li><a href=\"https:\/\/news.google.com\/rss\/articles\/CBMi1AFBVV95cUxPdXlMVnNacF9tTnlqRWdfR05tSjBjMHI2c2gyNExDMFNLdFBYRjVvZ2tDWmpoc1ZkNmx0TXhZa2lGUmNIUWcyM19GZy1iWFJ3ZTRhelY4OG1pV3FyU3dyTEJkWUJLMXg5TEZxQzBEZERYY25rLTczc0VhWndMYmMxMzNIRUl3UlZLSEkxVDd4QkR0MjNsX2htZnNfbTNzVmNmNTlkZVB5bXFzVldmV3FTam1WRjhGM2dmWW5jR2lDQm1aSE1QZGJsN3VWOE42REFzS1BnYg?oc=5\" target=\"_blank\" rel=\"noopener\">Benjamin Andr\u00e9 touch\u00e9 \u00e0 l&rsquo;\u00e9paule gauche lors de Lille-OL &#8211; Foot &#8211; Coupe de France<\/a>&nbsp;&nbsp;Sports &#8211; Orange<\/li>\n<li><a href=\"https:\/\/news.google.com\/rss\/articles\/CBMizgFBVV95cUxQb1lQc3hmdTRkNUQ3SUZUNEF6bmUzRHJvbVJUZ3pIRjhLRU1oaTZjQ1hETnZ5amwzU2JTeS16V0tCUnVBbW5yV2tSeDcyeExhRUJSUWN6UzZVTDRUUXctVDdoYV9BNnN4bExNcTdQUDBhdzFRT0VKMGpUMDZTcTlqd0x5dHB5YXYwM2dHamdaLVRkOVVhdzYtQ2g2TjZBemRJdmxoN3NlUHZvWWlUSjdlakVkWDRlQXlKN3MteVdoWHVUZVRrTG1mNEtwbW5fQQ?oc=5\" target=\"_blank\" rel=\"noopener\">LOSC : Les premi\u00e8res nouvelles ne sont pas tr\u00e8s bonnes pour Benjamin Andr\u00e9<\/a>&nbsp;&nbsp;MadeinFoot.com<\/li>\n<li><a href=\"https:\/\/news.google.com\/rss\/articles\/CBMixAFBVV95cUxPSlVjdk54a3BkYzJzYUZwTURIb29GM2U3UTBwS2lTYklOSkw2bG5LSUQ0YWZrbVhJeWtLNjlMbjVKZWs4Z1FxcWktMkRmWlhraEcwMFpHSG5uRVlQdk1LSWVzdGVQTjB2QUlZV3B0a29mUkdmSlNTVE9wZE9UeS01WUJPeFVZVXk3NVZyWTkxckRRZjZqMXZpQXFtWUtIWE0yalJ2ZkZxcWNGSkMwMF9kdFhsMVY4cGxLT3J1T0g4eERFQzds?oc=5\" target=\"_blank\" rel=\"noopener\">Lille &#8211; Lyon : Benjamin Andr\u00e9 sorti sur blessure, Bruno Genesio donne de ses nouvelles<\/a>&nbsp;&nbsp;La Voix du Nord<\/li>\n<li><a href=\"https:\/\/news.google.com\/rss\/articles\/CBMiigFBVV95cUxOREQ3UHNkSnVFUDlLQkt1SVEwQ09PZEdwZ1EzLVhVRnpkZTJnaklLVG9UR3FPbGhzZVlhenlhSWZNdkNoR2NtZlFTUFlUOFBxbWJJaDI2YzA1RGd2YnQyeDF5Tl96Y3llOHFDRWRFY05oTmRtSS1XUXRMUlRKMmZicEFvdmlxTWU2N1HSAYoBQVVfeXFMTlAxcGNaWXM5WTQ0aUVoU1dvQ3FLZGoxZEt0VjIxZkVWNnllUFdjQ3VrSDM0dHBjMm45MzdVUDYtUmtMQlZwRE1FYkUwQmdkbEpCWDd5U1BobzNCNFVURFdXSnAxU1dYVXJqc1pVTmtLUDc4eGxudmMzaUY3cnB3LXppQ2ZCMC1yT3JB?oc=5\" target=\"_blank\" rel=\"noopener\">Lille : des nouvelles de la blessure d&rsquo;Andr\u00e9<\/a>&nbsp;&nbsp;Maxifoot<\/li>\n<\/ol>\n","protected":false},"excerpt":{"rendered":"Le milieu de terrain de Lille Benjamin Andr\u00e9 sort sur blessure face \u00e0 l&rsquo;OL en Coupe de France&nbsp;&nbsp;L&rsquo;\u00c9quipe&hellip;\n","protected":false},"author":2,"featured_media":72028,"comment_status":"","ping_status":"","sticky":false,"template":"","format":"standard","meta":{"footnotes":""},"categories":[2],"tags":[11,1011,27,12],"class_list":{"0":"post-660545","1":"post","2":"type-post","3":"status-publish","4":"format-standard","5":"has-post-thumbnail","7":"category-actualites","8":"tag-actualites","9":"tag-fr","10":"tag-france","11":"tag-news"},"share_on_mastodon":{"url":"https:\/\/pubeurope.com\/@fr\/115887707571088842","error":""},"_links":{"self":[{"href":"https:\/\/www.europesays.com\/fr\/wp-json\/wp\/v2\/posts\/660545","targetHints":{"allow":["GET"]}}],"collection":[{"href":"https:\/\/www.europesays.com\/fr\/wp-json\/wp\/v2\/posts"}],"about":[{"href":"https:\/\/www.europesays.com\/fr\/wp-json\/wp\/v2\/types\/post"}],"author":[{"embeddable":true,"href":"https:\/\/www.europesays.com\/fr\/wp-json\/wp\/v2\/users\/2"}],"replies":[{"embeddable":true,"href":"https:\/\/www.europesays.com\/fr\/wp-json\/wp\/v2\/comments?post=660545"}],"version-history":[{"count":0,"href":"https:\/\/www.europesays.com\/fr\/wp-json\/wp\/v2\/posts\/660545\/revisions"}],"wp:featuredmedia":[{"embeddable":true,"href":"https:\/\/www.europesays.com\/fr\/wp-json\/wp\/v2\/media\/72028"}],"wp:attachment":[{"href":"https:\/\/www.europesays.com\/fr\/wp-json\/wp\/v2\/media?parent=660545"}],"wp:term":[{"taxonomy":"category","embeddable":true,"href":"https:\/\/www.europesays.com\/fr\/wp-json\/wp\/v2\/categories?post=660545"},{"taxonomy":"post_tag","embeddable":true,"href":"https:\/\/www.europesays.com\/fr\/wp-json\/wp\/v2\/tags?post=660545"}],"curies":[{"name":"wp","href":"https:\/\/api.w.org\/{rel}","templated":true}]}}