{"id":660546,"date":"2026-01-13T12:07:09","date_gmt":"2026-01-13T12:07:09","guid":{"rendered":"https:\/\/www.europesays.com\/fr\/660546\/"},"modified":"2026-01-13T12:07:09","modified_gmt":"2026-01-13T12:07:09","slug":"loire-le-voisin-repere-des-inconnus-dans-son-quartier-les-gendarmes-le-remercient","status":"publish","type":"post","link":"https:\/\/www.europesays.com\/fr\/660546\/","title":{"rendered":"Loire. Le voisin rep\u00e8re des inconnus dans son quartier : les gendarmes le remercient"},"content":{"rendered":"<p>                    Par<br \/>\n        <strong><br \/>\n            <a href=\"https:\/\/actu.fr\/auteur\/mathias-souteyrat\" title=\"Consulter tous les articles de Mathias Souteyrat\" target=\"_blank\" rel=\"noopener\">Mathias Souteyrat<\/a><br \/>\n                    <\/strong><\/p>\n<p>        Publi\u00e9 le<\/p>\n<p>            13 janv. 2026 \u00e0 10h28        <\/p>\n<p>Le lundi 5\u00a0janvier 2026, en fin de matin\u00e9e, un riverain remarque un \u00e9trange remue-m\u00e9nage dans son quartier de <a href=\"https:\/\/actu.fr\/auvergne-rhone-alpes\/la-fouillouse_42097\" target=\"_blank\" rel=\"noopener\">La Fouillouse<\/a> (Loire), tout pr\u00e8s de <a href=\"https:\/\/actu.fr\/saint-etienne\/\" target=\"_blank\" rel=\"noopener\">Saint-Etienne<\/a>.<\/p>\n<p class=\" wall-content\">Il voit deux individus suspects, encapuchonn\u00e9s et inconnus du quartier, se dirigeant vers un domicile, munis d\u2019une <strong>disqueuse<\/strong>.<\/p>\n<p>Le coffre-fort d\u00e9rob\u00e9<\/p>\n<p class=\" wall-content\">L\u2019homme compose rapidement le 17. Les gendarmes interviennent imm\u00e9diatement.<\/p>\n<p class=\" wall-content\">Sur place, les voleurs sont partis mais les militaires constatent une fen\u00eatre forc\u00e9e. \u00c0 l\u2019int\u00e9rieur de la maison, ils d\u00e9couvrent un coffre-fort extrait d\u2019un placard et partiellement d\u00e9coup\u00e9, ainsi que l\u2019outil utilis\u00e9 pour tenter de l\u2019ouvrir.<\/p>\n<p>Vid\u00e9oprotection, constatations sur place et enqu\u00eates de voisinage<\/p>\n<p class=\" wall-content\">\u00ab\u2009Les premi\u00e8res v\u00e9rifications, appuy\u00e9es notamment par la vid\u00e9oprotection, permettent d\u2019identifier les v\u00e9hicules utilis\u00e9s pour l\u2019approche et la fuite des cambrioleurs\u2009\u00bb, \u00e9crit la gendarmerie.<\/p>\n<p class=\" wall-content\">Gr\u00e2ce aux constatations sur les lieux, \u00e0 l\u2019enqu\u00eate de voisinage et aux recoupements r\u00e9alis\u00e9s, les gendarmes identifient rapidement les deux auteurs des faits.<\/p>\n<p class=\" wall-content\">Les mis en cause sont interpell\u00e9s, plac\u00e9s en garde \u00e0 vue. Ils reconnaissent les faits.<\/p>\n<p>Votre r\u00e9gion, votre actu !<\/p>\n<p>Recevez chaque jour les infos qui comptent pour vous.<\/p>\n<p>\t<a href=\"https:\/\/actu.fr\/newsletter\" class=\"ac-btn ac-btn--corner ac-btn--medium ac-btn--blue800\" target=\"_blank\" rel=\"noopener\">S&rsquo;incrire<\/a><\/p>\n<p class=\" wall-content\">Les suspects feront l\u2019objet d\u2019une double convocation judiciaire en septembre\u00a02026\u2009:<\/p>\n<ul class=\" wall-content\">\n<li>Une CRPC\u2009: comparution sur reconnaissance pr\u00e9alable de culpabilit\u00e9<\/li>\n<li>Une convocation par officier de police judiciaire.<\/li>\n<\/ul>\n<p>\u00ab\u2009En cas de comportement suspect, composez le 17 sans h\u00e9siter\u2009\u00bb<\/p>\n<p class=\" wall-content\">\u00ab\u2009Cette affaire illustre l\u2019importance de la <strong>vigilance citoyenne<\/strong> et de la r\u00e9activit\u00e9 des forces de gendarmerie dans la lutte contre les atteintes aux biens. En cas de comportement suspect, composez le 17 sans h\u00e9siter\u2009\u00bb, rappelle la gendarmerie.<\/p>\n<p>Les cambriolages plus nombreux en zones gendarmerie<\/p>\n<p class=\" wall-content\">Les <a href=\"https:\/\/actu.fr\/auvergne-rhone-alpes\/saint-etienne_42218\/cambriolages-dans-la-loire-les-vols-explosent-dans-ces-zones-du-departement_62223749.html\" target=\"_blank\" rel=\"noopener\">cambriolages<\/a> restent des sujets de pr\u00e9occupations importants pour les Lig\u00e9riens.<\/p>\n<p class=\" wall-content\">S\u2019ils diminuent en zone police (\u2212 6,4\u2009%), les vols dans les logements connaissent une progression marqu\u00e9e en zone gendarmerie (+20 %), selon les chiffres 2024 du service statistique du minist\u00e8re de l\u2019Int\u00e9rieur.<\/p>\n<p class=\" wall-content\">Pour rappel, les zones police concernent les r\u00e9gions urbaines de Saint-\u00c9tienne et Roanne. Ce sont donc les milieux ruraux qui sont les plus touch\u00e9s par ces faits.<\/p>\n<p class=\" wall-content\">\u00ab\u2009Le nombre de cambriolages de logement reste relativement stable, avec une augmentation mod\u00e9r\u00e9e de 1\u2009% (4\u2009908 faits contre 4\u2009856 en 2023)\u2009\u00bb, notent les forces de l\u2019ordre et les services de justice. Cependant, depuis 10\u00a0ans, <strong>le nombre de cambriolages baisse de 0,7\u2009% (depuis 2016).<\/strong><\/p>\n<p class=\" wall-content\">Personnalisez votre actualit\u00e9 en ajoutant vos villes et m\u00e9dias en favori avec <a href=\"https:\/\/moncompte.actu.fr\" title=\"D\u00e9couvez Mon Actu\" rel=\"nofollow noopener\" data-trk=\"{&quot;cta&quot;:{&quot;action&quot;:&quot;https:\\\/\\\/moncompte.actu.fr&quot;,&quot;category&quot;:&quot;mon compte&quot;,&quot;from&quot;:&quot;article footer&quot;,&quot;name&quot;:&quot;Mon actu&quot;,&quot;type&quot;:&quot;cta&quot;}}\" target=\"_blank\">Mon Actu<\/a>.<\/p>\n","protected":false},"excerpt":{"rendered":"Par Mathias Souteyrat Publi\u00e9 le 13 janv. 2026 \u00e0 10h28 Le lundi 5\u00a0janvier 2026, en fin de matin\u00e9e,&hellip;\n","protected":false},"author":2,"featured_media":660547,"comment_status":"","ping_status":"","sticky":false,"template":"","format":"standard","meta":{"footnotes":""},"categories":[9653],"tags":[1111,11,2430,1174,1777,674,118,1011,27,3381,303,12,25,4001],"class_list":{"0":"post-660546","1":"post","2":"type-post","3":"status-publish","4":"format-standard","5":"has-post-thumbnail","7":"category-saint-etienne","8":"tag-actu","9":"tag-actualites","10":"tag-auvergne-rhone-alpes","11":"tag-cambriolage","12":"tag-eu","13":"tag-europe","14":"tag-faits-divers","15":"tag-fr","16":"tag-france","17":"tag-gendarmerie","18":"tag-justice","19":"tag-news","20":"tag-republique-francaise","21":"tag-saint-etienne"},"share_on_mastodon":{"url":"https:\/\/pubeurope.com\/@fr\/115887711456890448","error":""},"_links":{"self":[{"href":"https:\/\/www.europesays.com\/fr\/wp-json\/wp\/v2\/posts\/660546","targetHints":{"allow":["GET"]}}],"collection":[{"href":"https:\/\/www.europesays.com\/fr\/wp-json\/wp\/v2\/posts"}],"about":[{"href":"https:\/\/www.europesays.com\/fr\/wp-json\/wp\/v2\/types\/post"}],"author":[{"embeddable":true,"href":"https:\/\/www.europesays.com\/fr\/wp-json\/wp\/v2\/users\/2"}],"replies":[{"embeddable":true,"href":"https:\/\/www.europesays.com\/fr\/wp-json\/wp\/v2\/comments?post=660546"}],"version-history":[{"count":0,"href":"https:\/\/www.europesays.com\/fr\/wp-json\/wp\/v2\/posts\/660546\/revisions"}],"wp:featuredmedia":[{"embeddable":true,"href":"https:\/\/www.europesays.com\/fr\/wp-json\/wp\/v2\/media\/660547"}],"wp:attachment":[{"href":"https:\/\/www.europesays.com\/fr\/wp-json\/wp\/v2\/media?parent=660546"}],"wp:term":[{"taxonomy":"category","embeddable":true,"href":"https:\/\/www.europesays.com\/fr\/wp-json\/wp\/v2\/categories?post=660546"},{"taxonomy":"post_tag","embeddable":true,"href":"https:\/\/www.europesays.com\/fr\/wp-json\/wp\/v2\/tags?post=660546"}],"curies":[{"name":"wp","href":"https:\/\/api.w.org\/{rel}","templated":true}]}}