{"id":660560,"date":"2026-01-13T12:14:11","date_gmt":"2026-01-13T12:14:11","guid":{"rendered":"https:\/\/www.europesays.com\/fr\/660560\/"},"modified":"2026-01-13T12:14:11","modified_gmt":"2026-01-13T12:14:11","slug":"ligue-2-avec-8-860-spectateurs-de-moyenne-montpellier-compte-la-6e-affluence-du-championnat","status":"publish","type":"post","link":"https:\/\/www.europesays.com\/fr\/660560\/","title":{"rendered":"Ligue 2\u00a0: avec 8\u00a0860 spectateurs de moyenne, Montpellier compte la 6e affluence du championnat"},"content":{"rendered":"<p>\n                                                                La Ligue de football professionnel a fait le bilan des affluences de Ligue \u00e0 mi-saison, mardi 13\u00a0janvier.\n                            <\/p>\n<p>La Ligue de football professionnel\u00a0a publi\u00e9, mardi 13\u00a0janvier, un communiqu\u00e9 sur les affluences de Ligue 2 depuis le d\u00e9but de la saison.<\/p>\n<p>En 17 journ\u00e9es disput\u00e9es, 1,18\u00a0million de spectateurs se sont rendus dans les stades. Cela repr\u00e9sente une hausse de 10\u00a0% par rapport \u00e0 la mi-saison 2024-2025, soit +\u00a0103\u00a0000 spectateurs.\u00a0L\u2019affluence moyenne s\u2019\u00e9tablit \u00e0 7\u00a0898 spectateurs par match, en progression de 11\u00a0% sur un an.<\/p>\n<p>Montpellier est juste au-dessus de cette moyenne avec 8\u00a0860 personnes qui sont venues au stade de la Mosson soit la 6e du championnat derri\u00e8re\u00a0Saint-\u00c9tienne, Nancy, Bastia et\u00a0Reims qui d\u00e9passent\u00a0la barre symbolique des 10\u00a0000 spectateurs mais aussi Le\u00a0Mans.<\/p>\n<p>Rodez d\u00e9passe les 70\u00a0% de remplissage<\/p>\n<p>Dans le d\u00e9tail, 14 clubs sur 18 voient leur moyenne augmenter, illustrant une tendance globale et non isol\u00e9e. Le taux de remplissage moyen atteint 56,3\u00a0%, un niveau quasi stable par rapport \u00e0 la saison pr\u00e9c\u00e9dente (-0,3 point), dans un contexte de hausse des capacit\u00e9s utilis\u00e9es. Huit clubs d\u00e9passent les 70\u00a0% de remplissage\u00a0: Red Star, Pau, Dunkerque, Saint-\u00c9tienne, Rodez, Bastia, Boulogne et Laval MFC, confirmant une forte mobilisation locale.<\/p>\n<p>Des affluences record \u00e0 Saint-\u00c9tienne<\/p>\n<p>La saison 2025-2026 marque un record historique d\u2019abonnements avec 77\u00a0000 abonn\u00e9s, soit +\u00a05\u00a0% en un an et une moyenne de 4\u00a0300 abonn\u00e9s par club.\u00a0Fait marquant\u00a0: l\u2019AS Saint-\u00c9tienne \u00e9tablit un record absolu pour un club de Ligue 2 avec 20\u00a0113 abonn\u00e9s, symbole de son ancrage populaire toujours aussi fort.<\/p>\n<p>Certains clubs affichent des progressions spectaculaires\u00a0: Le\u00a0Mans FC (+\u00a077\u00a0%), Nancy (+\u00a054\u00a0%), Troyes (+\u00a046\u00a0%) et Rodez (+\u00a031\u00a0%).\u00a0\u00c0 mi-saison, 27 matchs ont d\u00e9pass\u00e9 les 10\u00a0000 spectateurs, dont 8 rencontres \u00e0 Geoffroy-Guichard.\u00a0Le point culminant est atteint lors de la 4e journ\u00e9e, avec 35\u00a0729 spectateurs pour Saint-\u00c9tienne-Grenoble, meilleure affluence de la mi-saison.<\/p>\n","protected":false},"excerpt":{"rendered":"La Ligue de football professionnel a fait le bilan des affluences de Ligue \u00e0 mi-saison, mardi 13\u00a0janvier. La&hellip;\n","protected":false},"author":2,"featured_media":660561,"comment_status":"","ping_status":"","sticky":false,"template":"","format":"standard","meta":{"footnotes":""},"categories":[9599],"tags":[1111,11,1777,674,63,1011,27,7089,2208,12,2680,25,517],"class_list":{"0":"post-660560","1":"post","2":"type-post","3":"status-publish","4":"format-standard","5":"has-post-thumbnail","7":"category-montpellier","8":"tag-actu","9":"tag-actualites","10":"tag-eu","11":"tag-europe","12":"tag-football","13":"tag-fr","14":"tag-france","15":"tag-herault","16":"tag-montpellier","17":"tag-news","18":"tag-occitanie","19":"tag-republique-francaise","20":"tag-sport"},"share_on_mastodon":{"url":"https:\/\/pubeurope.com\/@fr\/115887738877639321","error":""},"_links":{"self":[{"href":"https:\/\/www.europesays.com\/fr\/wp-json\/wp\/v2\/posts\/660560","targetHints":{"allow":["GET"]}}],"collection":[{"href":"https:\/\/www.europesays.com\/fr\/wp-json\/wp\/v2\/posts"}],"about":[{"href":"https:\/\/www.europesays.com\/fr\/wp-json\/wp\/v2\/types\/post"}],"author":[{"embeddable":true,"href":"https:\/\/www.europesays.com\/fr\/wp-json\/wp\/v2\/users\/2"}],"replies":[{"embeddable":true,"href":"https:\/\/www.europesays.com\/fr\/wp-json\/wp\/v2\/comments?post=660560"}],"version-history":[{"count":0,"href":"https:\/\/www.europesays.com\/fr\/wp-json\/wp\/v2\/posts\/660560\/revisions"}],"wp:featuredmedia":[{"embeddable":true,"href":"https:\/\/www.europesays.com\/fr\/wp-json\/wp\/v2\/media\/660561"}],"wp:attachment":[{"href":"https:\/\/www.europesays.com\/fr\/wp-json\/wp\/v2\/media?parent=660560"}],"wp:term":[{"taxonomy":"category","embeddable":true,"href":"https:\/\/www.europesays.com\/fr\/wp-json\/wp\/v2\/categories?post=660560"},{"taxonomy":"post_tag","embeddable":true,"href":"https:\/\/www.europesays.com\/fr\/wp-json\/wp\/v2\/tags?post=660560"}],"curies":[{"name":"wp","href":"https:\/\/api.w.org\/{rel}","templated":true}]}}