{"id":660564,"date":"2026-01-13T12:19:11","date_gmt":"2026-01-13T12:19:11","guid":{"rendered":"https:\/\/www.europesays.com\/fr\/660564\/"},"modified":"2026-01-13T12:19:11","modified_gmt":"2026-01-13T12:19:11","slug":"grenoble-un-trentenaire-blesse-par-balle-par-des-trafiquants-en-voulant-acheter-de-la-drogue","status":"publish","type":"post","link":"https:\/\/www.europesays.com\/fr\/660564\/","title":{"rendered":"Grenoble : Un trentenaire bless\u00e9 par balle par des trafiquants en voulant acheter de la drogue"},"content":{"rendered":"<p class=\"mb-4 text-lg md:leading-8 break-words\"><strong>trafic &#8211; Un homme de 38 ans a re\u00e7u un tir d\u2019arme \u00e0 feu dans la nuit de lundi \u00e0 mardi alors qu\u2019il voulait acheter des stup\u00e9fiants \u00e0 Grenoble<\/strong><\/p>\n<p class=\"mb-4 text-lg md:leading-8 break-words\">Un nouveau tir li\u00e9 au trafic de drogue \u00e0 <a href=\"https:\/\/www.20minutes.fr\/grenoble\/?at_medium=RSS%20feed&amp;at_campaign=ynews&amp;utm_source=yahoo&amp;utm_medium=rss&amp;utm_campaign=news_feed&amp;utm_content=in_article_link\" rel=\"nofollow noopener\" target=\"_blank\" data-ylk=\"slk:Grenoble;elm:context_link;itc:0;sec:content-canvas\" class=\"link \">Grenoble<\/a>. Un homme qui souhaitait acheter des stup\u00e9fiants a \u00e9t\u00e9 bless\u00e9 par balle par des vendeurs dans la nuit de lundi \u00e0 mardi, a indiqu\u00e9 la police de <a href=\"https:\/\/www.20minutes.fr\/societe\/isere\/?at_medium=RSS%20feed&amp;at_campaign=ynews&amp;utm_source=yahoo&amp;utm_medium=rss&amp;utm_campaign=news_feed&amp;utm_content=in_article_link\" rel=\"nofollow noopener\" target=\"_blank\" data-ylk=\"slk:l\u2019Is\u00e8re;elm:context_link;itc:0;sec:content-canvas\" class=\"link \">l\u2019Is\u00e8re<\/a>. Son pronostic vital n\u2019est pas engag\u00e9, selon cette m\u00eame source.<\/p>\n<p class=\"mb-4 text-lg md:leading-8 break-words\">Il voulait \u00ab acheter des produits stup\u00e9fiants lorsque les vendeurs ont aper\u00e7u une gazeuse \u00bb, c\u2019est-\u00e0-dire une bombe lacrymog\u00e8ne, sur lui, pr\u00e9cise la police dans sa synth\u00e8se quotidienne. \u00ab Prenant cela pour une arme, ils lui ont tir\u00e9 dessus \u00bb, ajoute ce rapport, selon lequel les faits se sont produits vers 1h30 dans la nuit de lundi \u00e0 mardi.<\/p>\n<p>Transport\u00e9 \u00e0 l\u2019h\u00f4pital<\/p>\n<p class=\"mb-4 text-lg md:leading-8 break-words\">La victime, un homme de 38 ans, pr\u00e9sentait une plaie traversante au mollet gauche et a \u00e9t\u00e9 transport\u00e9e \u00e0 l\u2019h\u00f4pital.<\/p>\n<p class=\"mb-4 text-lg md:leading-8 break-words\">Grenoble et certaines de ses banlieues sont r\u00e9guli\u00e8rement marqu\u00e9es par des \u00e9pisodes de violence par arme \u00e0 feu li\u00e9s au <a href=\"https:\/\/www.20minutes.fr\/dossier\/trafic_de_drogue?at_medium=RSS%20feed&amp;at_campaign=ynews&amp;utm_source=yahoo&amp;utm_medium=rss&amp;utm_campaign=news_feed&amp;utm_content=in_article_link\" rel=\"nofollow noopener\" target=\"_blank\" data-ylk=\"slk:trafic de drogue;elm:context_link;itc:0;sec:content-canvas\" class=\"link \">trafic de drogue<\/a>. En d\u00e9cembre, deux hommes de 18 et 22 ans avaient \u00e9t\u00e9 tu\u00e9s par balle respectivement \u00e0 Grenoble et dans la ville attenante <a href=\"https:\/\/www.20minutes.fr\/faits_divers\/4194606-20260106-grenoble-frayeur-apres-decouverte-grenade-pleine-rue-echirolles?at_medium=RSS%20feed&amp;at_campaign=ynews&amp;utm_source=yahoo&amp;utm_medium=rss&amp;utm_campaign=news_feed&amp;utm_content=in_article_link\" rel=\"nofollow noopener\" target=\"_blank\" data-ylk=\"slk:d\u2019Echirolles;elm:context_link;itc:0;sec:content-canvas\" class=\"link \">d\u2019Echirolles<\/a>.<\/p>\n<p class=\"mb-4 text-lg md:leading-8 break-words\"><a href=\"https:\/\/www.20minutes.fr\/faits_divers\/4195785-20260113-grenoble-trentenaire-blesse-balle-trafiquants-voulant-acheter-drogue?at_medium=RSS%20feed&amp;at_campaign=ynews&amp;utm_source=yahoo&amp;utm_medium=rss&amp;utm_campaign=news_feed&amp;utm_content=read_more_link&quot;\" rel=\"nofollow noopener\" target=\"_blank\" data-ylk=\"slk:Lire la suite sur 20minutes;elm:context_link;itc:0;sec:content-canvas\" class=\"link \">Lire la suite sur 20minutes<\/a><\/p>\n<p>\u00c0 lire aussi :<br \/><a href=\"https:\/\/www.20minutes.fr\/faits_divers\/4191744-20251216-grenoble-italien-24-ans-gravement-blesse-balle-pres-point-deal?at_medium=RSS%20feed&amp;at_campaign=ynews&amp;utm_source=yahoo&amp;utm_medium=rss&amp;utm_campaign=news_feed&amp;utm_content=related_content_link\" rel=\"nofollow noopener\" target=\"_blank\" data-ylk=\"slk:Grenoble : Un italien de 24 ans gravement bless\u00e9 par balle pr\u00e8s d\u2019un point de deal;elm:context_link;itc:0;sec:content-canvas\" class=\"link \">Grenoble : Un italien de 24 ans gravement bless\u00e9 par balle pr\u00e8s d\u2019un point de deal<\/a><br \/><a href=\"https:\/\/www.20minutes.fr\/societe\/4189591-20251204-cannabis-cocaine-ecstasy-principale-drogue-vendue-france?at_medium=RSS%20feed&amp;at_campaign=ynews&amp;utm_source=yahoo&amp;utm_medium=rss&amp;utm_campaign=news_feed&amp;utm_content=related_content_link\" rel=\"nofollow noopener\" target=\"_blank\" data-ylk=\"slk:Cannabis, coca\u00efne, ecstasy\u2026 Quelle est la principale drogue vendue en France ?;elm:context_link;itc:0;sec:content-canvas\" class=\"link \">Cannabis, coca\u00efne, ecstasy\u2026 Quelle est la principale drogue vendue en France ?<\/a><\/p>\n","protected":false},"excerpt":{"rendered":"trafic &#8211; Un homme de 38 ans a re\u00e7u un tir d\u2019arme \u00e0 feu dans la nuit de&hellip;\n","protected":false},"author":2,"featured_media":660565,"comment_status":"","ping_status":"","sticky":false,"template":"","format":"standard","meta":{"footnotes":""},"categories":[9566],"tags":[1111,11,2430,6195,1777,674,1011,27,2731,12,21348,25,887],"class_list":{"0":"post-660564","1":"post","2":"type-post","3":"status-publish","4":"format-standard","5":"has-post-thumbnail","7":"category-grenoble","8":"tag-actu","9":"tag-actualites","10":"tag-auvergne-rhone-alpes","11":"tag-balle","12":"tag-eu","13":"tag-europe","14":"tag-fr","15":"tag-france","16":"tag-grenoble","17":"tag-news","18":"tag-produits-stupefiants","19":"tag-republique-francaise","20":"tag-trafic-de-drogue"},"share_on_mastodon":{"url":"https:\/\/pubeurope.com\/@fr\/115887758668203342","error":""},"_links":{"self":[{"href":"https:\/\/www.europesays.com\/fr\/wp-json\/wp\/v2\/posts\/660564","targetHints":{"allow":["GET"]}}],"collection":[{"href":"https:\/\/www.europesays.com\/fr\/wp-json\/wp\/v2\/posts"}],"about":[{"href":"https:\/\/www.europesays.com\/fr\/wp-json\/wp\/v2\/types\/post"}],"author":[{"embeddable":true,"href":"https:\/\/www.europesays.com\/fr\/wp-json\/wp\/v2\/users\/2"}],"replies":[{"embeddable":true,"href":"https:\/\/www.europesays.com\/fr\/wp-json\/wp\/v2\/comments?post=660564"}],"version-history":[{"count":0,"href":"https:\/\/www.europesays.com\/fr\/wp-json\/wp\/v2\/posts\/660564\/revisions"}],"wp:featuredmedia":[{"embeddable":true,"href":"https:\/\/www.europesays.com\/fr\/wp-json\/wp\/v2\/media\/660565"}],"wp:attachment":[{"href":"https:\/\/www.europesays.com\/fr\/wp-json\/wp\/v2\/media?parent=660564"}],"wp:term":[{"taxonomy":"category","embeddable":true,"href":"https:\/\/www.europesays.com\/fr\/wp-json\/wp\/v2\/categories?post=660564"},{"taxonomy":"post_tag","embeddable":true,"href":"https:\/\/www.europesays.com\/fr\/wp-json\/wp\/v2\/tags?post=660564"}],"curies":[{"name":"wp","href":"https:\/\/api.w.org\/{rel}","templated":true}]}}