{"id":660568,"date":"2026-01-13T12:21:14","date_gmt":"2026-01-13T12:21:14","guid":{"rendered":"https:\/\/www.europesays.com\/fr\/660568\/"},"modified":"2026-01-13T12:21:14","modified_gmt":"2026-01-13T12:21:14","slug":"revivez-le-tirage-au-sort-des-16es-de-finale-de-la-coupe-gambardella-en-video","status":"publish","type":"post","link":"https:\/\/www.europesays.com\/fr\/660568\/","title":{"rendered":"Revivez le tirage au sort des 16es de finale de la Coupe Gambardella en vid\u00e9o"},"content":{"rendered":"<p>Le tirage au sort des 16es de finale de la Coupe Gambardella a \u00e9t\u00e9 effectu\u00e9 ce mardi, \u00e0 partir de 12 h, au si\u00e8ge de la F\u00e9d\u00e9ration fran\u00e7aise de football (FFF), \u00e0 Paris. Trois clubs bretons sont encore en lice : le Stade Brestois, <a href=\"https:\/\/footamateur.letelegramme.fr\/a-la-une\/coupe-gambardella-32es-de-finale-le-stade-brestois-se-qualifie-en-toute-logique-face-angers-6960549.php\" target=\"_blank\" rel=\"noopener\">vainqueur d\u2019Angers en 32es<\/a> (2-0), En Avant Guingamp, <a href=\"https:\/\/footamateur.letelegramme.fr\/a-la-une\/coupe-gambardella-32es-de-finale-malgre-une-bonne-resistance-le-landerneau-fc-sincline-face-a-lea-guingamp-6960532.php\" target=\"_blank\" rel=\"noopener\">qui s\u2019est impos\u00e9 \u00e0 Landerneau<\/a> (0-1), et le Stade Rennais, qui a \u00e9cras\u00e9 Ch\u00e2teauroux (0-8).<\/p>\n","protected":false},"excerpt":{"rendered":"Le tirage au sort des 16es de finale de la Coupe Gambardella a \u00e9t\u00e9 effectu\u00e9 ce mardi, \u00e0&hellip;\n","protected":false},"author":2,"featured_media":660569,"comment_status":"","ping_status":"","sticky":false,"template":"","format":"standard","meta":{"footnotes":""},"categories":[2821],"tags":[328,1111,11,829,24948,9594,1777,674,1011,27,12,584,25,8020,43500],"class_list":{"0":"post-660568","1":"post","2":"type-post","3":"status-publish","4":"format-standard","5":"has-post-thumbnail","7":"category-rennes","8":"tag-a-la-une","9":"tag-actu","10":"tag-actualites","11":"tag-bretagne","12":"tag-coupe-gambardella","13":"tag-en-avant-guingamp","14":"tag-eu","15":"tag-europe","16":"tag-fr","17":"tag-france","18":"tag-news","19":"tag-rennes","20":"tag-republique-francaise","21":"tag-stade-brestois-29","22":"tag-stade-rennais-fc"},"share_on_mastodon":{"url":"https:\/\/pubeurope.com\/@fr\/115887766645739542","error":""},"_links":{"self":[{"href":"https:\/\/www.europesays.com\/fr\/wp-json\/wp\/v2\/posts\/660568","targetHints":{"allow":["GET"]}}],"collection":[{"href":"https:\/\/www.europesays.com\/fr\/wp-json\/wp\/v2\/posts"}],"about":[{"href":"https:\/\/www.europesays.com\/fr\/wp-json\/wp\/v2\/types\/post"}],"author":[{"embeddable":true,"href":"https:\/\/www.europesays.com\/fr\/wp-json\/wp\/v2\/users\/2"}],"replies":[{"embeddable":true,"href":"https:\/\/www.europesays.com\/fr\/wp-json\/wp\/v2\/comments?post=660568"}],"version-history":[{"count":0,"href":"https:\/\/www.europesays.com\/fr\/wp-json\/wp\/v2\/posts\/660568\/revisions"}],"wp:featuredmedia":[{"embeddable":true,"href":"https:\/\/www.europesays.com\/fr\/wp-json\/wp\/v2\/media\/660569"}],"wp:attachment":[{"href":"https:\/\/www.europesays.com\/fr\/wp-json\/wp\/v2\/media?parent=660568"}],"wp:term":[{"taxonomy":"category","embeddable":true,"href":"https:\/\/www.europesays.com\/fr\/wp-json\/wp\/v2\/categories?post=660568"},{"taxonomy":"post_tag","embeddable":true,"href":"https:\/\/www.europesays.com\/fr\/wp-json\/wp\/v2\/tags?post=660568"}],"curies":[{"name":"wp","href":"https:\/\/api.w.org\/{rel}","templated":true}]}}