{"id":660590,"date":"2026-01-13T12:35:09","date_gmt":"2026-01-13T12:35:09","guid":{"rendered":"https:\/\/www.europesays.com\/fr\/660590\/"},"modified":"2026-01-13T12:35:09","modified_gmt":"2026-01-13T12:35:09","slug":"marseille-fos-veut-reprendre-sa-place-dans-la-bataille-europeenne-des-conteneurs","status":"publish","type":"post","link":"https:\/\/www.europesays.com\/fr\/660590\/","title":{"rendered":"Marseille Fos veut reprendre sa place dans la bataille europ\u00e9enne des conteneurs"},"content":{"rendered":"<p>Au-del\u00e0 du trafic maritime, Fos 3XL se veut un acc\u00e9l\u00e9rateur pour l&rsquo;\u00e9cosyst\u00e8me logistique r\u00e9gional. Le projet devrait g\u00e9n\u00e9rer, sur une vingtaine d&rsquo;ann\u00e9es, environ 1 000 emplois, dont une centaine directement portuaires et pr\u00e8s de 850 dans le transport et la logistique. Le port mise \u00e9galement sur son positionnement g\u00e9ographique, au d\u00e9bouch\u00e9 du corridor Rh\u00f4ne-Sa\u00f4ne, pour renforcer le report modal. \u00c0 terme, Fos 3XL entra\u00eenerait une haus&#8230;<\/p>\n","protected":false},"excerpt":{"rendered":"Au-del\u00e0 du trafic maritime, Fos 3XL se veut un acc\u00e9l\u00e9rateur pour l&rsquo;\u00e9cosyst\u00e8me logistique r\u00e9gional. Le projet devrait g\u00e9n\u00e9rer,&hellip;\n","protected":false},"author":2,"featured_media":660591,"comment_status":"","ping_status":"","sticky":false,"template":"","format":"standard","meta":{"footnotes":""},"categories":[2814],"tags":[5734,76233,1111,11,1446,33,1777,674,25762,1011,27,884,28162,12,5536,882,2860,25,9870],"class_list":{"0":"post-660590","1":"post","2":"type-post","3":"status-publish","4":"format-standard","5":"has-post-thumbnail","7":"category-marseille","8":"tag-5734","9":"tag-3xl","10":"tag-actu","11":"tag-actualites","12":"tag-dans","13":"tag-economie","14":"tag-eu","15":"tag-europe","16":"tag-fos","17":"tag-fr","18":"tag-france","19":"tag-marseille","20":"tag-marseille-fos","21":"tag-news","22":"tag-place","23":"tag-provence-alpes-cote-dazur","24":"tag-reprendre","25":"tag-republique-francaise","26":"tag-veut"},"share_on_mastodon":{"url":"https:\/\/pubeurope.com\/@fr\/115887821614114659","error":""},"_links":{"self":[{"href":"https:\/\/www.europesays.com\/fr\/wp-json\/wp\/v2\/posts\/660590","targetHints":{"allow":["GET"]}}],"collection":[{"href":"https:\/\/www.europesays.com\/fr\/wp-json\/wp\/v2\/posts"}],"about":[{"href":"https:\/\/www.europesays.com\/fr\/wp-json\/wp\/v2\/types\/post"}],"author":[{"embeddable":true,"href":"https:\/\/www.europesays.com\/fr\/wp-json\/wp\/v2\/users\/2"}],"replies":[{"embeddable":true,"href":"https:\/\/www.europesays.com\/fr\/wp-json\/wp\/v2\/comments?post=660590"}],"version-history":[{"count":0,"href":"https:\/\/www.europesays.com\/fr\/wp-json\/wp\/v2\/posts\/660590\/revisions"}],"wp:featuredmedia":[{"embeddable":true,"href":"https:\/\/www.europesays.com\/fr\/wp-json\/wp\/v2\/media\/660591"}],"wp:attachment":[{"href":"https:\/\/www.europesays.com\/fr\/wp-json\/wp\/v2\/media?parent=660590"}],"wp:term":[{"taxonomy":"category","embeddable":true,"href":"https:\/\/www.europesays.com\/fr\/wp-json\/wp\/v2\/categories?post=660590"},{"taxonomy":"post_tag","embeddable":true,"href":"https:\/\/www.europesays.com\/fr\/wp-json\/wp\/v2\/tags?post=660590"}],"curies":[{"name":"wp","href":"https:\/\/api.w.org\/{rel}","templated":true}]}}