{"id":660594,"date":"2026-01-13T12:37:15","date_gmt":"2026-01-13T12:37:15","guid":{"rendered":"https:\/\/www.europesays.com\/fr\/660594\/"},"modified":"2026-01-13T12:37:15","modified_gmt":"2026-01-13T12:37:15","slug":"vents-violents-a-lyon-les-parcs-et-les-cimetieres-fermes-jusqua-nouvel-ordre","status":"publish","type":"post","link":"https:\/\/www.europesays.com\/fr\/660594\/","title":{"rendered":"Vents violents \u00e0 Lyon : les parcs et les cimeti\u00e8res ferm\u00e9s jusqu&rsquo;\u00e0 nouvel ordre"},"content":{"rendered":"<p>De fortes bourrasques sont attendues ce mardi 13 janvier 2026 \u00e0 Lyon. Les parcs et les cimeti\u00e8res vont rester ferm\u00e9s par mesure de pr\u00e9caution.<\/p>\n<p>Attention, \u00e7a va souffler \u00e0 Lyon !\u00a0<b>Des rafales sup\u00e9rieures \u00e0 70 km\/h <\/b>sont attendues ce mardi.\u00a0<\/p>\n<p>Fermeture jusqu&rsquo;\u00e0 nouvel ordre<\/p>\n<p>Par mesure de pr\u00e9caution, la ville de Lyon annonce sur les r\u00e9seaux sociaux que <b>les parcs et les cimeti\u00e8res resteront ferm\u00e9s \u00e0 partir de 11h et jusqu&rsquo;\u00e0 nouvel ordre.\u00a0<\/b><br \/>Le d\u00e9partement du Rh\u00f4ne a \u00e9t\u00e9 <a class=\"url\" href=\"https:\/\/meteofrance.com\/\" target=\"_blank\" rel=\"noopener\">plac\u00e9 en vigilance jaune par M\u00e9t\u00e9o France<\/a>.<img loading=\"lazy\" decoding=\"async\" src=\"https:\/\/www.europesays.com\/fr\/wp-content\/uploads\/2026\/01\/1768307835_565_img.jpeg\" width=\"350\" height=\"200\" border=\"0\" title=\"Une branche gel\u00c3\u00a9e\"\/><\/p>\n<p>\u25baSoci\u00e9t\u00e9<\/p>\n<p style=\"font-size: 22px;\"><b>Le plan grand froid lev\u00e9 dans le Rh\u00f4ne et en Is\u00e8re<\/b><\/p>\n<p>Le plan grand froid lanc\u00e9 fin d\u00e9cembre dans le&#8230;<\/p>\n<p><\/p>\n","protected":false},"excerpt":{"rendered":"De fortes bourrasques sont attendues ce mardi 13 janvier 2026 \u00e0 Lyon. Les parcs et les cimeti\u00e8res vont&hellip;\n","protected":false},"author":2,"featured_media":660595,"comment_status":"","ping_status":"","sticky":false,"template":"","format":"standard","meta":{"footnotes":""},"categories":[1889],"tags":[1111,11,2430,76234,1777,674,13407,1011,27,2428,24017,12,24545,25,7919],"class_list":{"0":"post-660594","1":"post","2":"type-post","3":"status-publish","4":"format-standard","5":"has-post-thumbnail","7":"category-lyon","8":"tag-actu","9":"tag-actualites","10":"tag-auvergne-rhone-alpes","11":"tag-cimetires","12":"tag-eu","13":"tag-europe","14":"tag-fermeture","15":"tag-fr","16":"tag-france","17":"tag-lyon","18":"tag-mto","19":"tag-news","20":"tag-parcs","21":"tag-republique-francaise","22":"tag-vent"},"share_on_mastodon":{"url":"https:\/\/pubeurope.com\/@fr\/115887829558549415","error":""},"_links":{"self":[{"href":"https:\/\/www.europesays.com\/fr\/wp-json\/wp\/v2\/posts\/660594","targetHints":{"allow":["GET"]}}],"collection":[{"href":"https:\/\/www.europesays.com\/fr\/wp-json\/wp\/v2\/posts"}],"about":[{"href":"https:\/\/www.europesays.com\/fr\/wp-json\/wp\/v2\/types\/post"}],"author":[{"embeddable":true,"href":"https:\/\/www.europesays.com\/fr\/wp-json\/wp\/v2\/users\/2"}],"replies":[{"embeddable":true,"href":"https:\/\/www.europesays.com\/fr\/wp-json\/wp\/v2\/comments?post=660594"}],"version-history":[{"count":0,"href":"https:\/\/www.europesays.com\/fr\/wp-json\/wp\/v2\/posts\/660594\/revisions"}],"wp:featuredmedia":[{"embeddable":true,"href":"https:\/\/www.europesays.com\/fr\/wp-json\/wp\/v2\/media\/660595"}],"wp:attachment":[{"href":"https:\/\/www.europesays.com\/fr\/wp-json\/wp\/v2\/media?parent=660594"}],"wp:term":[{"taxonomy":"category","embeddable":true,"href":"https:\/\/www.europesays.com\/fr\/wp-json\/wp\/v2\/categories?post=660594"},{"taxonomy":"post_tag","embeddable":true,"href":"https:\/\/www.europesays.com\/fr\/wp-json\/wp\/v2\/tags?post=660594"}],"curies":[{"name":"wp","href":"https:\/\/api.w.org\/{rel}","templated":true}]}}