{"id":660610,"date":"2026-01-13T12:46:11","date_gmt":"2026-01-13T12:46:11","guid":{"rendered":"https:\/\/www.europesays.com\/fr\/660610\/"},"modified":"2026-01-13T12:46:11","modified_gmt":"2026-01-13T12:46:11","slug":"ukraine-un-conflit-plus-long-que-la-guerre-germano-sovietique","status":"publish","type":"post","link":"https:\/\/www.europesays.com\/fr\/660610\/","title":{"rendered":"Ukraine : un conflit plus long que la guerre germano-sovi\u00e9tique"},"content":{"rendered":"<p>Sur Facebook, l&rsquo;historien Ivan Kourilla s&rsquo;inqui\u00e8te pour la jeunesse russe qui va grandir pendant la guerre : <\/p>\n<blockquote>\n<p>\u00abDans les commentaires, la Grande guerre du Nord, qui avait dur\u00e9 21 ans [1700\u20131721], est d\u00e9j\u00e0 \u00e9voqu\u00e9e comme nouvelle r\u00e9f\u00e9rence. Au-del\u00e0 des morts et des destructions quotidiennes, c&rsquo;est toute une g\u00e9n\u00e9ration qui grandit dans des conditions de guerre. J&rsquo;avais 18 ans lorsque Gorbatchev a repris les r\u00eanes de l&rsquo;Union sovi\u00e9tique, et les six ann\u00e9es de son administration ont \u00e9t\u00e9 une p\u00e9riode importante de mon d\u00e9veloppement et de la maturation de mes opinions. \u2026 Comment cette g\u00e9n\u00e9ration, qui grandit aujourd&rsquo;hui dans des conditions de guerre, de r\u00e9pression et de propagande \u00e9hont\u00e9e, entrera-t-elle dans la vie ? Sera-t-elle rebelle ou cynique ? Que fera-t-elle lorsque la guerre sera termin\u00e9e ?\u00bb<\/p>\n<\/blockquote>\n","protected":false},"excerpt":{"rendered":"Sur Facebook, l&rsquo;historien Ivan Kourilla s&rsquo;inqui\u00e8te pour la jeunesse russe qui va grandir pendant la guerre : \u00abDans&hellip;\n","protected":false},"author":2,"featured_media":660611,"comment_status":"","ping_status":"","sticky":false,"template":"","format":"standard","meta":{"footnotes":""},"categories":[1590],"tags":[11,1777,674,12,220],"class_list":{"0":"post-660610","1":"post","2":"type-post","3":"status-publish","4":"format-standard","5":"has-post-thumbnail","7":"category-ukraine","8":"tag-actualites","9":"tag-eu","10":"tag-europe","11":"tag-news","12":"tag-ukraine"},"share_on_mastodon":{"url":"https:\/\/pubeurope.com\/@fr\/115887864760761274","error":""},"_links":{"self":[{"href":"https:\/\/www.europesays.com\/fr\/wp-json\/wp\/v2\/posts\/660610","targetHints":{"allow":["GET"]}}],"collection":[{"href":"https:\/\/www.europesays.com\/fr\/wp-json\/wp\/v2\/posts"}],"about":[{"href":"https:\/\/www.europesays.com\/fr\/wp-json\/wp\/v2\/types\/post"}],"author":[{"embeddable":true,"href":"https:\/\/www.europesays.com\/fr\/wp-json\/wp\/v2\/users\/2"}],"replies":[{"embeddable":true,"href":"https:\/\/www.europesays.com\/fr\/wp-json\/wp\/v2\/comments?post=660610"}],"version-history":[{"count":0,"href":"https:\/\/www.europesays.com\/fr\/wp-json\/wp\/v2\/posts\/660610\/revisions"}],"wp:featuredmedia":[{"embeddable":true,"href":"https:\/\/www.europesays.com\/fr\/wp-json\/wp\/v2\/media\/660611"}],"wp:attachment":[{"href":"https:\/\/www.europesays.com\/fr\/wp-json\/wp\/v2\/media?parent=660610"}],"wp:term":[{"taxonomy":"category","embeddable":true,"href":"https:\/\/www.europesays.com\/fr\/wp-json\/wp\/v2\/categories?post=660610"},{"taxonomy":"post_tag","embeddable":true,"href":"https:\/\/www.europesays.com\/fr\/wp-json\/wp\/v2\/tags?post=660610"}],"curies":[{"name":"wp","href":"https:\/\/api.w.org\/{rel}","templated":true}]}}