{"id":660616,"date":"2026-01-13T12:49:22","date_gmt":"2026-01-13T12:49:22","guid":{"rendered":"https:\/\/www.europesays.com\/fr\/660616\/"},"modified":"2026-01-13T12:49:22","modified_gmt":"2026-01-13T12:49:22","slug":"la-france-et-lallemagne-veulent-lancer-un-nouvel-airbus-du-laser-militaire-grace-a-cette-co-entreprise-creee-par-mbda-rheinmetall","status":"publish","type":"post","link":"https:\/\/www.europesays.com\/fr\/660616\/","title":{"rendered":"La France et l&rsquo;Allemagne veulent lancer un nouvel \u00ab Airbus \u00bb du laser militaire gr\u00e2ce \u00e0 cette co-entreprise cr\u00e9\u00e9e par MBDA &#038; Rheinmetall"},"content":{"rendered":"<p><strong>Des lasers plut\u00f4t que des missiles : l\u2019Allemagne pr\u00e9pare une petite r\u00e9volution navale.<\/strong><\/p>\n<p>Berlin vient de valider une d\u00e9cision qui pourrait transformer durablement la d\u00e9fense navale europ\u00e9enne. Deux industriels majeurs, l\u2019allemand Rheinmetall et le consortium europ\u00e9en (dont le si\u00e8ge est en France) MBDA ont annonc\u00e9 la cr\u00e9ation prochaine d\u2019une coentreprise d\u00e9di\u00e9e aux armes laser militaires.<\/p>\n<p>Une structure industrielle, pens\u00e9e pour d\u00e9velopper, produire et livrer un syst\u00e8me op\u00e9rationnel, destin\u00e9 en priorit\u00e9 \u00e0 la marine allemande. La cr\u00e9ation de la soci\u00e9t\u00e9 devrait avoir lieu durant le premier trimestre 2026.<\/p>\n<p>Lire aussi :<\/p>\n<p>MBDA et Rheinmetall vont cr\u00e9er une entreprise exclusivement d\u00e9di\u00e9e aux armes laser militaires<\/p>\n<p>Depuis quelques ann\u00e9e, les menaces courtes port\u00e9es se multiplient pour les navires de guerre, et elles co\u00fbtent de moins en moins cher \u00e0 produire : drones a\u00e9riens, munitions r\u00f4deuses, essaims rapides etc<\/p>\n<p>Tirer un missile guid\u00e9 \u00e0 plusieurs centaines de milliers d\u2019euros pour neutraliser un drone qui en co\u00fbte quelques milliers n\u2019a plus beaucoup de sens.<\/p>\n<p>C\u2019est en ce sens que le laser a \u00e9t\u00e9 \u00e9tudi\u00e9 : une \u00e9nergie projet\u00e9e \u00e0 la vitesse de la lumi\u00e8re, sans munition classique, sans stock explosif, avec une pr\u00e9cision chirurgicale. Tant que le navire produit de l\u2019\u00e9lectricit\u00e9, il peut tirer.<\/p>\n<p>L\u2019Allemagne a choisi de ne plus attendre que la technologie m\u00fbrisse ailleurs.<\/p>\n<blockquote class=\"wp-embedded-content\" data-secret=\"HEZhEX7rLZ\">\n<p><a href=\"https:\/\/www.forum-militaire.fr\/la-france-est-bien-decidee-a-armer-jusquaux-dents-la-pologne-avec-un-nouvel-accord-qui-vise-a-produire-600-000-charges-modulaires-pour-obus-de-155-mm\/\" target=\"_blank\" rel=\"noopener\">La France est bien d\u00e9cid\u00e9e \u00e0 armer \u00ab jusqu\u2019aux dents \u00bb la Pologne avec un nouvel accord qui vise \u00e0 produire 600 000 charges modulaires pour obus de 155 mm<\/a><\/p>\n<\/blockquote>\n<p>Un syst\u00e8me d\u00e9j\u00e0 \u00e9prouv\u00e9 en mer, pas un concept de laboratoire<\/p>\n<p>Le syst\u00e8me a d\u00e9j\u00e0 \u00e9t\u00e9 test\u00e9 pendant un an en conditions r\u00e9elles, embarqu\u00e9 sur un b\u00e2timent de la marine allemande. Plus de 100 essais de poursuite et de tir, sur des cibles vari\u00e9es, y compris sans point d\u2019appui visuel sur le relief ou l\u2019horizon.<\/p>\n<p>Le laser est capable de suivre de mani\u00e8re stable une cible de la taille d\u2019une pi\u00e8ce de un euro, \u00e0 longue distance, malgr\u00e9 le roulis, les vibrations, l\u2019humidit\u00e9, les turbulences atmosph\u00e9riques.<\/p>\n<p>La pr\u00e9cision est telle que l\u2019\u00e9nergie peut \u00eatre concentr\u00e9e exactement sur la cible, sans d\u00e9passement, limitant fortement les dommages collat\u00e9raux. Pour une marine op\u00e9rant souvent pr\u00e8s des c\u00f4tes, des ports ou des routes commerciales, cet argument p\u00e8se lourd.<\/p>\n<p><a href=\"https:\/\/www.forum-militaire.fr\/wp-content\/uploads\/2099\/01\/Fiche-technique-le-char-turc-Altay-32.jpg\" target=\"_blank\" rel=\"noopener\"><\/p>\n<p><img loading=\"lazy\" decoding=\"async\" src=\"data:image\/svg+xml,%3Csvg%20xmlns=\" http:=\"\" alt=\"La co-entreprise entre MBDA et Rheinmetall sera une GmbH, \u00e9quivalent allemand de la SARL fran\u00e7aise.\" width=\"1024\" height=\"683\" data-lazy- data-lazy- data-lazy-src=\"https:\/\/www.europesays.com\/fr\/wp-content\/uploads\/2026\/01\/Fiche-technique-le-char-turc-Altay-32-1024x683.jpg\"\/><\/p>\n<p><\/a>La co-entreprise entre MBDA et Rheinmetall sera une GmbH, \u00e9quivalent allemand de la SARL fran\u00e7aise.<br \/>\nUne coentreprise pour aller vite et garder la main<\/p>\n<p>La d\u00e9cision de cr\u00e9er une GmbH de droit allemand (\u00e9quivalent de notre SARL)\u00a0n\u2019est pas neutre. Elle permet de r\u00e9unir, sous une m\u00eame structure, les comp\u00e9tences compl\u00e9mentaires des deux groupes. Rheinmetall apporte sa ma\u00eetrise des syst\u00e8mes d\u2019armes et de l\u2019int\u00e9gration navale. MBDA apporte son expertise des capteurs, de la conduite de tir et des architectures complexes.<\/p>\n<p>L\u2019objectif est de conserver la technologie en Allemagne, s\u00e9curiser la cha\u00eene d\u2019approvisionnement, cr\u00e9er et maintenir des emplois sur le long terme. Dans un contexte de tensions industrielles et de d\u00e9pendances critiques, ce choix rel\u00e8ve autant de la souverainet\u00e9 que de la performance.<\/p>\n<p>De la mer vers la terre, m\u00eame logique, autres usages<\/p>\n<p>Le laser en version \u00ab navale \u00bb ne sera que le d\u00e9but pour la future entreprise. Le syst\u00e8me test\u00e9 en mer servira de base \u00e0 des applications terrestres, notamment pour la lutte anti-drones autour d\u2019infrastructures sensibles.<\/p>\n<p>Apr\u00e8s sa campagne d\u2019essais embarqu\u00e9e, le d\u00e9monstrateur a \u00e9t\u00e9 transf\u00e9r\u00e9 au centre d\u2019essais WTD 91 \u00e0 Meppen, r\u00e9f\u00e9rence allemande en mati\u00e8re d\u2019armement. Il y est de nouveau op\u00e9rationnel, utilis\u00e9 pour affiner les sc\u00e9narios, valider la robustesse, et adapter le syst\u00e8me \u00e0 d\u2019autres environnements.<\/p>\n<p>La logique est la m\u00eame : d\u00e9tection rapide, neutralisation pr\u00e9cise, co\u00fbt ma\u00eetris\u00e9.<\/p>\n<p>Le laser militaire n\u2019est plus une id\u00e9e neuve, mais peu savent le rendre op\u00e9rationnel<\/p>\n<p>L\u2019Allemagne n\u2019arrive pas sur un terrain vierge. D\u2019autres puissances travaillent sur les armes laser depuis plus de quinze ans, souvent pouss\u00e9es par la m\u00eame \u00e9quation : des drones de plus en plus nombreux face \u00e0 des munitions classiques de plus en plus co\u00fbteuses. Aux \u00c9tats-Unis, plusieurs syst\u00e8mes existent d\u00e9j\u00e0, test\u00e9s en mer comme \u00e0 terre, avec des puissances d\u00e9passant parfois les 100 kilowatts.<\/p>\n<p>En Isra\u00ebl, le laser est pens\u00e9 comme un compl\u00e9ment direct au D\u00f4me de Fer, pour intercepter roquettes et drones \u00e0 tr\u00e8s courte port\u00e9e. Le Royaume-Uni et la Chine avancent aussi, chacun avec sa philosophie, ses d\u00e9monstrateurs et ses limites industrielles.<\/p>\n<p>La diff\u00e9rence tient rarement \u00e0 la puissance annonc\u00e9e. Elle se joue sur la stabilit\u00e9 du faisceau, la capacit\u00e9 \u00e0 suivre une cible mobile en environnement r\u00e9el, l\u2019int\u00e9gration au syst\u00e8me de combat du navire, et surtout la capacit\u00e9 \u00e0 produire en s\u00e9rie. C\u2019est pr\u00e9cis\u00e9ment sur ce terrain que la coentreprise Rheinmetall\u2013MBDA entend se positionner : moins de promesses, plus de syst\u00e8mes qualifi\u00e9s, livrables, et utilisables par une marine op\u00e9rationnelle.<\/p>\n<blockquote class=\"wp-embedded-content\" data-secret=\"WFM2RL3TGx\">\n<p><a href=\"https:\/\/www.forum-militaire.fr\/la-france-donne-une-lecon-au-reste-de-loccident-en-sortant-avec-un-an-davance-sur-son-ambitieux-programme-de-remplacement-de-ses-sna-barracuda\/\" target=\"_blank\" rel=\"noopener\">La France donne une le\u00e7on au reste de l\u2019occident en sortant avec un an d\u2019avance son ambitieux programme de remplacement de ses SNA : Barracuda<\/a><\/p>\n<\/blockquote>\n<p>Armes laser militaires de type naval \/ anti-drone dans le monde (\u00e9tat fin 2025)<\/p>\n<tr>\n<td><strong>Pays<\/strong><\/td>\n<td><strong>Entreprise<\/strong><\/td>\n<td><strong>Nom du syst\u00e8me<\/strong><\/td>\n<td><strong>Puissance annonc\u00e9e<\/strong><\/td>\n<td><strong>Plateforme cible<\/strong><\/td>\n<td><strong>Niveau de maturit\u00e9<\/strong><\/td>\n<td><strong>Usage principal<\/strong><\/td>\n<td><strong>Points diff\u00e9renciants<\/strong><\/td>\n<\/tr>\n<tr>\n<td><strong>Allemagne<\/strong><\/td>\n<td><strong>Rheinmetall \/ MBDA<\/strong><\/td>\n<td>Naval High Energy Laser (HEL)<\/td>\n<td>50 \u00e0 100 kW (modulaire)<\/td>\n<td>Fr\u00e9gates, corvettes<\/td>\n<td>Test\u00e9 en mer 12 mois, &gt;100 tirs<\/td>\n<td>Anti-drone, cibles a\u00e9riennes rapides<\/td>\n<td>Stabilit\u00e9 du faisceau en environnement maritime r\u00e9el, int\u00e9gration CMS<\/td>\n<\/tr>\n<tr>\n<td><strong>\u00c9tats-Unis<\/strong><\/td>\n<td><strong>Lockheed Martin<\/strong><\/td>\n<td>HELIOS<\/td>\n<td>~60 kW<\/td>\n<td>Destroyers Arleigh Burke<\/td>\n<td>D\u00e9ploy\u00e9 \u00e0 bord (USS Preble)<\/td>\n<td>Anti-drone, ISR, \u00e9blouissement capteurs<\/td>\n<td>Premi\u00e8re int\u00e9gration op\u00e9rationnelle US Navy<\/td>\n<\/tr>\n<tr>\n<td><strong>\u00c9tats-Unis<\/strong><\/td>\n<td><strong>Northrop Grumman<\/strong><\/td>\n<td>M-SHORAD HEL<\/td>\n<td>50 kW<\/td>\n<td>V\u00e9hicules terrestres<\/td>\n<td>Essais op\u00e9rationnels<\/td>\n<td>Anti-drone courte port\u00e9e<\/td>\n<td>Int\u00e9gration mobile, d\u00e9fense de point<\/td>\n<\/tr>\n<tr>\n<td><strong>Isra\u00ebl<\/strong><\/td>\n<td><strong>Rafael<\/strong><\/td>\n<td>Iron Beam<\/td>\n<td>~100 kW<\/td>\n<td>Terrestre (fixe et mobile)<\/td>\n<td>Pr\u00e9-op\u00e9rationnel<\/td>\n<td>Roquettes, drones, mortiers<\/td>\n<td>Compl\u00e9ment du D\u00f4me de Fer, tir \u00e0 co\u00fbt quasi nul<\/td>\n<\/tr>\n<tr>\n<td><strong>Royaume-Uni<\/strong><\/td>\n<td><strong>BAE Systems<\/strong><\/td>\n<td>DragonFire<\/td>\n<td>~50 kW<\/td>\n<td>Naval et terrestre<\/td>\n<td>D\u00e9monstrateur avanc\u00e9<\/td>\n<td>Anti-drone, cibles a\u00e9riennes<\/td>\n<td>Tr\u00e8s haute pr\u00e9cision optique, faible dispersion<\/td>\n<\/tr>\n<tr>\n<td><strong>Chine<\/strong><\/td>\n<td>Industrie d\u2019\u00c9tat<\/td>\n<td>LW-30 \/ \u00e9quivalents navals<\/td>\n<td>Non communiqu\u00e9 (estim\u00e9 &gt;50 kW)<\/td>\n<td>Terrestre, naval<\/td>\n<td>Capacit\u00e9s revendiqu\u00e9es<\/td>\n<td>Anti-drone, d\u00e9fense de site<\/td>\n<td>Peu de donn\u00e9es publiques, doctrine saturation<\/td>\n<\/tr>\n<tr>\n<td><strong>France<\/strong><\/td>\n<td><strong>CILAS<\/strong> \/ <strong>Thales<\/strong><\/td>\n<td>HELMA-P \/ d\u00e9monstrateurs navals<\/td>\n<td>20 \u00e0 40 kW<\/td>\n<td>Terrestre \/ essais navals<\/td>\n<td>D\u00e9ploy\u00e9 JO 2024, essais mer<\/td>\n<td>Anti-drone courte port\u00e9e<\/td>\n<td>Maturit\u00e9 terrestre, naval encore en mont\u00e9e<\/td>\n<\/tr>\n<p>\u00a0<\/p>\n<p>Source : Rheinmetall &amp;MBDA<\/p>\n<p>\u00a0<\/p>\n","protected":false},"excerpt":{"rendered":"Des lasers plut\u00f4t que des missiles : l\u2019Allemagne pr\u00e9pare une petite r\u00e9volution navale. Berlin vient de valider une&hellip;\n","protected":false},"author":2,"featured_media":660617,"comment_status":"","ping_status":"","sticky":false,"template":"","format":"standard","meta":{"footnotes":""},"categories":[1587],"tags":[11,672,1804,1805,1803,1777,674,1801,12,1802],"class_list":{"0":"post-660616","1":"post","2":"type-post","3":"status-publish","4":"format-standard","5":"has-post-thumbnail","7":"category-allemagne","8":"tag-actualites","9":"tag-allemagne","10":"tag-bundesrepublik-deutschland","11":"tag-de","12":"tag-deutschland","13":"tag-eu","14":"tag-europe","15":"tag-germany","16":"tag-news","17":"tag-republique-federale-dallemagne"},"share_on_mastodon":{"url":"https:\/\/pubeurope.com\/@fr\/115887876621335841","error":""},"_links":{"self":[{"href":"https:\/\/www.europesays.com\/fr\/wp-json\/wp\/v2\/posts\/660616","targetHints":{"allow":["GET"]}}],"collection":[{"href":"https:\/\/www.europesays.com\/fr\/wp-json\/wp\/v2\/posts"}],"about":[{"href":"https:\/\/www.europesays.com\/fr\/wp-json\/wp\/v2\/types\/post"}],"author":[{"embeddable":true,"href":"https:\/\/www.europesays.com\/fr\/wp-json\/wp\/v2\/users\/2"}],"replies":[{"embeddable":true,"href":"https:\/\/www.europesays.com\/fr\/wp-json\/wp\/v2\/comments?post=660616"}],"version-history":[{"count":0,"href":"https:\/\/www.europesays.com\/fr\/wp-json\/wp\/v2\/posts\/660616\/revisions"}],"wp:featuredmedia":[{"embeddable":true,"href":"https:\/\/www.europesays.com\/fr\/wp-json\/wp\/v2\/media\/660617"}],"wp:attachment":[{"href":"https:\/\/www.europesays.com\/fr\/wp-json\/wp\/v2\/media?parent=660616"}],"wp:term":[{"taxonomy":"category","embeddable":true,"href":"https:\/\/www.europesays.com\/fr\/wp-json\/wp\/v2\/categories?post=660616"},{"taxonomy":"post_tag","embeddable":true,"href":"https:\/\/www.europesays.com\/fr\/wp-json\/wp\/v2\/tags?post=660616"}],"curies":[{"name":"wp","href":"https:\/\/api.w.org\/{rel}","templated":true}]}}