{"id":660627,"date":"2026-01-13T13:02:22","date_gmt":"2026-01-13T13:02:22","guid":{"rendered":"https:\/\/www.europesays.com\/fr\/660627\/"},"modified":"2026-01-13T13:02:22","modified_gmt":"2026-01-13T13:02:22","slug":"cc-championnat-de-france-u19-femmes-classement-actualite","status":"publish","type":"post","link":"https:\/\/www.europesays.com\/fr\/660627\/","title":{"rendered":"CC &#8211; Championnat de France &#8211; U19 Femmes : Classement &#8211; Actualit\u00e9"},"content":{"rendered":"<p>                                                                    <img decoding=\"async\" src=\"https:\/\/www.europesays.com\/fr\/wp-content\/uploads\/2026\/01\/69637eb7438ce.jpg\" height=\"auto\" loading=\"lazy\"\/><br \/>\n                                                                    Cr\u00e9dit photo Alexis Dancerelle \/ DirectVelo<\/p>\n<p class=\"images-caption\">Cr\u00e9dit photo Alexis Dancerelle \/ DirectVelo<\/p>\n<p class=\"metadata\">\n            Par<br \/>\n        <strong class=\"text-black\">NICOLAS BERRIEGTS<\/strong><br \/>\n                    <br \/>Le<br \/>\n    11 janvier 2026, 11:41<\/p>\n<p style=\"text-align: justify;\">Lise Revol (Grand Est) a remport\u00e9, ce dimanche, \u00e0 Troyes (Aube), le Championnat de France U19 Femmes de cyclo-cross. La Championne du Monde a devanc\u00e9 Z\u00e9lie Lambert (Bourgogne-Franche-Comt\u00e9) et Laly Pichon (Bretagne).<\/p>\n<p style=\"text-align: justify;\">Lise Revol conserve ainsi son titre de Championne de France.<\/p>\n<p><strong>Classement :<\/strong><br \/>1. REVOL Lise GRAND EST en 36&rsquo;49\u00a0\u00bb<br \/>2. LAMBERT Z\u00e9lie BOURGOGNE FRANCHE COMTE +0:13<br \/>3. PICHON Laly BRETAGNE +0:36<br \/>4. BASSET Camille BRETAGNE +01:05<br \/>5. ELIZALDE Lucie GRAND EST +01:41<br \/>6. AGUIRRE LAVIN L\u00e9a PAYS DE LA LOIRE +01:50<br \/>7. BAUD Justine AUVERGNE-RHONE-ALPES +02:45<br \/>8. JURADO ROUMIEUX No\u00e9mie NOUVELLE AQUITAINE +02:50<br \/>9. OMPRARET Justine OCCITANIE +03:12<br \/>10. VILLAR THIERY Faustine HAUTS DE FRANCE +03:16<br \/>11. VAXILLAIRE Nolwenn BOURGOGNE FRANCHE COMTE +03:33<br \/>12. BOURDON Lena REGION SUD +04:04<br \/>13. LEBRETON Eloane BRETAGNE +04:44<br \/>14. AUVRAY Jade NORMANDIE +05:07<br \/>15. MARTINET Ana\u00efs AUVERGNE-RHONE-ALPES +05:17<br \/>16. MARTINET No\u00e9mie AUVERGNE-RHONE-ALPES +06:09<br \/>17. DUCHEMIN Elisa NORMANDIE +06:36<br \/>18. SALENBIER Iris GRAND EST +07:14<br \/>19. SERMONET Jade AUVERGNE-RHONE-ALPES +07:16<br \/>20. DEWAELE Nikki AUVERGNE-RHONE-ALPES +07:20<br \/>21. MARCHESAN In\u00e9s GRAND EST +07:30<br \/>22. DOLLE Elisa HAUTS DE FRANCE +09:02<br \/>23. MAIREY Aylin BOURGOGNE FRANCHE COMTE +09:33<br \/>24. RICHER Margot OCCITANIE +09:41<br \/>25. LE CAVIL Kenza BRETAGNE +09:50<br \/>26. BLANCHET Anna AUVERGNE-RHONE-ALPES +10:30<br \/>27. THUREL C\u00e9lia BOURGOGNE FRANCHE COMTE + 1 tour<br \/>\u00a0 \u00a0 \u00a0<br \/><strong>Abandons :<\/strong><br \/>SPARFEL Ana\u00eblle GRAND EST \u00a0<br \/>HENRION Claire GRAND EST<br \/>Remerciements \u00e0 Fr\u00e9d\u00e9ric Lafargue &#8211; <a href=\"http:\/\/www.stsport.fr\" target=\"_blank\" rel=\"noopener\">www.stsport.fr<\/a>\u00a0<\/p>\n<p>            En savoir plus : coureurs et \u00e9quipes associ\u00e9s<\/p>\n<p>                Coureurs<\/p>\n<p>                    <img decoding=\"async\" src=\"https:\/\/www.europesays.com\/fr\/wp-content\/uploads\/2025\/12\/6379eef47c115.JPG\" height=\"auto\" loading=\"lazy\"\/><\/p>\n<p>                            Portrait de Lise REVOL<\/p>\n<p>                \u00c9quipes<\/p>\n","protected":false},"excerpt":{"rendered":"Cr\u00e9dit photo Alexis Dancerelle \/ DirectVelo Cr\u00e9dit photo Alexis Dancerelle \/ DirectVelo Par NICOLAS BERRIEGTS Le 11 janvier&hellip;\n","protected":false},"author":2,"featured_media":660628,"comment_status":"","ping_status":"","sticky":false,"template":"","format":"standard","meta":{"footnotes":""},"categories":[1411],"tags":[834,828,836,829,837,827,83,826,824,823,1154,207,814,817,815,816,822,821,832,211,839,1011,27,820,818,819,835,831,830,833,838,60,212,208,825],"class_list":{"0":"post-660627","1":"post","2":"type-post","3":"status-publish","4":"format-standard","5":"has-post-thumbnail","7":"category-cyclisme","8":"tag-attaque","9":"tag-belgique","10":"tag-braquet","11":"tag-bretagne","12":"tag-chute","13":"tag-competition","14":"tag-coupe-de-france","15":"tag-coureur","16":"tag-course-cyclisme","17":"tag-course-cycliste","18":"tag-cycling","19":"tag-cyclisme","20":"tag-direct","21":"tag-direct-velo","22":"tag-directvelo","23":"tag-directvelo-com","24":"tag-epreuve","25":"tag-epreuve-cycliste","26":"tag-federation-francaise-de-cyclisme","27":"tag-ffc","28":"tag-flandres","29":"tag-fr","30":"tag-france","31":"tag-live","32":"tag-live-course","33":"tag-live-epreuve","34":"tag-peloton","35":"tag-radio-peloton","36":"tag-radio-tour","37":"tag-ravitaillement","38":"tag-relance","39":"tag-sports","40":"tag-uci","41":"tag-velo","42":"tag-velos"},"share_on_mastodon":{"url":"https:\/\/pubeurope.com\/@fr\/115887927871985222","error":""},"_links":{"self":[{"href":"https:\/\/www.europesays.com\/fr\/wp-json\/wp\/v2\/posts\/660627","targetHints":{"allow":["GET"]}}],"collection":[{"href":"https:\/\/www.europesays.com\/fr\/wp-json\/wp\/v2\/posts"}],"about":[{"href":"https:\/\/www.europesays.com\/fr\/wp-json\/wp\/v2\/types\/post"}],"author":[{"embeddable":true,"href":"https:\/\/www.europesays.com\/fr\/wp-json\/wp\/v2\/users\/2"}],"replies":[{"embeddable":true,"href":"https:\/\/www.europesays.com\/fr\/wp-json\/wp\/v2\/comments?post=660627"}],"version-history":[{"count":0,"href":"https:\/\/www.europesays.com\/fr\/wp-json\/wp\/v2\/posts\/660627\/revisions"}],"wp:featuredmedia":[{"embeddable":true,"href":"https:\/\/www.europesays.com\/fr\/wp-json\/wp\/v2\/media\/660628"}],"wp:attachment":[{"href":"https:\/\/www.europesays.com\/fr\/wp-json\/wp\/v2\/media?parent=660627"}],"wp:term":[{"taxonomy":"category","embeddable":true,"href":"https:\/\/www.europesays.com\/fr\/wp-json\/wp\/v2\/categories?post=660627"},{"taxonomy":"post_tag","embeddable":true,"href":"https:\/\/www.europesays.com\/fr\/wp-json\/wp\/v2\/tags?post=660627"}],"curies":[{"name":"wp","href":"https:\/\/api.w.org\/{rel}","templated":true}]}}