{"id":660629,"date":"2026-01-13T13:03:09","date_gmt":"2026-01-13T13:03:09","guid":{"rendered":"https:\/\/www.europesays.com\/fr\/660629\/"},"modified":"2026-01-13T13:03:09","modified_gmt":"2026-01-13T13:03:09","slug":"aston-villa-soffre-la-pepite-brian-madjo","status":"publish","type":"post","link":"https:\/\/www.europesays.com\/fr\/660629\/","title":{"rendered":"Aston Villa s\u2019offre la p\u00e9pite Brian Madjo"},"content":{"rendered":"<p>Depuis plusieurs jours, le nom de <a href=\"https:\/\/www.footmercato.net\/joueur\/brian-djomeni-madjo\/\" target=\"_blank\" rel=\"noopener\">Brian Madjo<\/a> revenait avec insistance de l\u2019autre c\u00f4t\u00e9 de la Manche. N\u00e9 en Angleterre, l\u2019attaquant de 17 ans est l\u2019un des 2009 les plus pr\u00e9coces du monde avec ses cinq apparitions avec le FC <a href=\"https:\/\/www.footmercato.net\/club\/fc-metz\/\" target=\"_blank\" rel=\"noopener\">Metz<\/a> en <a href=\"https:\/\/www.footmercato.net\/france\/ligue-1\/\" target=\"_blank\" rel=\"noopener\">Ligue 1<\/a> depuis le d\u00e9but de la saison. Une r\u00e9alit\u00e9 qui a forc\u00e9ment attis\u00e9 les convoitises de cadors anglais comme <a href=\"https:\/\/www.footmercato.net\/club\/aston-villa\/\" target=\"_blank\" rel=\"noopener\">Aston Villa<\/a>. Et apr\u00e8s quelques jours de n\u00e9gociations, les Villans ont officiellement recrut\u00e9 le prodige, d\u00e9j\u00e0 international luxembourgeois (3 s\u00e9lections), contre pr\u00e8s de 12 millions d\u2019euros. L\u2019information a \u00e9t\u00e9 confirm\u00e9e par le FC Metz dans un communiqu\u00e9.<\/p>\n<p>            La suite apr\u00e8s cette publicit\u00e9<\/p>\n<p>\u00ab Le FC Metz annonce le d\u00e9part de Brian Madjo vers l\u2019Angleterre. Le jour de son 17e anniversaire, l\u2019attaquant anglo-luxembourgeois va s\u2019engager avec Aston Villa, actuel troisi\u00e8me de <a href=\"https:\/\/www.footmercato.net\/angleterre\/premier-league\/\" target=\"_blank\" rel=\"noopener\">Premier League<\/a>. (\u2026) Logiquement courtis\u00e9 par de nombreuses formations europ\u00e9ennes durant l\u2019\u00e9t\u00e9 dernier, Brian Madjo avait pourtant choisi de signer son premier contrat professionnel au sein de son club formateur. Ainsi, quelques semaines plus tard, il r\u00e9alisait ses d\u00e9buts en Ligue McDonald\u2019s, \u00e0 l\u2019\u00e2ge de 16 ans, le 17 ao\u00fbt 2025, face au RC Strasbourg-Alsace. Le FC Metz remercie Brian Madjo pour ses ann\u00e9es messines et lui souhaite le meilleur pour la suite de sa carri\u00e8re \u00bb, a indiqu\u00e9 le club messin.<\/p>\n<p>\n    Pub. le 12\/01\/2026 14:43<br \/>\n            &#8211; MAJ le 12\/01\/2026 20:17\n    <\/p>\n","protected":false},"excerpt":{"rendered":"Depuis plusieurs jours, le nom de Brian Madjo revenait avec insistance de l\u2019autre c\u00f4t\u00e9 de la Manche. N\u00e9&hellip;\n","protected":false},"author":2,"featured_media":660630,"comment_status":"","ping_status":"","sticky":false,"template":"","format":"standard","meta":{"footnotes":""},"categories":[1410],"tags":[63,1011,27,60],"class_list":{"0":"post-660629","1":"post","2":"type-post","3":"status-publish","4":"format-standard","5":"has-post-thumbnail","7":"category-football","8":"tag-football","9":"tag-fr","10":"tag-france","11":"tag-sports"},"share_on_mastodon":{"url":"https:\/\/pubeurope.com\/@fr\/115887931764751735","error":""},"_links":{"self":[{"href":"https:\/\/www.europesays.com\/fr\/wp-json\/wp\/v2\/posts\/660629","targetHints":{"allow":["GET"]}}],"collection":[{"href":"https:\/\/www.europesays.com\/fr\/wp-json\/wp\/v2\/posts"}],"about":[{"href":"https:\/\/www.europesays.com\/fr\/wp-json\/wp\/v2\/types\/post"}],"author":[{"embeddable":true,"href":"https:\/\/www.europesays.com\/fr\/wp-json\/wp\/v2\/users\/2"}],"replies":[{"embeddable":true,"href":"https:\/\/www.europesays.com\/fr\/wp-json\/wp\/v2\/comments?post=660629"}],"version-history":[{"count":0,"href":"https:\/\/www.europesays.com\/fr\/wp-json\/wp\/v2\/posts\/660629\/revisions"}],"wp:featuredmedia":[{"embeddable":true,"href":"https:\/\/www.europesays.com\/fr\/wp-json\/wp\/v2\/media\/660630"}],"wp:attachment":[{"href":"https:\/\/www.europesays.com\/fr\/wp-json\/wp\/v2\/media?parent=660629"}],"wp:term":[{"taxonomy":"category","embeddable":true,"href":"https:\/\/www.europesays.com\/fr\/wp-json\/wp\/v2\/categories?post=660629"},{"taxonomy":"post_tag","embeddable":true,"href":"https:\/\/www.europesays.com\/fr\/wp-json\/wp\/v2\/tags?post=660629"}],"curies":[{"name":"wp","href":"https:\/\/api.w.org\/{rel}","templated":true}]}}