{"id":660631,"date":"2026-01-13T13:04:13","date_gmt":"2026-01-13T13:04:13","guid":{"rendered":"https:\/\/www.europesays.com\/fr\/660631\/"},"modified":"2026-01-13T13:04:13","modified_gmt":"2026-01-13T13:04:13","slug":"la-petite-fille-de-carlos-de-bourbon-siciles-et-danne-de-france-va-se-marier","status":"publish","type":"post","link":"https:\/\/www.europesays.com\/fr\/660631\/","title":{"rendered":"La petite-fille de Carlos de Bourbon-Siciles et d&rsquo;Anne de France va se marier"},"content":{"rendered":"<p>L&rsquo;\u00e9t\u00e9 prochain s&rsquo;annonce festif pour la famille Bourbon-Siciles et Habsbourg-Lorraine. Moins d\u2019un an apr\u00e8s le mariage de Victoria L\u00f3pez-Quesada, qui avait r\u00e9uni pr\u00e8s de 400 prestigieux invit\u00e9s, <strong>une autre petite-fille du d\u00e9funt infant Don Carlos, duc de Calabre, et de la princesse Anne d\u2019Orl\u00e9ans s\u2019appr\u00eate \u00e0 dire \u00ab\u00a0oui\u00a0\u00bb<\/strong>. <strong>Le 25 juillet<\/strong>, <strong>l&rsquo;archiduchesse Isabel de Habsbourg-Lorraine, 28 ans, unira son destin \u00e0 Carlos de Palacio Gaylan de Ayala, de quatre ans son a\u00een\u00e9<\/strong>, r\u00e9v\u00e8lent nos confr\u00e8res de <a target=\"_blank\" href=\"https:\/\/www.vanitatis.elconfidencial.com\/casas-reales\/2026-01-09\/boda-borbon-dos-sicilias-enlace-verano-archiduquesa_4279528\/\" rel=\"noopener\">Vanitatis<\/a>.\u00a0<\/p>\n<p>Si les jeunes amoureux sont plut\u00f4t discrets, leur h\u00e9ritage, lui, prend racine dans plusieurs grandes maisons d&rsquo;Europe. <strong>La future mari\u00e9e est la deuxi\u00e8me fille de la princesse Maria Paloma de Bourbon-Siciles et de l&rsquo;archiduc Sim\u00e9on, petit-fils du dernier empereur d&rsquo;Autriche, Charles Ier.<\/strong> Par sa m\u00e8re, Isabel est \u00e9galement apparent\u00e9e \u00e0 la maison royale d\u2019Espagne et figure m\u00eame dans la ligne de succession au tr\u00f4ne ! <strong>Son grand-p\u00e8re, Carlos de Bourbon-Siciles \u00e9tait en effet le cousin germain de <\/strong><a target=\"_blank\" href=\"https:\/\/www.pointdevue.fr\/grand-angle\/biographies\/juan-carlos\" rel=\"noopener\"><strong>Juan Carlos<\/strong><\/a>, dont il \u00e9tait l&rsquo;un des amis intimes, et le descendant des rois Ferdinand II des Deux-Siciles et Alphonse XII d&rsquo;Espagne.\u00a0<\/p>\n<p><img decoding=\"async\" src=\"https:\/\/www.europesays.com\/fr\/wp-content\/uploads\/2026\/01\/BESTIMAGE_00280258_000016v7H3iAzU6o.jpg\" alt=\"Maria Paloma de Bourbon-Siciles et Simeon de Habsbourg-Lorraine en compagnie de Cristina de Bourbon-Siciles, son \u00e9poux Pedro Lopez Quesada et leur fille Victoria lors de la messe hommage \u00e0 l'infant Carlos, le 12 novembre 2015.\"\/><strong>Maria Paloma de Bourbon-Siciles et Simeon de Habsbourg-Lorraine en compagnie de Cristina de Bourbon-Siciles, son \u00e9poux Pedro Lopez Quesada et leur fille Victoria lors de la messe hommage \u00e0 l&rsquo;infant Carlos, le 12 novembre 2015.<\/strong> \u00a9 GTRES \/ BESTIMAGE<\/p>\n<p>Gageons ainsi que le <a target=\"_blank\" href=\"https:\/\/www.pointdevue.fr\/grand-angle\/biographies\/felipe-vi\" rel=\"noopener\">roi Felipe VI<\/a>, sa m\u00e8re la <a target=\"_blank\" href=\"https:\/\/www.pointdevue.fr\/grand-angle\/biographies\/sophie-de-grece\" rel=\"noopener\">reine Sophie<\/a> et ses s\u0153urs, les <a target=\"_blank\" href=\"https:\/\/www.pointdevue.fr\/grand-angle\/biographies\/elena-de-borbon-y-grecia\" rel=\"noopener\">infantes Elena<\/a> et <a target=\"_blank\" href=\"https:\/\/www.pointdevue.fr\/grand-angle\/biographies\/cristina-de-borbon-y-grecia\" rel=\"noopener\">Cristina<\/a> seront des invit\u00e9s de choix aux noces. <strong>L&rsquo;union des parents d\u2019Isabel, c\u00e9l\u00e9br\u00e9 en 1996 dans la propri\u00e9t\u00e9 familiale de Retuerta del Bullaque, avait d\u00e9j\u00e0 r\u00e9uni Juan Carlos, son \u00e9pouse et leurs enfants, ainsi que <\/strong><a target=\"_blank\" href=\"https:\/\/www.pointdevue.fr\/grand-angle\/biographies\/philippe-de-belgique\" rel=\"noopener\"><strong>Philippe de Belgique<\/strong><\/a> &#8211; encore duc de Brabant &#8211; apparent\u00e9 \u00e0 l\u2019archiduc Sim\u00e9on d\u2019Autriche. <strong>Nombreux sont donc les membres de l&rsquo;aristocratie europ\u00e9enne, mais \u00e9galement espagnole, \u00e0 y \u00eatre attendus.<\/strong> Car Carlos, investisseur bas\u00e9 \u00e0 Londres, o\u00f9 le couple r\u00e9side actuellement, n&rsquo;a pas \u00e0 rougir de son pedigree. Lui est issu, des deux branches de sa famille, de marquis espagnols.\u00a0<\/p>\n<p>Lire aussi &gt;&gt; <a target=\"_blank\" href=\"https:\/\/www.pointdevue.fr\/royal\/espagne\/mariage-de-victoria-lopez-quesada-et-enrique-moreno-de-la-cova-le-roi-felipe-vi-parmi-les-invites-dhonneur\" rel=\"noopener\">Mariage de Victoria L\u00f3pez Quesada et Enrique Moreno de la Cova : le roi Felipe VI parmi les invit\u00e9s d&rsquo;honneur<\/a><\/p>\n","protected":false},"excerpt":{"rendered":"L&rsquo;\u00e9t\u00e9 prochain s&rsquo;annonce festif pour la famille Bourbon-Siciles et Habsbourg-Lorraine. Moins d\u2019un an apr\u00e8s le mariage de Victoria&hellip;\n","protected":false},"author":2,"featured_media":660632,"comment_status":"","ping_status":"","sticky":false,"template":"","format":"standard","meta":{"footnotes":""},"categories":[1359],"tags":[58,59,1011,27,973],"class_list":{"0":"post-660631","1":"post","2":"type-post","3":"status-publish","4":"format-standard","5":"has-post-thumbnail","7":"category-people","8":"tag-divertissement","9":"tag-entertainment","10":"tag-fr","11":"tag-france","12":"tag-people"},"share_on_mastodon":{"url":"https:\/\/pubeurope.com\/@fr\/115887935590238414","error":""},"_links":{"self":[{"href":"https:\/\/www.europesays.com\/fr\/wp-json\/wp\/v2\/posts\/660631","targetHints":{"allow":["GET"]}}],"collection":[{"href":"https:\/\/www.europesays.com\/fr\/wp-json\/wp\/v2\/posts"}],"about":[{"href":"https:\/\/www.europesays.com\/fr\/wp-json\/wp\/v2\/types\/post"}],"author":[{"embeddable":true,"href":"https:\/\/www.europesays.com\/fr\/wp-json\/wp\/v2\/users\/2"}],"replies":[{"embeddable":true,"href":"https:\/\/www.europesays.com\/fr\/wp-json\/wp\/v2\/comments?post=660631"}],"version-history":[{"count":0,"href":"https:\/\/www.europesays.com\/fr\/wp-json\/wp\/v2\/posts\/660631\/revisions"}],"wp:featuredmedia":[{"embeddable":true,"href":"https:\/\/www.europesays.com\/fr\/wp-json\/wp\/v2\/media\/660632"}],"wp:attachment":[{"href":"https:\/\/www.europesays.com\/fr\/wp-json\/wp\/v2\/media?parent=660631"}],"wp:term":[{"taxonomy":"category","embeddable":true,"href":"https:\/\/www.europesays.com\/fr\/wp-json\/wp\/v2\/categories?post=660631"},{"taxonomy":"post_tag","embeddable":true,"href":"https:\/\/www.europesays.com\/fr\/wp-json\/wp\/v2\/tags?post=660631"}],"curies":[{"name":"wp","href":"https:\/\/api.w.org\/{rel}","templated":true}]}}