{"id":660636,"date":"2026-01-13T13:10:55","date_gmt":"2026-01-13T13:10:55","guid":{"rendered":"https:\/\/www.europesays.com\/fr\/660636\/"},"modified":"2026-01-13T13:10:55","modified_gmt":"2026-01-13T13:10:55","slug":"father-mother-sister-brother-et-ma-frere-reunissent-leurs-familles","status":"publish","type":"post","link":"https:\/\/www.europesays.com\/fr\/660636\/","title":{"rendered":"\u201cFather Mother Sister Brother\u201d et \u201cMa fr\u00e8re\u201d r\u00e9unissent leurs familles"},"content":{"rendered":"\n<p class=\"article__chapeau\">Le film de Jim Jarmusch r\u00e9ussit un beau d\u00e9marrage, comme la com\u00e9die de Lise Akoka et Romane Gueret. Quant \u00e0 \u201cL\u2019\u00c2me id\u00e9ale\u201d et \u201cL\u2019Agent secret\u201d,  ils maintiennent en quatri\u00e8me semaine leur bon chiffre d\u2019entr\u00e9es.<\/p>\n<p>              <a href=\"https:\/\/www.europesays.com\/fr\/wp-content\/uploads\/2026\/01\/43caf39_upload-1-r6srtpvr7cgj-father-mother-sister-brother01.jpg\" data-pswp-width=\"\" data-pswp-height=\"\" class=\"media__hd\" target=\"_blank\">      <img decoding=\"async\" fetchpriority=\"high\" src=\"https:\/\/www.europesays.com\/fr\/wp-content\/uploads\/2026\/01\/43caf39_upload-1-r6srtpvr7cgj-father-mother-sister-brother01.jpg\" class=\"media__picture js-media-zoom-main \" alt=\"Pour ses premiers jours en salles, \u00ab\u00a0Father Mother Sister Brother\u00a0\u00bb, de Jim Jarmusch (avec Luka Sabbat et Indya Moore), a attir\u00e9 119\u00a0000\u00a0cin\u00e9philes.\" title=\"Photo Carole Bethuel\/Badjetlag\/CG Cin\u00e9ma\/Hail Mary Pictures\/Cinema Utile\/The Apartment\"\/>      <\/p>\n<p class=\"media__legend\"> Pour ses premiers jours en salles, \u00ab\u00a0Father Mother Sister Brother\u00a0\u00bb, de Jim Jarmusch (avec Luka Sabbat et Indya Moore), a attir\u00e9 119\u00a0000\u00a0cin\u00e9philes.  Photo Carole Bethuel\/Badjetlag\/CG Cin\u00e9ma\/Hail Mary Pictures\/Cinema Utile\/The Apartment  <\/p>\n<p>     <\/a>                    <\/p>\n<p class=\"author author--simple\">Par  <a class=\"author author--link\" href=\"https:\/\/www.telerama.fr\/recherche\/articles?q=Bertrand+Lott\" target=\"_blank\" rel=\"noopener\"> Bertrand Lott <\/a>    <\/p>\n<p class=\"publication__date\">Publi\u00e9 le 13 janvier 2026 \u00e0 11h45<\/p>\n<p class=\"publication__update\">Mis \u00e0 jour le 13 janvier 2026 \u00e0 12h43<\/p>\n<p>   Partager   <\/p>\n<ul class=\"sharing-popin--results\">\n<li class=\"sharing-popin--item sharing-popin--item-container\"> Partage  <\/li>\n<li data-share=\"linkedin\" class=\"sharing-popin--item\">  LinkedIn <\/li>\n<li data-share=\"facebook\" class=\"sharing-popin--item\">  Facebook <\/li>\n<li data-share=\"mail\" data-social=\"mail\" class=\"sharing-popin--item\">  Envoyer par email <\/li>\n<li data-share=\"copy\" class=\"sharing-popin--item\">  Copier le lien <\/li>\n<\/ul>\n<p>        Favoris       <\/p>\n<p>                <a class=\"openapp__link\" data-event=\"click-open-app\" data-deep-link=\"tlrm:\/\/element?id=\/cinema\/box-office-father-mother-sister-brother-et-ma-frere-reunissent-leurs-familles-7029165.php&amp;source=deeplink_site\">  Lire dans l&rsquo;application<br \/>\n  <\/a>                               <\/p>\n<p class=\"paragraph\">Avec pas moins de 119\u00a0000\u00a0cin\u00e9philes dans 310\u00a0salles, <a target=\"_blank\" href=\"https:\/\/www.telerama.fr\/cinema\/father-mother-sister-brother-de-jim-jarmusch-exercice-de-style-ludique-ou-clip-inconsistant-5853_cri-7042212.php#:~:text=Il%20s&#039;agit%20d&#039;un,%2Dest%20des%20%C3%89tats%2DUnis.\" rel=\"noopener\">Father Mother Sister Brother<\/a> r\u00e9alise le meilleur d\u00e9marrage de la semaine, tout en s\u2019octroyant le cinqui\u00e8me rang du classement national et m\u00eame le troisi\u00e8me \u00e0 Paris. S\u2019il se voit devanc\u00e9 par les deux pr\u00e9c\u00e9dents Lion d\u2019or \u00e0 Venise sortis au m\u00eame moment de l\u2019ann\u00e9e, <a target=\"_blank\" href=\"https:\/\/www.telerama.fr\/cinema\/la-chambre-d-a-cote-pedro-almodovar-signe-un-melo-puissant-illumine-par-ses-actrices_cri-7036198.php\" rel=\"noopener\">La Chambre d\u2019\u00e0 c\u00f4t\u00e9<\/a>, de Pedro Almod\u00f3var (188\u00a0000\u00a0entr\u00e9es au d\u00e9marrage en\u00a02025), et <a target=\"_blank\" href=\"https:\/\/www.telerama.fr\/cinema\/pauvres-creatures-de-yorgos-lanthimos-fable-gothique-a-l-esthetique-detonnante-ou-delire-immature_cri-7030680.php\" rel=\"noopener\">Pauvres Cr\u00e9atures<\/a>, de Y\u00f3rgos L\u00e1nthimos (155\u00a0000 en\u00a02024), voil\u00e0 n\u00e9anmoins un score tr\u00e8s probant pour le cin\u00e9aste am\u00e9ricain Jim Jarmusch, en l\u2019occurrence son deuxi\u00e8me meilleur depuis vingt ans, derri\u00e8re <a target=\"_blank\" href=\"https:\/\/www.telerama.fr\/cinema\/films\/the-dead-dont-die,n6209582.php\" rel=\"noopener\">The Dead Don\u2019t Die<\/a> (163\u00a0000\u00a0tickets en\u00a02019). Et son statut de film prim\u00e9 devrait lui permettre de se maintenir plusieurs semaines \u00e0 l\u2019affiche.<\/p>\n<p class=\"paragraph\">D\u00e9part convaincant \u00e9galement pour <a target=\"_blank\" href=\"https:\/\/www.telerama.fr\/cinema\/ma-frere-de-lise-akoka-et-romane-gueret-l-enfance-filmee-avec-tendresse-et-loin-des-cliches-5835_cri-7042211.php\" rel=\"noopener\">Ma fr\u00e8re<\/a>, qui a amus\u00e9 68\u00a0000\u00a0curieux sur 229\u00a0\u00e9crans. C\u2019est nettement au-dessus du premier film cosign\u00e9 par Lise Akoka et Romane Gueret, <a target=\"_blank\" href=\"https:\/\/www.telerama.fr\/cinema\/les-pires-de-lise-akoka-et-romane-gueret-notre-critique_cri-7038641.php\" rel=\"noopener\">Les Pires<\/a> (19\u00a0000\u00a0entr\u00e9es en\u00a02022), et mieux aussi que <a target=\"_blank\" href=\"https:\/\/www.telerama.fr\/cinema\/films\/places-1-191573582.php\" rel=\"noopener\">Plac\u00e9s<\/a> (40\u00a0000\u00a0entr\u00e9es en\u00a02022), autre histoire sociale r\u00e9cente autour de l\u2019enfance. Lanc\u00e9 sur une combinaison sensiblement plus r\u00e9duite de 111\u00a0salles, <a target=\"_blank\" href=\"https:\/\/www.telerama.fr\/cinema\/les-echos-du-passe-de-mascha-schilinski-un-film-fascinant-sur-la-transmission-des-traumas-5912_cri-7042213.php\" rel=\"noopener\">Les \u00c9chos du pass\u00e9<\/a> a lui aussi trouv\u00e9 sa place en attirant 21\u00a0000\u00a0spectateurs en cinq jours. Son Prix du jury cannois, ex aequo avec <a target=\"_blank\" href=\"https:\/\/www.telerama.fr\/cinema\/sirat-d-oliver-laxe-une-experience-hallucinante-entre-les-rave-partys-du-desert-marocain_cri-7040516.php\" rel=\"noopener\">Sir\u00e2t<\/a> d\u2019Oliver Laxe, a bien servi au drame historique de Mascha Schilinski.<\/p>\n<p>                \u201cAvatar\u201d au sommet du classement                       <\/p>\n<p class=\"paragraph\">Pour les films sortis les semaines pr\u00e9c\u00e9dentes, <a target=\"_blank\" href=\"https:\/\/www.telerama.fr\/cinema\/l-ame-ideale-jonathan-cohen-et-magalie-lepine-blondeau-s-aiment-par-dela-la-mort_cri-7041976.php\" rel=\"noopener\">L\u2019\u00c2me id\u00e9ale<\/a> brille par sa quasi-stabilit\u00e9 lors de son quatri\u00e8me week-end, fort de 350\u00a0000\u00a0amoureux. Tr\u00e8s beau maintien aussi pour <a target=\"_blank\" href=\"https:\/\/www.telerama.fr\/cinema\/l-agent-secret-de-kleber-mendonca-filho-un-etourdissant-thriller-dans-l-effroi-de-la-dictature_cri-7041991.php\" rel=\"noopener\">L\u2019Agent secret<\/a>, qui d\u00e9passe les 300\u00a0000\u00a0entr\u00e9es depuis le 17\u00a0d\u00e9cembre et va s\u00fbrement rebondir encore apr\u00e8s <a target=\"_blank\" href=\"https:\/\/www.telerama.fr\/cinema\/palmares-des-golden-globes-2026-une-bataille-apres-l-autre-et-adolescence-remportent-la-mise-7029150.php\" rel=\"noopener\">son doubl\u00e9 aux Golden Globes<\/a> (meilleur film \u00e9tranger et meilleur acteur pour Wagner Moura). M\u00eame constat favorable pour <a target=\"_blank\" href=\"https:\/\/www.telerama.fr\/cinema\/le-chant-des-forets-la-splendide-quete-de-vincent-munier-dans-ses-vosges-natales-a-l-affut-du-vivant_cri-7041990.php\" rel=\"noopener\">Le Chant des for\u00eats<\/a>, champion du bouche \u00e0 oreille qui surpasse d\u00e9j\u00e0 <a target=\"_blank\" href=\"https:\/\/www.telerama.fr\/cinema\/la-panthere-des-neiges-de-vincent-munier-une-ode-a-la-nature-hypnotique-et-mysterieuse-4017_cri-7007807.php#:~:text=panth%C3%A8re%20des%20neiges-,%E2%80%9CLa%20Panth%C3%A8re%20des%20neiges%E2%80%9D%2C%20de%20Vincent%20Munier%20%3A%20une,insaisissable%20cr%C3%A9ature%20de%20l&#039;Himalaya.\" rel=\"noopener\">La Panth\u00e8re des neiges<\/a>, du m\u00eame Vincent Munier, avec 747\u00a0000\u00a0entr\u00e9es.<\/p>\n<p class=\"paragraph\">Au sommet du classement, en revanche, <a target=\"_blank\" href=\"https:\/\/www.telerama.fr\/cinema\/avatar-de-feu-et-de-cendres-james-cameron-nous-perd-dans-un-episode-sans-flamme_cri-7041981.php\" rel=\"noopener\">Avatar\u00a0: De feu et de cendres<\/a> a perdu plus de la moiti\u00e9 de son public. Avec 7,3\u00a0millions de tickets vendus, le troisi\u00e8me volet de la saga imagin\u00e9e par James Cameron en compte 2,8\u00a0millions de moins que le deuxi\u00e8me au m\u00eame stade et peut craindre de ne pas atteindre les 10\u00a0millions. La tendance est bien meilleure pour <a target=\"_blank\" href=\"https:\/\/www.telerama.fr\/cinema\/la-femme-de-menage-sydney-sweeney-et-amanda-seyfried-ne-sauvent-pas-ce-thriller-cousu-de-fil-blanc_cri-7042075.php\" rel=\"noopener\">La Femme de m\u00e9nage<\/a>, qui le talonne \u00e0 la deuxi\u00e8me place. Avec 2,78\u00a0millions d\u2019entr\u00e9es en moins de trois semaines, le thriller poursuit une carri\u00e8re d\u2019envergure, qui s\u2019ach\u00e8vera sans doute au-dessus des 3,5\u00a0millions d\u2019entr\u00e9es.<\/p>\n<p class=\"edito__prefixe\">   \u00c0 lire aussi :   <\/p>\n<p class=\"edito__text-container\">   <a alt=\"Lire aussi\" href=\"https:\/\/www.telerama.fr\/cinema\/box-office-la-femme-de-menage-et-avatar-balaient-tout-sur-leur-passage-7029066.php\" class=\"article__title--edito\" target=\"_blank\" rel=\"noopener\">Box-office\u00a0: \u201cLa Femme de m\u00e9nage\u201d et \u201cAvatar\u201d balaient tout sur leur passage<\/a>  <\/p>\n<p>        <img decoding=\"async\" class=\"snippet-generic__img\" src=\"https:\/\/www.europesays.com\/fr\/wp-content\/uploads\/2026\/01\/3b54e53_upload-1-sonph4b9n22y-visuelfct2025.png\"\/><\/p>\n<p class=\"snippet-generic__title\">Festival Cin\u00e9ma T\u00e9l\u00e9rama 2026<\/p>\n<p class=\"snippet-generic__text\">Du 21 au 27 janvier, T\u00e9l\u00e9rama vous invite \u00e0 (re)voir les meilleurs films de 2025, ainsi que sept films en avant-premi\u00e8re, pour 4 euros. <\/p>\n<p>    <a href=\"https:\/\/festivals.telerama.fr\/\" target=\"_blank\" rel=\"noopener\"><\/p>\n<p>            Toutes les informations ici<\/p>\n<p>    <\/a><\/p>\n","protected":false},"excerpt":{"rendered":"Le film de Jim Jarmusch r\u00e9ussit un beau d\u00e9marrage, comme la com\u00e9die de Lise Akoka et Romane Gueret.&hellip;\n","protected":false},"author":2,"featured_media":660637,"comment_status":"","ping_status":"","sticky":false,"template":"","format":"standard","meta":{"footnotes":""},"categories":[1354],"tags":[58,59,1346,1011,27,1360],"class_list":{"0":"post-660636","1":"post","2":"type-post","3":"status-publish","4":"format-standard","5":"has-post-thumbnail","7":"category-films","8":"tag-divertissement","9":"tag-entertainment","10":"tag-films","11":"tag-fr","12":"tag-france","13":"tag-movies"},"share_on_mastodon":{"url":"https:\/\/pubeurope.com\/@fr\/115887963095567491","error":""},"_links":{"self":[{"href":"https:\/\/www.europesays.com\/fr\/wp-json\/wp\/v2\/posts\/660636","targetHints":{"allow":["GET"]}}],"collection":[{"href":"https:\/\/www.europesays.com\/fr\/wp-json\/wp\/v2\/posts"}],"about":[{"href":"https:\/\/www.europesays.com\/fr\/wp-json\/wp\/v2\/types\/post"}],"author":[{"embeddable":true,"href":"https:\/\/www.europesays.com\/fr\/wp-json\/wp\/v2\/users\/2"}],"replies":[{"embeddable":true,"href":"https:\/\/www.europesays.com\/fr\/wp-json\/wp\/v2\/comments?post=660636"}],"version-history":[{"count":0,"href":"https:\/\/www.europesays.com\/fr\/wp-json\/wp\/v2\/posts\/660636\/revisions"}],"wp:featuredmedia":[{"embeddable":true,"href":"https:\/\/www.europesays.com\/fr\/wp-json\/wp\/v2\/media\/660637"}],"wp:attachment":[{"href":"https:\/\/www.europesays.com\/fr\/wp-json\/wp\/v2\/media?parent=660636"}],"wp:term":[{"taxonomy":"category","embeddable":true,"href":"https:\/\/www.europesays.com\/fr\/wp-json\/wp\/v2\/categories?post=660636"},{"taxonomy":"post_tag","embeddable":true,"href":"https:\/\/www.europesays.com\/fr\/wp-json\/wp\/v2\/tags?post=660636"}],"curies":[{"name":"wp","href":"https:\/\/api.w.org\/{rel}","templated":true}]}}