{"id":660638,"date":"2026-01-13T13:13:12","date_gmt":"2026-01-13T13:13:12","guid":{"rendered":"https:\/\/www.europesays.com\/fr\/660638\/"},"modified":"2026-01-13T13:13:12","modified_gmt":"2026-01-13T13:13:12","slug":"decouvrez-le-classement-a-lissue-de-la-8e-etape","status":"publish","type":"post","link":"https:\/\/www.europesays.com\/fr\/660638\/","title":{"rendered":"D\u00e9couvrez le classement \u00e0 l\u2019issue de la 8e \u00e9tape"},"content":{"rendered":"<p>La semaine du Dakar 2026 a commenc\u00e9 par la plus longue \u00e9tape de l\u2019\u00e9dition, la 8e. \u00c0 moto, apr\u00e8s 4h30 d\u2019effort, Luciano Benavides s\u2019est impos\u00e9 avec 4\u201950 d\u2019avance sur l\u2019Australien Daniel Sanders, gr\u00e2ce notamment \u00e0 ses bonifications (7\u201928). L\u2019Argentin fait coup double et s\u2019empare de la t\u00eate du classement g\u00e9n\u00e9ral pour 10 secondes. Le Fran\u00e7ais Adrien Van Beveren (Honda) termine 5e \u00e0 11\u201956.<\/p>\n<p class=\"mb-m@xs text-l@xs\">En cliquant sur\u00ab J\u2019accepte \u00bb, vous acceptez le d\u00e9p\u00f4t de cookies par des services externes et aurez ainsi acc\u00e8s aux contenus de nos partenaires.<\/p>\n<p class=\"mb-xl@xs text-s@xs\">Plus d\u2019informations sur la page<a href=\"https:\/\/www.20minutes.fr\/gestion-cookies\" class=\"mx-xxs@xs color-ultramarine\" target=\"_blank\" rel=\"noopener\">Politique de gestion des cookies<\/a><\/p>\n<p>J\u2019accepteVariawa surprend tout le monde en auto<\/p>\n<p>En autos, une erreur de navigation de S\u00e9bastien Loeb lui a co\u00fbt\u00e9 2\u201930 de retard. \u00c0 sa grande surprise, Lategan a termin\u00e9 2e, en 4h20&rsquo;38, soit 26 secondes de mieux qu\u2019Esktr\u00f6m. Le Sud-Africain avait pourtant crev\u00e9 et perdu du temps dans les dunes. Le vainqueur du jour est son compatriote, Saood Variawa, en 4h20&rsquo;35, soit 3 secondes de mieux. \u00c0 20 ans, et accompagn\u00e9 de son co-pilote fran\u00e7ais Fran\u00e7ois Cazalet, il remporte sa premi\u00e8re \u00e9tape de l\u2019\u00e9dition en Toyota (la 2e de sa carri\u00e8re).<\/p>\n<p>Le classement de l\u2019\u00e9tape 8 du Dakar 2026 &#8211; Motos<\/p>\n<ol>\n<li>L.\u00a0Benavides (Red Bull KTM), en 4h26&rsquo;39 (bonifications\u00a0: 7\u201928)<\/li>\n<li>D.\u00a0Sanders (Red Bull KTM), \u00e0 4\u201950<\/li>\n<li>R.\u00a0Brabec (Honda), \u00e0 5\u201902<\/li>\n<li>T.\u00a0Schareina (Honda), \u00e0 9\u201947<\/li>\n<li>A.\u00a0Van Beveren (Honda), \u00e0 11\u201956<\/li>\n<li>S.\u00a0Howes (Honda), \u00e0 12\u201932<\/li>\n<li>E.\u00a0Canet (Red Bull KTM), \u00e0 15\u201906<\/li>\n<li>I.\u00a0Cornejo (Hero), \u00e0 17\u201913<\/li>\n<li>N.\u00a0Theric (Kove, Rally2), \u00e0 19\u201905<\/li>\n<li>M.\u00a0Ventura (Honda, Rally2), \u00e0 19\u201920<\/li>\n<\/ol>\n<p><a href=\"https:\/\/www.dakar.com\/fr\/classements\" target=\"_blank\" class=\"c-link c-btn c-btn--primary\" rel=\"noopener\">Le classement complet de la 8e \u00e9tape du Dakar 2026<\/a>Le classement g\u00e9n\u00e9ral du Dakar 2026 apr\u00e8s 8 \u00e9tapes &#8211; Motos<\/p>\n<ol>\n<li>LUCIANO BENAVIDES &#8211; RED BULL KTM FACTORY RACING\t33H 18&prime; 50\u00a0\u00bb<\/li>\n<li>DANIEL SANDERS &#8211; RED BULL KTM FACTORY RACING +\u00a000H 00&prime; 10\u00a0\u00bb<\/li>\n<li>RICKY BRABEC &#8211; MONSTER ENERGY HONDA HRC +\u00a000H 04&prime; 47\u00a0\u00bb\t<\/li>\n<li>TOSHA SCHAREINA &#8211; MONSTER ENERGY HONDA HRC\t+\u00a000H 20&prime; 13\u00a0\u00bb\t<\/li>\n<li>SKYLER HOWES &#8211; MONSTER ENERGY HONDA HRC +\u00a000H 41&prime; 06\u00a0\u00bb<\/li>\n<li>IGNACIO \u00ab\u00a0NACHO\u00a0\u00bb CORNEJO &#8211; HERO MOTOSPORTS TEAM RALLY +\u00a000H 45&prime; 58\u00a0\u00bb\t<\/li>\n<li>ADRIEN VAN BEVEREN &#8211; MONSTER ENERGY HONDA HRC +\u00a001H 03&prime; 13\u00a0\u00bb\t<\/li>\n<li>ROSS BRANCH &#8211; HERO MOTOSPORTS TEAM RALLY +\u00a001H 55&prime; 02\u00a0\u00bb\t<\/li>\n<li>PRESTON CAMPBELL &#8211; MONSTER ENERGY <a href=\"https:\/\/www.20minutes.fr\/dossier\/honda\" class=\"c-link c-link--is-underlined\" target=\"_blank\" rel=\"noopener\">HONDA<\/a> HRC +\u00a002H 01&prime; 28\u00a0\u00bb\t<\/li>\n<li>TONI MULEC &#8211; BAS WORLD KTM TEAM +\u00a002H 11&prime; 04\u00a0\u00bb\t<\/li>\n<\/ol>\n<p>Le classement de la 8e \u00e9tape du Dakar 2026 &#8211; Autos<\/p>\n<ol>\n<li>SAOOD VARIAWA &#8211; FRAN\u00c7OIS CAZALET (TOYOTA GAZOO RACING SA) 04H 20&prime; 35\u00a0\u00bb\t<\/li>\n<li>HENK LATEGAN &#8211; BRETT CUMMINGS (TOYOTA GAZOO RACING W2RC) +\u00a000H 00&prime; 03\u00a0\u00bb\t<\/li>\n<li>MATTIAS EKSTR\u00d6M &#8211; EMIL BERGKVIST (FORD RACING) 00H 00&prime; 29\u00a0\u00bb\t<\/li>\n<li>SETH QUINTERO &#8211; ANDREW SHORT (<a href=\"https:\/\/www.20minutes.fr\/dossier\/toyota\" class=\"c-link c-link--is-underlined\" target=\"_blank\" rel=\"noopener\">TOYOTA<\/a> GAZOO RACING W2RC) +\u00a000H 00&prime; 37\u00a0\u00bb\t<\/li>\n<li>NASSER AL-ATTIYAH &#8211; FABIAN LURQUIN (THE DACIA SANDRIDERS) +\u00a000H 01&prime; 16\u00a0\u00bb\t<\/li>\n<li>CARLOS SAINZ &#8211; LUCAS CRUZ (FORD RACING) +\u00a000H 01&prime; 29\u00a0\u00bb\t<\/li>\n<li>GUILLAUME DE M\u00c9VIUS &#8211; MATHIEU BAUMEL (X-RAID TEAM) +\u00a000H 02&prime; 00\u00a0\u00bb\t<\/li>\n<li>S\u00c9BASTIEN LOEB &#8211; EDOUARD BOULANGER (THE DACIA SANDRIDERS) +\u00a000H 03&prime; 02\u00a0\u00bb\t<\/li>\n<li>NANI ROMA &#8211; ALEX HARO (<a href=\"https:\/\/www.20minutes.fr\/dossier\/ford\" class=\"c-link c-link--is-underlined\" target=\"_blank\" rel=\"noopener\">FORD<\/a> RACING) +\u00a000H 03&prime; 38\u00a0\u00bb\t<\/li>\n<li>BRIAN BARAGWANATH &#8211; LEONARD CREMER (CENTURY RACING FACTORY TEAM) +\u00a000H 03&prime; 48\u00a0\u00bb\t<\/li>\n<\/ol>\n<p>Le classement g\u00e9n\u00e9ral du Dakar 2026 apr\u00e8s 8 \u00e9tapes &#8211; Autos<\/p>\n<ol>\n<li>NASSER AL-ATTIYAH &#8211; FABIAN LURQUIN (THE DACIA SANDRIDERS)\t32H 32&prime; 06\u00a0\u00bb<\/li>\n<li>MATTIAS EKSTR\u00d6M &#8211; EMIL BERGKVIST (FORD RACING) 32H 36&prime; 06\u00a0\u00bb + 00H 04&prime; 00\u00a0\u00bb\t<\/li>\n<li>HENK LATEGAN &#8211; BRETT CUMMINGS (TOYOTA GAZOO RACING W2RC) + 00H 06&prime; 08\u00a0\u00bb\t<\/li>\n<li>NANI ROMA &#8211; ALEX HARO (FORD RACING) + 00H 09&prime; 37\u00a0\u00bb\t<\/li>\n<li>CARLOS SAINZ &#8211; LUCAS CRUZ (FORD RACING) + 00H 10&prime; 39\u00a0\u00bb\t<\/li>\n<li>S\u00c9BASTIEN LOEB &#8211; EDOUARD BOULANGER (THE DACIA SANDRIDERS) + 00H 17&prime; 25\u00a0\u00bb\t<\/li>\n<li>MITCH GUTHRIE &#8211; KELLON WALCH (FORD RACING) + 00H 23&prime; 00\u00a0\u00bb\t<\/li>\n<li>MATHIEU SERRADORI &#8211; LO\u00cfC MINAUDIER (CENTURY RACING FACTORY TEAM) + 00H 25&prime; 04\u00a0\u00bb\t<\/li>\n<li>LUCAS MORAES &#8211; DENNIS ZENZ (THE DACIA SANDRIDERS) + 00H 29&prime; 55\u00a0\u00bb\t<\/li>\n<li>JOAO FERREIRA &#8211; FILIPE PALMEIRO (TOYOTA GAZOO RACING SA) + 00H 35&prime; 08\u00a0\u00bb\t<\/li>\n<\/ol>\n","protected":false},"excerpt":{"rendered":"La semaine du Dakar 2026 a commenc\u00e9 par la plus longue \u00e9tape de l\u2019\u00e9dition, la 8e. \u00c0 moto,&hellip;\n","protected":false},"author":2,"featured_media":660639,"comment_status":"","ping_status":"","sticky":false,"template":"","format":"standard","meta":{"footnotes":""},"categories":[9],"tags":[1976,24633,1011,27,74447,39679,517,60],"class_list":{"0":"post-660638","1":"post","2":"type-post","3":"status-publish","4":"format-standard","5":"has-post-thumbnail","7":"category-sports","8":"tag-auto-moto","9":"tag-dacia","10":"tag-fr","11":"tag-france","12":"tag-paris-dakar","13":"tag-sebastien-loeb","14":"tag-sport","15":"tag-sports"},"share_on_mastodon":{"url":"https:\/\/pubeurope.com\/@fr\/115887971050657334","error":""},"_links":{"self":[{"href":"https:\/\/www.europesays.com\/fr\/wp-json\/wp\/v2\/posts\/660638","targetHints":{"allow":["GET"]}}],"collection":[{"href":"https:\/\/www.europesays.com\/fr\/wp-json\/wp\/v2\/posts"}],"about":[{"href":"https:\/\/www.europesays.com\/fr\/wp-json\/wp\/v2\/types\/post"}],"author":[{"embeddable":true,"href":"https:\/\/www.europesays.com\/fr\/wp-json\/wp\/v2\/users\/2"}],"replies":[{"embeddable":true,"href":"https:\/\/www.europesays.com\/fr\/wp-json\/wp\/v2\/comments?post=660638"}],"version-history":[{"count":0,"href":"https:\/\/www.europesays.com\/fr\/wp-json\/wp\/v2\/posts\/660638\/revisions"}],"wp:featuredmedia":[{"embeddable":true,"href":"https:\/\/www.europesays.com\/fr\/wp-json\/wp\/v2\/media\/660639"}],"wp:attachment":[{"href":"https:\/\/www.europesays.com\/fr\/wp-json\/wp\/v2\/media?parent=660638"}],"wp:term":[{"taxonomy":"category","embeddable":true,"href":"https:\/\/www.europesays.com\/fr\/wp-json\/wp\/v2\/categories?post=660638"},{"taxonomy":"post_tag","embeddable":true,"href":"https:\/\/www.europesays.com\/fr\/wp-json\/wp\/v2\/tags?post=660638"}],"curies":[{"name":"wp","href":"https:\/\/api.w.org\/{rel}","templated":true}]}}