{"id":660669,"date":"2026-01-13T13:29:43","date_gmt":"2026-01-13T13:29:43","guid":{"rendered":"https:\/\/www.europesays.com\/fr\/660669\/"},"modified":"2026-01-13T13:29:43","modified_gmt":"2026-01-13T13:29:43","slug":"apres-12-defaites-de-suite-chamonix-renoue-avec-la-victoire-contre-rouen","status":"publish","type":"post","link":"https:\/\/www.europesays.com\/fr\/660669\/","title":{"rendered":"apr\u00e8s 12 d\u00e9faites de suite, Chamonix renoue avec la victoire contre Rouen"},"content":{"rendered":"<p itemprop=\"description\"><strong>Dimanche 11 janvier 2026, les Pionniers de Chamonix se sont impos\u00e9s contre les Normands (4-3), un mois et demi apr\u00e8s leur derni\u00e8re victoire en championnat.<\/strong><\/p>\n<p>Les Pionniers de Chamonix tiennent leur revanche. Quatre jours apr\u00e8s leur \u00e9limination contre Rouen en demi-finale de la coupe de France, les Hauts-Savoyards se sont impos\u00e9s contre les Normands apr\u00e8s prolongation devant leur public.<br \/>Un succ\u00e8s qui va leur faire du bien puisqu&rsquo;ils restaient sur douze d\u00e9faites cons\u00e9cutives en championnat. Leur derni\u00e8re victoire remontait au 21 novembre contre les Ducs d&rsquo;Angers.<br \/>Deux points qui vont \u00e9galement permettre \u00e0 Chamonix de remettre la machine en route \u00e0 quinze journ\u00e9es de la fin de la saison. Les Pionniers comptent neuf points de retard sur Brian\u00e7on, 8e et derni\u00e8re \u00e9quipe qualifi\u00e9e en play-off.<br \/>Sur le papier, ils pourraient m\u00eame r\u00e9duire cet \u00e9cart lors des deux prochaines journ\u00e9es avec des rencontres face \u00e0 Anglet, neuvi\u00e8me et Cergy-Pontoise, onzi\u00e8me.<\/p>\n","protected":false},"excerpt":{"rendered":"Dimanche 11 janvier 2026, les Pionniers de Chamonix se sont impos\u00e9s contre les Normands (4-3), un mois et&hellip;\n","protected":false},"author":2,"featured_media":660670,"comment_status":"","ping_status":"","sticky":false,"template":"","format":"standard","meta":{"footnotes":""},"categories":[9587],"tags":[1111,72765,72764,11,72767,3853,650,7734,2889,2263,1777,674,1011,27,10868,72762,4638,72766,1922,6417,1114,4662,19081,72763,12,5161,378,3725,1825,72770,72768,72771,72769,25,9590,5508,3067],"class_list":{"0":"post-660669","1":"post","2":"type-post","3":"status-publish","4":"format-standard","5":"has-post-thumbnail","7":"category-rouen","8":"tag-actu","9":"tag-actu-leman","10":"tag-actu-suisse","11":"tag-actualites","12":"tag-adio-savoie","13":"tag-annecy","14":"tag-cinema","15":"tag-ecoute","16":"tag-emission","17":"tag-equipe","18":"tag-eu","19":"tag-europe","20":"tag-fr","21":"tag-france","22":"tag-geneve","23":"tag-genevois","24":"tag-haute-savoie","25":"tag-haute-savoie-actu","26":"tag-info","27":"tag-information","28":"tag-infos","29":"tag-journal","30":"tag-laradioplus","31":"tag-leman","32":"tag-news","33":"tag-normandie","34":"tag-plus","35":"tag-podcast","36":"tag-radio","37":"tag-radio-annemasse","38":"tag-radio-leman","39":"tag-radio-locale-savoie","40":"tag-radio-thonon","41":"tag-republique-francaise","42":"tag-rouen","43":"tag-savoie","44":"tag-suisse"},"share_on_mastodon":{"url":"https:\/\/pubeurope.com\/@fr\/115888033915683745","error":""},"_links":{"self":[{"href":"https:\/\/www.europesays.com\/fr\/wp-json\/wp\/v2\/posts\/660669","targetHints":{"allow":["GET"]}}],"collection":[{"href":"https:\/\/www.europesays.com\/fr\/wp-json\/wp\/v2\/posts"}],"about":[{"href":"https:\/\/www.europesays.com\/fr\/wp-json\/wp\/v2\/types\/post"}],"author":[{"embeddable":true,"href":"https:\/\/www.europesays.com\/fr\/wp-json\/wp\/v2\/users\/2"}],"replies":[{"embeddable":true,"href":"https:\/\/www.europesays.com\/fr\/wp-json\/wp\/v2\/comments?post=660669"}],"version-history":[{"count":0,"href":"https:\/\/www.europesays.com\/fr\/wp-json\/wp\/v2\/posts\/660669\/revisions"}],"wp:featuredmedia":[{"embeddable":true,"href":"https:\/\/www.europesays.com\/fr\/wp-json\/wp\/v2\/media\/660670"}],"wp:attachment":[{"href":"https:\/\/www.europesays.com\/fr\/wp-json\/wp\/v2\/media?parent=660669"}],"wp:term":[{"taxonomy":"category","embeddable":true,"href":"https:\/\/www.europesays.com\/fr\/wp-json\/wp\/v2\/categories?post=660669"},{"taxonomy":"post_tag","embeddable":true,"href":"https:\/\/www.europesays.com\/fr\/wp-json\/wp\/v2\/tags?post=660669"}],"curies":[{"name":"wp","href":"https:\/\/api.w.org\/{rel}","templated":true}]}}