{"id":660675,"date":"2026-01-13T13:32:14","date_gmt":"2026-01-13T13:32:14","guid":{"rendered":"https:\/\/www.europesays.com\/fr\/660675\/"},"modified":"2026-01-13T13:32:14","modified_gmt":"2026-01-13T13:32:14","slug":"disparue-depuis-deux-semaines-une-adolescente-retrouvee-saine-et-sauve-en-ille-et-vilaine","status":"publish","type":"post","link":"https:\/\/www.europesays.com\/fr\/660675\/","title":{"rendered":"Disparue depuis deux semaines\u00a0: une adolescente retrouv\u00e9e saine et sauve en Ille-et-Vilaine"},"content":{"rendered":"<p>Soulagement pour la famille de Lys. Disparue depuis le 1er janvier 2026, l\u2019adolescente de 15 ans a \u00e9t\u00e9 retrouv\u00e9e saine et sauve ce mardi. Elle avait \u00e9t\u00e9 vue pour la derni\u00e8re fois dans le secteur de Redon dans \u00ab une rave party \u00bb. Une en qu\u00eate pour disparition inqui\u00e9tante avait \u00e9t\u00e9 ouverte par la police.<\/p>\n<p>Appel \u00e0 t\u00e9moins<\/p>\n<p>Sa m\u00e8re, qui r\u00e9side \u00e0 Foug\u00e8res, avait lanc\u00e9 un appel \u00e0 t\u00e9moins sur les r\u00e9seaux sociaux pour tenter de la localiser. La publication avait \u00e9t\u00e9 relay\u00e9e par plusieurs milliers de personnes.<\/p>\n<p>Du c\u00f4t\u00e9 des enqu\u00eateurs, la piste de la fugue \u00e9tait largement privil\u00e9gi\u00e9e. En situation de d\u00e9crochage scolaire dans son lyc\u00e9e de Foug\u00e8res, l\u2019adolescente avait d\u00e9j\u00e0 volontairement disparu par le pass\u00e9.<\/p>\n","protected":false},"excerpt":{"rendered":"Soulagement pour la famille de Lys. Disparue depuis le 1er janvier 2026, l\u2019adolescente de 15 ans a \u00e9t\u00e9&hellip;\n","protected":false},"author":2,"featured_media":660676,"comment_status":"","ping_status":"","sticky":false,"template":"","format":"standard","meta":{"footnotes":""},"categories":[2821],"tags":[1111,11,829,25267,765,1777,674,1011,27,848,12,584,25],"class_list":{"0":"post-660675","1":"post","2":"type-post","3":"status-publish","4":"format-standard","5":"has-post-thumbnail","7":"category-rennes","8":"tag-actu","9":"tag-actualites","10":"tag-bretagne","11":"tag-disparitions","12":"tag-en-continu","13":"tag-eu","14":"tag-europe","15":"tag-fr","16":"tag-france","17":"tag-ille-et-vilaine","18":"tag-news","19":"tag-rennes","20":"tag-republique-francaise"},"share_on_mastodon":{"url":"https:\/\/pubeurope.com\/@fr\/115888045839719440","error":""},"_links":{"self":[{"href":"https:\/\/www.europesays.com\/fr\/wp-json\/wp\/v2\/posts\/660675","targetHints":{"allow":["GET"]}}],"collection":[{"href":"https:\/\/www.europesays.com\/fr\/wp-json\/wp\/v2\/posts"}],"about":[{"href":"https:\/\/www.europesays.com\/fr\/wp-json\/wp\/v2\/types\/post"}],"author":[{"embeddable":true,"href":"https:\/\/www.europesays.com\/fr\/wp-json\/wp\/v2\/users\/2"}],"replies":[{"embeddable":true,"href":"https:\/\/www.europesays.com\/fr\/wp-json\/wp\/v2\/comments?post=660675"}],"version-history":[{"count":0,"href":"https:\/\/www.europesays.com\/fr\/wp-json\/wp\/v2\/posts\/660675\/revisions"}],"wp:featuredmedia":[{"embeddable":true,"href":"https:\/\/www.europesays.com\/fr\/wp-json\/wp\/v2\/media\/660676"}],"wp:attachment":[{"href":"https:\/\/www.europesays.com\/fr\/wp-json\/wp\/v2\/media?parent=660675"}],"wp:term":[{"taxonomy":"category","embeddable":true,"href":"https:\/\/www.europesays.com\/fr\/wp-json\/wp\/v2\/categories?post=660675"},{"taxonomy":"post_tag","embeddable":true,"href":"https:\/\/www.europesays.com\/fr\/wp-json\/wp\/v2\/tags?post=660675"}],"curies":[{"name":"wp","href":"https:\/\/api.w.org\/{rel}","templated":true}]}}