{"id":660687,"date":"2026-01-13T13:38:09","date_gmt":"2026-01-13T13:38:09","guid":{"rendered":"https:\/\/www.europesays.com\/fr\/660687\/"},"modified":"2026-01-13T13:38:09","modified_gmt":"2026-01-13T13:38:09","slug":"une-voiture-retrouvee-dans-lerdre-les-pompiers-interviennent","status":"publish","type":"post","link":"https:\/\/www.europesays.com\/fr\/660687\/","title":{"rendered":"une voiture retrouv\u00e9e dans l\u2019Erdre, les pompiers interviennent"},"content":{"rendered":"<p>                    Par<br \/>\n        <strong><br \/>\n            <a href=\"https:\/\/actu.fr\/auteur\/thomas-bernard\" title=\"Consulter tous les articles de Thomas Bernard\" target=\"_blank\" rel=\"noopener\">Thomas Bernard<\/a><br \/>\n                    <\/strong><\/p>\n<p>        Publi\u00e9 le<\/p>\n<p>            13 janv. 2026 \u00e0 13h45        <\/p>\n<p>Aux environs de 9\u2009h\u200920, ce mardi 13\u00a0janvier 2026, les sapeurs-pompiers sont intervenus pr\u00e8s de la base nautique de Port Jean, situ\u00e9e \u00e0 <a href=\"https:\/\/actu.fr\/pays-de-la-loire\/carquefou_44026\" target=\"_blank\" rel=\"noopener\">Carquefou<\/a>, au nord de Nantes. Les secours ont \u00e9t\u00e9 mobilis\u00e9s apr\u00e8s <b>la d\u00e9couverte d\u2019une voiture immerg\u00e9e dans l\u2019Erdre<\/b>, au 62 route de Port-Jean.<\/p>\n<p>    <a href=\"https:\/\/www.google.com\/maps\/embed?pb=!1m18!1m12!1m3!1d918.0182132031172!2d-1.52475558629675!3d47.30325755516077!2m3!1f0!2f0!3f0!3m2!1i1024!2i768!4f13.1!3m3!1m2!1s0x4805f1b51e8eff41%3A0xfa1a92a5ff3e8ca9!2s62%20Rte%20de%20Port%20Jean%2C%2044470%20Carquefou!5e1!3m2!1sfr!2sfr!4v1768307871675!5m2!1sfr!2sfr\" title=\"Ouvrie le lien\" target=\"_blank\" rel=\"noopener\">Cliquez ici pour visualiser le contenu<\/a><\/p>\n<p>\u00ab\u2009Absence de victime\u2009\u00bb<\/p>\n<p class=\" wall-content\">D\u2019apr\u00e8s le centre op\u00e9rationnel d\u00e9partemental d\u2019incendie et de secours (CODIS), les pompiers ont effectu\u00e9 des recherches de surface puis subaquatiques pour lever le doute sur la pr\u00e9sence d\u2019\u00e9ventuelles victimes.<\/p>\n<p class=\" wall-content\"><b>\u00ab\u2009En l\u2019absence de victime<\/b>, le v\u00e9hicule a \u00e9t\u00e9 laiss\u00e9 \u00e0 disposition de la gendarmerie assist\u00e9e d\u2019une d\u00e9panneuse\u2009\u00bb, indique le CODIS.<\/p>\n<p class=\" wall-content\">L\u2019intervention a n\u00e9cessit\u00e9 la pr\u00e9sence de <b>13 pompiers<\/b>, dont une \u00e9quipe de sauveteurs aquatiques.<\/p>\n<p class=\" wall-content\">Personnalisez votre actualit\u00e9 en ajoutant vos villes et m\u00e9dias en favori avec <a href=\"https:\/\/moncompte.actu.fr\" title=\"D\u00e9couvez Mon Actu\" rel=\"nofollow noopener\" data-trk=\"{&quot;cta&quot;:{&quot;action&quot;:&quot;https:\\\/\\\/moncompte.actu.fr&quot;,&quot;category&quot;:&quot;mon compte&quot;,&quot;from&quot;:&quot;article footer&quot;,&quot;name&quot;:&quot;Mon actu&quot;,&quot;type&quot;:&quot;cta&quot;}}\" target=\"_blank\">Mon Actu<\/a>.<\/p>\n","protected":false},"excerpt":{"rendered":"Par Thomas Bernard Publi\u00e9 le 13 janv. 2026 \u00e0 13h45 Aux environs de 9\u2009h\u200920, ce mardi 13\u00a0janvier 2026,&hellip;\n","protected":false},"author":2,"featured_media":660688,"comment_status":"","ping_status":"","sticky":false,"template":"","format":"standard","meta":{"footnotes":""},"categories":[2818],"tags":[1111,11,1777,674,118,1011,27,766,12,2636,1311,25],"class_list":{"0":"post-660687","1":"post","2":"type-post","3":"status-publish","4":"format-standard","5":"has-post-thumbnail","7":"category-nantes","8":"tag-actu","9":"tag-actualites","10":"tag-eu","11":"tag-europe","12":"tag-faits-divers","13":"tag-fr","14":"tag-france","15":"tag-nantes","16":"tag-news","17":"tag-pays-de-la-loire","18":"tag-pompiers","19":"tag-republique-francaise"},"share_on_mastodon":{"url":"https:\/\/pubeurope.com\/@fr\/115888069234706581","error":""},"_links":{"self":[{"href":"https:\/\/www.europesays.com\/fr\/wp-json\/wp\/v2\/posts\/660687","targetHints":{"allow":["GET"]}}],"collection":[{"href":"https:\/\/www.europesays.com\/fr\/wp-json\/wp\/v2\/posts"}],"about":[{"href":"https:\/\/www.europesays.com\/fr\/wp-json\/wp\/v2\/types\/post"}],"author":[{"embeddable":true,"href":"https:\/\/www.europesays.com\/fr\/wp-json\/wp\/v2\/users\/2"}],"replies":[{"embeddable":true,"href":"https:\/\/www.europesays.com\/fr\/wp-json\/wp\/v2\/comments?post=660687"}],"version-history":[{"count":0,"href":"https:\/\/www.europesays.com\/fr\/wp-json\/wp\/v2\/posts\/660687\/revisions"}],"wp:featuredmedia":[{"embeddable":true,"href":"https:\/\/www.europesays.com\/fr\/wp-json\/wp\/v2\/media\/660688"}],"wp:attachment":[{"href":"https:\/\/www.europesays.com\/fr\/wp-json\/wp\/v2\/media?parent=660687"}],"wp:term":[{"taxonomy":"category","embeddable":true,"href":"https:\/\/www.europesays.com\/fr\/wp-json\/wp\/v2\/categories?post=660687"},{"taxonomy":"post_tag","embeddable":true,"href":"https:\/\/www.europesays.com\/fr\/wp-json\/wp\/v2\/tags?post=660687"}],"curies":[{"name":"wp","href":"https:\/\/api.w.org\/{rel}","templated":true}]}}