{"id":660691,"date":"2026-01-13T13:40:09","date_gmt":"2026-01-13T13:40:09","guid":{"rendered":"https:\/\/www.europesays.com\/fr\/660691\/"},"modified":"2026-01-13T13:40:09","modified_gmt":"2026-01-13T13:40:09","slug":"leglise-saint-pierre-accueille-un-concert-de-chants-sacres","status":"publish","type":"post","link":"https:\/\/www.europesays.com\/fr\/660691\/","title":{"rendered":"l\u2019\u00e9glise Saint-Pierre accueille un concert de chants sacr\u00e9s"},"content":{"rendered":"<p>Seront au programme \u00ab\u00a0Le Messie\u00a0\u00bb de Haendel, la \u00ab\u00a0Petite Messe solennelle\u00a0\u00bb de Rossini, l&rsquo;\u00ab\u00a0Ave Maria\u00a0\u00bb de Gounod et une pi\u00e8ce de Gabriel Faur\u00e9. D\u2019autres \u0153uvres seront \u00e0 l\u2019honneur\u00a0: l\u2019une issue de la liturgie arm\u00e9nienne, mais aussi un \u00ab\u00a0Notre P\u00e8re\u00a0\u00bb compos\u00e9 par l\u2019Am\u00e9ricain Albert Malotte, l\u2019extrait d\u2019un Jubilate Deo (\u00ab\u00a0R\u00e9jouissez-vous en Dieu\u00a0\u00bb), hymne gr\u00e9gorien de Dan Forrest chant\u00e9 en latin, en anglais et\u2026 en zoulou.<\/p>\n<p>Quelques pi\u00e8ces seront exclusivement a cappella\u00a0; les pr\u00e9sents entendront \u00e9galement une pi\u00e8ce de Mozart jou\u00e9e par le seul Alain Perez.<\/p>\n<p>Chanteur classique depuis 2009, Jacques Laporte s\u2019est produit avec des chefs de ch\u0153urs renomm\u00e9s\u00a0: Nestor Zadoff et Maria Guinand. Il proposera par ailleurs un concert \u00e0 l\u2019orgue \u00e0 la chapelle de la Madeleine \u00e0 Bordeaux le 14\u00a0f\u00e9vrier \u00e0 18\u00a0h\u00a030, et \u00e0 Saint-M\u00e9dard-en-Jalles le 28\u00a0mars (renseignements\u00a0: lavoixenformes@orange.fr ou 05\u00a056\u00a094\u00a001\u00a089).<\/p>\n","protected":false},"excerpt":{"rendered":"Seront au programme \u00ab\u00a0Le Messie\u00a0\u00bb de Haendel, la \u00ab\u00a0Petite Messe solennelle\u00a0\u00bb de Rossini, l&rsquo;\u00ab\u00a0Ave Maria\u00a0\u00bb de Gounod et&hellip;\n","protected":false},"author":2,"featured_media":660692,"comment_status":"","ping_status":"","sticky":false,"template":"","format":"standard","meta":{"footnotes":""},"categories":[2817],"tags":[1111,11,1997,1777,674,1011,27,12,2219,25],"class_list":{"0":"post-660691","1":"post","2":"type-post","3":"status-publish","4":"format-standard","5":"has-post-thumbnail","7":"category-bordeaux","8":"tag-actu","9":"tag-actualites","10":"tag-bordeaux","11":"tag-eu","12":"tag-europe","13":"tag-fr","14":"tag-france","15":"tag-news","16":"tag-nouvelle-aquitaine","17":"tag-republique-francaise"},"share_on_mastodon":{"url":"https:\/\/pubeurope.com\/@fr\/115888077293358243","error":""},"_links":{"self":[{"href":"https:\/\/www.europesays.com\/fr\/wp-json\/wp\/v2\/posts\/660691","targetHints":{"allow":["GET"]}}],"collection":[{"href":"https:\/\/www.europesays.com\/fr\/wp-json\/wp\/v2\/posts"}],"about":[{"href":"https:\/\/www.europesays.com\/fr\/wp-json\/wp\/v2\/types\/post"}],"author":[{"embeddable":true,"href":"https:\/\/www.europesays.com\/fr\/wp-json\/wp\/v2\/users\/2"}],"replies":[{"embeddable":true,"href":"https:\/\/www.europesays.com\/fr\/wp-json\/wp\/v2\/comments?post=660691"}],"version-history":[{"count":0,"href":"https:\/\/www.europesays.com\/fr\/wp-json\/wp\/v2\/posts\/660691\/revisions"}],"wp:featuredmedia":[{"embeddable":true,"href":"https:\/\/www.europesays.com\/fr\/wp-json\/wp\/v2\/media\/660692"}],"wp:attachment":[{"href":"https:\/\/www.europesays.com\/fr\/wp-json\/wp\/v2\/media?parent=660691"}],"wp:term":[{"taxonomy":"category","embeddable":true,"href":"https:\/\/www.europesays.com\/fr\/wp-json\/wp\/v2\/categories?post=660691"},{"taxonomy":"post_tag","embeddable":true,"href":"https:\/\/www.europesays.com\/fr\/wp-json\/wp\/v2\/tags?post=660691"}],"curies":[{"name":"wp","href":"https:\/\/api.w.org\/{rel}","templated":true}]}}