{"id":660695,"date":"2026-01-13T13:42:09","date_gmt":"2026-01-13T13:42:09","guid":{"rendered":"https:\/\/www.europesays.com\/fr\/660695\/"},"modified":"2026-01-13T13:42:09","modified_gmt":"2026-01-13T13:42:09","slug":"trois-hommes-places-en-garde-a-vue","status":"publish","type":"post","link":"https:\/\/www.europesays.com\/fr\/660695\/","title":{"rendered":"trois hommes plac\u00e9s en garde \u00e0 vue"},"content":{"rendered":"<p>                    Par<br \/>\n        <strong><br \/>\n            <a href=\"https:\/\/actu.fr\/auteur\/anaelle-montagne\" title=\"Consulter tous les articles de Anaelle Montagne\" target=\"_blank\" rel=\"noopener\">Anaelle Montagne<\/a><br \/>\n                    <\/strong><\/p>\n<p>        Publi\u00e9 le<\/p>\n<p>            13 janv. 2026 \u00e0 13h03        <\/p>\n<p>Gros coup de filet pour les enqu\u00eateurs Toulousains dans l\u2019affaire du p\u00e8re de famille disparu, <a href=\"https:\/\/actu.fr\/occitanie\/toulouse_31555\/possible-impact-de-balle-mort-suspecte-ce-que-l-on-sait-de-l-homme-retrouve-dans-un-local-velos-a-toulouse_63579503.html\" target=\"_blank\" rel=\"noopener\">retrouv\u00e9 mort dans un local v\u00e9los fin d\u00e9cembre<\/a>. <strong>Trois hommes ont \u00e9t\u00e9 interpell\u00e9s <\/strong>simultan\u00e9ment ce lundi 12 janvier 2026, avant d\u2019\u00eatre plac\u00e9s en garde \u00e0 vue, apprend Actu Toulouse. Parmi eux : le principal suspect de l\u2019homicide d\u2019Abdelkader B., <strong>suspect\u00e9 d\u2019\u00eatre l\u2019auteur du coup mortel<\/strong>. Gr\u00e2ce \u00e0 ces interpellations, les motifs de ce meurtre gla\u00e7ant se pr\u00e9cisent. On vous dit tout.\u00a0<\/p>\n<p>La disparition inqui\u00e9tante devient un homicide<\/p>\n<p class=\" wall-content\">Mari\u00e9 et p\u00e8re de six enfants, Abdelkader B. n\u2019avait plus donn\u00e9 signe de vie depuis le 23 novembre 2025. Il \u00e9tait <strong>port\u00e9 disparu<\/strong>, mais en fouillant l\u2019appartement dans lequel il avait vraisemblablement pass\u00e9 sa derni\u00e8re soir\u00e9e, les policiers n\u2019avaient pas trouv\u00e9 son corps. Uniquement<strong> les indices \u00e9vidents d\u2019un crime<\/strong>.<\/p>\n<p>    <a href=\"https:\/\/www.google.com\/maps\/embed?pb=!1m18!1m12!1m3!1d8415.513529041187!2d1.455811693834358!3d43.57256321908693!2m3!1f0!2f0!3f0!3m2!1i1024!2i768!4f13.1!3m3!1m2!1s0x12aebc6ba8dc97df%3A0xa19ad5a05d02af30!2s95%20Av.%20de%20Rangueil%2C%2031400%20Toulouse!5e0!3m2!1sen!2sfr!4v1768304935094!5m2!1sen!2sfr\" title=\"Ouvrie le lien\" target=\"_blank\" rel=\"noopener\">Cliquez ici pour visualiser le contenu<\/a><\/p>\n<p class=\" wall-content\">A leur troisi\u00e8me passage, en fouillant l\u2019un des locaux d\u00e9di\u00e9s aux v\u00e9los de l\u2019immeuble (situ\u00e9 au 95 avenue de Rangueil), <a href=\"https:\/\/actu.fr\/occitanie\/toulouse_31555\/une-mort-suspecte-le-corps-d-un-homme-de-42-ans-decouvert-dans-une-residence-a-toulouse_63575354.html\" target=\"_blank\" rel=\"noopener\">les forces de l\u2019ordre \u00e9taient finalement tomb\u00e9es sur le corps<\/a>. Abdelkader B. gisait l\u00e0, probablement depuis plusieurs semaines. Il pr\u00e9sentait un \u00ab\u00a0unique orifice \u00e0 la tempe\u00a0\u00bb : il a \u00e9t\u00e9 tu\u00e9 par balle.\u00a0<\/p>\n<p>Le principal suspect se cachait<\/p>\n<p class=\" wall-content\">Patiemment, les fonctionnaires de la Division de la criminalit\u00e9 organis\u00e9e et sp\u00e9cialis\u00e9e (la DCOS) ont identifi\u00e9 les hommes suspect\u00e9s d\u2019\u00eatre pr\u00e9sents avec la victime, le soir de son meurtre. Mais le principal suspect,<strong> un individu de 45 ans<\/strong> soup\u00e7onn\u00e9 d\u2019\u00eatre l\u2019auteur du coup mortel, avait fui.<\/p>\n<p class=\" wall-content\">\u00ab\u00a0C\u2019est <strong>le locataire de l\u2019appartement<\/strong> o\u00f9 ont eu lieu les faits. Depuis la disparition d\u2019Abdelkader B., il se cachait\u00a0\u00bb, indique \u00e0 <a href=\"https:\/\/actu.fr\/toulouse\/\" target=\"_blank\" rel=\"noopener\">Actu Toulouse<\/a> une source proche du dossier.<\/p>\n<p>Interpellation simultan\u00e9e<\/p>\n<p class=\" wall-content\">Les enqu\u00eateurs attendaient donc de l\u2019avoir localis\u00e9 pour interpeller tous les suspects, simultan\u00e9ment. C\u2019est pr\u00e9cis\u00e9ment ce qu\u2019ils ont fait, ce lundi 12 janvier. \u00ab\u00a0La BRI (brigade de recherche et d\u2019intervention, ndlr) a <strong>interpell\u00e9 le principal suspect<\/strong> pr\u00e8s de son nouvel asile \u00e0 Toulouse\u00a0\u00bb, indique notre source.<\/p>\n<p>Votre r\u00e9gion, votre actu !<\/p>\n<p>Recevez chaque jour les infos qui comptent pour vous.<\/p>\n<p>\t<a href=\"https:\/\/actu.fr\/newsletter\" class=\"ac-btn ac-btn--corner ac-btn--medium ac-btn--blue800\" target=\"_blank\" rel=\"noopener\">S&rsquo;incrire<\/a><\/p>\n<p class=\" wall-content\">Les deux autres suspects, tous deux \u00e2g\u00e9s d\u2019une quarantaine d\u2019ann\u00e9es, ont \u00e9t\u00e9 arr\u00eat\u00e9s \u00e0 leur domicile. Tous ont \u00e9t\u00e9 <strong>plac\u00e9s en garde \u00e0 vue<\/strong>.\u00a0<\/p>\n<p>Les circonstances se pr\u00e9cisent<\/p>\n<p class=\" wall-content\">Quelles \u00e9taient les liens des suspects avec la victime ? Notre source r\u00e9v\u00e8le qu\u2019ils \u00e9taient amis et \u00ab\u00a0se voyaient tr\u00e8s r\u00e9guli\u00e8rement dans les m\u00eames conditions\u00a0\u00bb.<\/p>\n<p class=\" wall-content\">Des soir\u00e9es tr\u00e8s alcolis\u00e9es, \u00e0 l\u2019image de celle durant laquelle le p\u00e8re de famille a perdu la vie : \u00ab\u00a0Ca ne semble<strong> pas li\u00e9 \u00e0 de la criminalit\u00e9 organis\u00e9e<\/strong>, c\u2019est en r\u00e9alit\u00e9 banalement sordide.\u00a0\u00bb<\/p>\n<p>Comment se d\u00e9roulent les gardes \u00e0 vue ?\u00a0<\/p>\n<p class=\" wall-content\">Les trois individus sont toujours en garde \u00e0 vue, ce mardi 13 janvier. Le principal suspect, qui aurait tu\u00e9 Abdelkader B., <strong>\u00ab\u00a0ne se montre pas tr\u00e8s bavard\u00a0\u00bb<\/strong>.<\/p>\n<p class=\" wall-content\">Les deux autres quadrag\u00e9naires sont soup\u00e7onn\u00e9s d\u2019avoir \u00e9t\u00e9 pr\u00e9sents pendant les faits et, potentiellement, d\u2019avoir particip\u00e9 au d\u00e9placement du corps.\u00a0<\/p>\n<p class=\" wall-content\">Leurs auditions devraient \u00eatre prolong\u00e9es et risquent, par la suite, de mener \u00e0 leurs <strong>mises en examen<\/strong>.<\/p>\n<p class=\" wall-content\">Personnalisez votre actualit\u00e9 en ajoutant vos villes et m\u00e9dias en favori avec <a href=\"https:\/\/moncompte.actu.fr\" title=\"D\u00e9couvez Mon Actu\" rel=\"nofollow noopener\" data-trk=\"{&quot;cta&quot;:{&quot;action&quot;:&quot;https:\\\/\\\/moncompte.actu.fr&quot;,&quot;category&quot;:&quot;mon compte&quot;,&quot;from&quot;:&quot;article footer&quot;,&quot;name&quot;:&quot;Mon actu&quot;,&quot;type&quot;:&quot;cta&quot;}}\" target=\"_blank\">Mon Actu<\/a>.<\/p>\n","protected":false},"excerpt":{"rendered":"Par Anaelle Montagne Publi\u00e9 le 13 janv. 2026 \u00e0 13h03 Gros coup de filet pour les enqu\u00eateurs Toulousains&hellip;\n","protected":false},"author":2,"featured_media":660696,"comment_status":"","ping_status":"","sticky":false,"template":"","format":"standard","meta":{"footnotes":""},"categories":[2816],"tags":[1111,11,1777,674,118,1011,27,12,2680,1072,25,2312],"class_list":{"0":"post-660695","1":"post","2":"type-post","3":"status-publish","4":"format-standard","5":"has-post-thumbnail","7":"category-toulouse","8":"tag-actu","9":"tag-actualites","10":"tag-eu","11":"tag-europe","12":"tag-faits-divers","13":"tag-fr","14":"tag-france","15":"tag-news","16":"tag-occitanie","17":"tag-police","18":"tag-republique-francaise","19":"tag-toulouse"},"share_on_mastodon":{"url":"https:\/\/pubeurope.com\/@fr\/115888085042706682","error":""},"_links":{"self":[{"href":"https:\/\/www.europesays.com\/fr\/wp-json\/wp\/v2\/posts\/660695","targetHints":{"allow":["GET"]}}],"collection":[{"href":"https:\/\/www.europesays.com\/fr\/wp-json\/wp\/v2\/posts"}],"about":[{"href":"https:\/\/www.europesays.com\/fr\/wp-json\/wp\/v2\/types\/post"}],"author":[{"embeddable":true,"href":"https:\/\/www.europesays.com\/fr\/wp-json\/wp\/v2\/users\/2"}],"replies":[{"embeddable":true,"href":"https:\/\/www.europesays.com\/fr\/wp-json\/wp\/v2\/comments?post=660695"}],"version-history":[{"count":0,"href":"https:\/\/www.europesays.com\/fr\/wp-json\/wp\/v2\/posts\/660695\/revisions"}],"wp:featuredmedia":[{"embeddable":true,"href":"https:\/\/www.europesays.com\/fr\/wp-json\/wp\/v2\/media\/660696"}],"wp:attachment":[{"href":"https:\/\/www.europesays.com\/fr\/wp-json\/wp\/v2\/media?parent=660695"}],"wp:term":[{"taxonomy":"category","embeddable":true,"href":"https:\/\/www.europesays.com\/fr\/wp-json\/wp\/v2\/categories?post=660695"},{"taxonomy":"post_tag","embeddable":true,"href":"https:\/\/www.europesays.com\/fr\/wp-json\/wp\/v2\/tags?post=660695"}],"curies":[{"name":"wp","href":"https:\/\/api.w.org\/{rel}","templated":true}]}}