{"id":660699,"date":"2026-01-13T13:45:14","date_gmt":"2026-01-13T13:45:14","guid":{"rendered":"https:\/\/www.europesays.com\/fr\/660699\/"},"modified":"2026-01-13T13:45:14","modified_gmt":"2026-01-13T13:45:14","slug":"pres-de-lille-une-mere-de-famille-violee-pendant-le-cambriolage-de-sa-maison","status":"publish","type":"post","link":"https:\/\/www.europesays.com\/fr\/660699\/","title":{"rendered":"Pr\u00e8s de Lille, une m\u00e8re de famille viol\u00e9e pendant le cambriolage de sa maison"},"content":{"rendered":"<p>Une m\u00e8re de famille \u00e2g\u00e9e de 46\u00a0ans a \u00e9t\u00e9 victime d\u2019un viol lors d\u2019un cambriolage dans la nuit du mercredi\u00a07 au jeudi 8\u00a0janvier 2026, \u00e0 Villeneuve-d\u2019Ascq, pr\u00e8s de Lille (<a target=\"_self\" href=\"https:\/\/www.lanouvellerepublique.fr\/nord\" rel=\"noopener\">Nord<\/a>). Un homme suspect\u00e9 d\u2019avoir particip\u00e9 au vol a \u00e9t\u00e9 interpell\u00e9 et plac\u00e9 en d\u00e9tention, rapporte <a target=\"_blank\" href=\"https:\/\/www.lavoixdunord.fr\/1664135\/article\/2026-01-12\/villeneuve-d-ascq-une-femme-violee-lors-d-un-cambriolage-chez-elle-en-pleine\" rel=\"noopener\">La Voix du Nord<\/a> ce lundi.<\/p>\n<p>La victime se trouvait avec son fils de 13\u00a0ans dans sa maison quand trois individus cagoul\u00e9s se sont introduits dans l\u2019habitation vers 4\u00a0h du matin, a confirm\u00e9 une source polici\u00e8re \u00e0 <a target=\"_blank\" href=\"https:\/\/france3-regions.franceinfo.fr\/hauts-de-france\/nord-0\/villeneuve-ascq\/une-femme-violee-lors-d-un-cambriolage-en-pleine-nuit-un-homme-de-22-ans-interpelle-deux-individus-recherches-3280772.html\" rel=\"noopener\">France\u00a03 Hauts-de-France<\/a>. Les malfaiteurs se sont empar\u00e9s de plusieurs objets de valeur, dont des bijoux et de la maroquinerie, pour un pr\u00e9judice estim\u00e9 \u00e0 80.000\u00a0\u20ac, indique <a target=\"_blank\" href=\"https:\/\/www.francebleu.fr\/infos\/faits-divers-justice\/une-femme-violee-lors-du-cambriolage-de-son-domicile-a-villeneuve-d-ascq-3913611\" rel=\"noopener\">ICI Nord<\/a>. Pendant le cambriolage, l\u2019un des intrus aurait conduit la quadrag\u00e9naire dans une pi\u00e8ce diff\u00e9rente de celle o\u00f9 se trouvait son enfant avant de la violer.<\/p>\n<p>Un suspect mis en examen<\/p>\n<p>Alert\u00e9e par le voisinage, une patrouille de police est arriv\u00e9e sur les lieux alors que les trois voleurs prenaient la fuite. Selon <a target=\"_blank\" href=\"https:\/\/www.lefigaro.fr\/faits-divers\/nord-une-femme-de-46-ans-violee-a-son-domicile-et-victime-d-un-vol-estime-a-80-000-euros-20260110\" rel=\"noopener\">Le Figaro<\/a>, les agents ont r\u00e9ussi \u00e0 immobiliser le v\u00e9hicule des malfaiteurs et ont interpell\u00e9 l\u2019un des suspects \u00e0 proximit\u00e9 du domicile de la victime. Ses complices et lui auraient laiss\u00e9 dans la voiture une arme \u00e0 feu et des objets appartenant \u00e0 la quadrag\u00e9naire.<\/p>\n<p>Le jeune homme de 22\u00a0ans a \u00e9t\u00e9 mis en examen \u00e0 l\u2019issue de sa garde \u00e0 vue et a \u00e9t\u00e9 incarc\u00e9r\u00e9. Les autres suspects sont recherch\u00e9s. Sous le choc, la m\u00e8re de famille a, quant \u00e0 elle, \u00e9t\u00e9 prise en charge par les secours et hospitalis\u00e9e la nuit des faits.<\/p>\n<p>Dimanche 11\u00a0janvier, le parquet de Lille a ouvert une information judiciaire des chefs de vol en bande organis\u00e9e, viol commis sous la menace d\u2019une arme et participation \u00e0 une association de malfaiteurs en vue de la pr\u00e9paration d\u2019un crime. Le service interd\u00e9partemental de police judiciaire de Lille (SIPJ) a \u00e9t\u00e9 charg\u00e9 de mener les investigations.<\/p>\n","protected":false},"excerpt":{"rendered":"Une m\u00e8re de famille \u00e2g\u00e9e de 46\u00a0ans a \u00e9t\u00e9 victime d\u2019un viol lors d\u2019un cambriolage dans la nuit&hellip;\n","protected":false},"author":2,"featured_media":660700,"comment_status":"","ping_status":"","sticky":false,"template":"","format":"standard","meta":{"footnotes":""},"categories":[2815],"tags":[1111,11,1674,1777,674,274,1011,27,811,1307,12,1308,25],"class_list":{"0":"post-660699","1":"post","2":"type-post","3":"status-publish","4":"format-standard","5":"has-post-thumbnail","7":"category-lille","8":"tag-actu","9":"tag-actualites","10":"tag-communes","11":"tag-eu","12":"tag-europe","13":"tag-faits-divers-justice","14":"tag-fr","15":"tag-france","16":"tag-hauts-de-france","17":"tag-lille","18":"tag-news","19":"tag-nord","20":"tag-republique-francaise"},"share_on_mastodon":{"url":"https:\/\/pubeurope.com\/@fr\/115888096763197093","error":""},"_links":{"self":[{"href":"https:\/\/www.europesays.com\/fr\/wp-json\/wp\/v2\/posts\/660699","targetHints":{"allow":["GET"]}}],"collection":[{"href":"https:\/\/www.europesays.com\/fr\/wp-json\/wp\/v2\/posts"}],"about":[{"href":"https:\/\/www.europesays.com\/fr\/wp-json\/wp\/v2\/types\/post"}],"author":[{"embeddable":true,"href":"https:\/\/www.europesays.com\/fr\/wp-json\/wp\/v2\/users\/2"}],"replies":[{"embeddable":true,"href":"https:\/\/www.europesays.com\/fr\/wp-json\/wp\/v2\/comments?post=660699"}],"version-history":[{"count":0,"href":"https:\/\/www.europesays.com\/fr\/wp-json\/wp\/v2\/posts\/660699\/revisions"}],"wp:featuredmedia":[{"embeddable":true,"href":"https:\/\/www.europesays.com\/fr\/wp-json\/wp\/v2\/media\/660700"}],"wp:attachment":[{"href":"https:\/\/www.europesays.com\/fr\/wp-json\/wp\/v2\/media?parent=660699"}],"wp:term":[{"taxonomy":"category","embeddable":true,"href":"https:\/\/www.europesays.com\/fr\/wp-json\/wp\/v2\/categories?post=660699"},{"taxonomy":"post_tag","embeddable":true,"href":"https:\/\/www.europesays.com\/fr\/wp-json\/wp\/v2\/tags?post=660699"}],"curies":[{"name":"wp","href":"https:\/\/api.w.org\/{rel}","templated":true}]}}