{"id":660701,"date":"2026-01-13T13:46:10","date_gmt":"2026-01-13T13:46:10","guid":{"rendered":"https:\/\/www.europesays.com\/fr\/660701\/"},"modified":"2026-01-13T13:46:10","modified_gmt":"2026-01-13T13:46:10","slug":"samedi-festif-a-marseille-avec-lecture-par-nature-du-14-02-2026-au-14-03-2026-marseille","status":"publish","type":"post","link":"https:\/\/www.europesays.com\/fr\/660701\/","title":{"rendered":"Samedi festif \u00e0 Marseille avec Lecture par Nature &#8211; Du 14\/02\/2026 au 14\/03\/2026 &#8211; Marseille"},"content":{"rendered":"<p data-start=\"181\" data-end=\"201\"><strong>10h et 11h15<\/strong><\/p>\n<p>&#13;<br \/>\n<strong data-start=\"208\" data-end=\"242\">SOUS LA COUVERTURE AUX \u00c9TOILES<\/strong>&#13;<\/p>\n<p data-start=\"245\" data-end=\"481\">Lecture \u2013 Spectacle immersif<br data-start=\"275\" data-end=\"278\"\/> <strong data-start=\"278\" data-end=\"298\">Compagnie sous X<\/strong><br data-start=\"298\" data-end=\"301\"\/> Alix Denambride, metteuse en sc\u00e8ne et com\u00e9dienne<br data-start=\"349\" data-end=\"352\"\/> Julie Rousse, cr\u00e9atrice sonore<br data-start=\"382\" data-end=\"385\"\/> Alice Ruffini, sc\u00e9nographe et r\u00e9gisseuse<br data-start=\"425\" data-end=\"428\"\/> Aude Schmitter, com\u00e9dienne<br data-start=\"454\" data-end=\"457\"\/> Elsa Valentin, autrice<\/p>\n<p>&#13;<\/p>\n<p data-start=\"483\" data-end=\"778\">Une dr\u00f4le de randonn\u00e9e s\u2019organise \u00e0 travers une for\u00eat de livres.<br data-start=\"547\" data-end=\"550\"\/> La nuit tombe, un abri se d\u00e9couvre. Le campement se met en place et une grande couverture est d\u00e9ploy\u00e9e. Elle a le pouvoir de dialoguer avec les \u00e9toiles et de raconter des histoires\u2026 \u00e0 condition de retrouver la formule magique.<\/p>\n<p>&#13;<\/p>\n<p data-start=\"780\" data-end=\"872\">Une exploration des mots, onirique et immersive, sp\u00e9cialement con\u00e7ue pour les tout-petits.<\/p>\n<p>&#13;<\/p>\n<p data-start=\"874\" data-end=\"914\"><strong data-start=\"874\" data-end=\"892\">Dur\u00e9e : 45 min<\/strong><br data-start=\"892\" data-end=\"895\"\/> <strong data-start=\"895\" data-end=\"914\">Jeune public +3<\/strong><\/p>\n<p>&#13;<br \/>\n&#13;<\/p>\n<p data-start=\"921\" data-end=\"934\"><strong data-start=\"925\" data-end=\"934\">11h30<\/strong><\/p>\n<p>&#13;<br \/>\n<strong data-start=\"941\" data-end=\"954\">BIOTROPES<\/strong>&#13;<\/p>\n<p data-start=\"957\" data-end=\"1082\">Performance sonore<br data-start=\"977\" data-end=\"980\"\/> <strong data-start=\"980\" data-end=\"997\">Alphabetville<\/strong><br data-start=\"997\" data-end=\"1000\"\/> Leos Ator, musicien et performeur<br data-start=\"1033\" data-end=\"1036\"\/> Audrey Repon, compositrice et artiste sonore<\/p>\n<p>&#13;<\/p>\n<p data-start=\"1084\" data-end=\"1345\">Une excursion \u00e0 l\u2019\u00e9coute de sons num\u00e9riques imitant artificiellement ceux de la nature : formes, textures et interactions.<br data-start=\"1206\" data-end=\"1209\"\/> Entre r\u00e9alit\u00e9 et fiction, vous naviguez dans un paysage sonore troublant, une invitation \u00e0 pr\u00eater l\u2019oreille au monde qui vous entoure.<\/p>\n<p>&#13;<\/p>\n<p data-start=\"1347\" data-end=\"1379\"><strong data-start=\"1347\" data-end=\"1361\">Dur\u00e9e : 1h<\/strong><br data-start=\"1361\" data-end=\"1364\"\/> <strong data-start=\"1364\" data-end=\"1379\">Tout public<\/strong><\/p>\n<p>&#13;<br \/>\n&#13;<\/p>\n<p data-start=\"1386\" data-end=\"1408\"><strong data-start=\"1390\" data-end=\"1408\">13h30 et 14h30<\/strong><\/p>\n<p>&#13;<br \/>\n<strong data-start=\"1415\" data-end=\"1454\">J\u2019AI CHEMIN\u00c9 DANS LES BIBLIOTH\u00c8QUES<\/strong>&#13;<\/p>\n<p data-start=\"1457\" data-end=\"1686\">Lecture \u2013 Projection \u2013 Balade<br data-start=\"1488\" data-end=\"1491\"\/> <strong data-start=\"1491\" data-end=\"1507\">Polly Maggoo<\/strong><br data-start=\"1507\" data-end=\"1510\"\/> Christelle Nicolas, historienne de l\u2019art<br data-start=\"1550\" data-end=\"1553\"\/> Rapha\u00eblle Paupert-Borne, peintre et cin\u00e9aste<br data-start=\"1597\" data-end=\"1600\"\/> \u00c9lisabeth Vernier, artiste plasticienne<br data-start=\"1639\" data-end=\"1642\"\/> Ariane Wilson, enseignante en architecture<\/p>\n<p>&#13;<\/p>\n<p data-start=\"1688\" data-end=\"2077\">Hommage \u00e0 <strong data-start=\"1698\" data-end=\"1715\">Hendrik Sturm<\/strong>, artiste-marcheur r\u00e9cemment disparu, professeur aux Beaux-Arts de Toulon et cofondateur du sentier urbain GR2013.<br data-start=\"1829\" data-end=\"1832\"\/> Ce temps de partage r\u00e9unit plusieurs de ses complices de cr\u00e9ation autour d\u2019une balade dans et autour de la m\u00e9diath\u00e8que, de lectures, de la projection d\u2019un court-m\u00e9trage et de la pr\u00e9sentation d\u2019un livre d\u2019artiste issu du projet Le Grand Tour.<\/p>\n<p>&#13;<\/p>\n<p data-start=\"2079\" data-end=\"2210\"><strong data-start=\"2079\" data-end=\"2090\">Dur\u00e9e :<\/strong><br data-start=\"2090\" data-end=\"2093\"\/> \u2013 <strong data-start=\"2095\" data-end=\"2105\">45 min<\/strong> \u00e0 13h30 (dans la biblioth\u00e8que)<br data-start=\"2138\" data-end=\"2141\"\/> \u2013 <strong data-start=\"2143\" data-end=\"2149\">2h<\/strong> \u00e0 14h30 (en ext\u00e9rieur \u2013 sur inscription)<br data-start=\"2192\" data-end=\"2195\"\/> <strong data-start=\"2195\" data-end=\"2210\">Tout public<\/strong><\/p>\n<p>&#13;<br \/>\n&#13;<\/p>\n<p data-start=\"2217\" data-end=\"2228\"><strong data-start=\"2221\" data-end=\"2228\">14h<\/strong><\/p>\n<p>&#13;<br \/>\n<strong data-start=\"2235\" data-end=\"2253\">SALON DU LIVRE<\/strong>&#13;<\/p>\n<p data-start=\"2256\" data-end=\"2415\">Atelier \u2013 Exposition \u2013 Rencontre<br data-start=\"2290\" data-end=\"2293\"\/> <strong data-start=\"2293\" data-end=\"2317\">Atelier des H\u00e9ro\u00efnes<\/strong><br data-start=\"2317\" data-end=\"2320\"\/> Agathe Monnier, illustratrice<br data-start=\"2349\" data-end=\"2352\"\/> Am\u00e9lie Laval, autrice<br data-start=\"2373\" data-end=\"2376\"\/> Lisa Lugrin, autrice et illustratrice<\/p>\n<p>&#13;<\/p>\n<p data-start=\"2417\" data-end=\"2799\">D\u00e9ambulez librement dans la m\u00e9diath\u00e8que et, selon vos envies :<br data-start=\"2479\" data-end=\"2482\"\/> participez \u00e0 une fresque collaborative, r\u00e9alisez un fanzine et imprimez-le en direct, observez les productions issues des ateliers (affiches en s\u00e9rigraphie, livre leporello, cyanotypes, magazine Rossinante distribu\u00e9 et d\u00e9dicac\u00e9), ou explorez une s\u00e9lection d\u2019ouvrages consacr\u00e9s au <strong data-start=\"2764\" data-end=\"2796\">matrimoine en bande dessin\u00e9e<\/strong>.<\/p>\n<p>&#13;<\/p>\n<p data-start=\"2801\" data-end=\"2847\">Une invitation \u00e0 sortir des sentiers battus.<\/p>\n<p>&#13;<\/p>\n<p data-start=\"2849\" data-end=\"2894\"><strong data-start=\"2849\" data-end=\"2876\">Dur\u00e9e : 2h \u2013 En continu<\/strong><br data-start=\"2876\" data-end=\"2879\"\/> <strong data-start=\"2879\" data-end=\"2894\">Tout public<\/strong><\/p>\n<p>&#13;<br \/>\n&#13;<\/p>\n<p data-start=\"2901\" data-end=\"2912\"><strong data-start=\"2905\" data-end=\"2912\">16h<\/strong><\/p>\n<p>&#13;<br \/>\n<strong data-start=\"2919\" data-end=\"2962\">POUR UN MATRIMOINE DE LA BD UNDERGROUND<\/strong>&#13;<\/p>\n<p data-start=\"2965\" data-end=\"3091\">Conf\u00e9rence dessin\u00e9e<br data-start=\"2986\" data-end=\"2989\"\/> <strong data-start=\"2989\" data-end=\"3013\">Atelier des H\u00e9ro\u00efnes<\/strong><br data-start=\"3013\" data-end=\"3016\"\/> Elsa Kl\u00e9e et Lucile Ourvouai, co\u00e9ditrices de Fanatic Female Frustration<\/p>\n<p>&#13;<\/p>\n<p data-start=\"3093\" data-end=\"3448\">Lectures perform\u00e9es et dessins r\u00e9alis\u00e9s en direct accompagnent cette immersion dans la cr\u00e9ation f\u00e9ministe en bande dessin\u00e9e.<br data-start=\"3217\" data-end=\"3220\"\/> De la BD alternative des ann\u00e9es 1960 \u00e0 aujourd\u2019hui, vous explorez une g\u00e9n\u00e9alogie \u00e0 travers le parcours d\u2019Aline Kominsky-Crumb, pionni\u00e8re de l\u2019autobiographie f\u00e9minine, et d\u2019artistes queers et f\u00e9ministes encore trop peu connues.<\/p>\n<p>&#13;<\/p>\n<p data-start=\"3450\" data-end=\"3486\"><strong data-start=\"3450\" data-end=\"3466\">Dur\u00e9e : 1h30<\/strong><br data-start=\"3466\" data-end=\"3469\"\/> <strong data-start=\"3469\" data-end=\"3486\">Public adulte<\/strong><\/p>\n<p>&#13;<br \/>\n&#13;<\/p>\n<p data-start=\"3493\" data-end=\"3506\"><strong data-start=\"3497\" data-end=\"3506\">17h30<\/strong><\/p>\n<p>&#13;<br \/>\n<strong data-start=\"3513\" data-end=\"3582\">CL\u00d4TURE DE LA JOURN\u00c9E ET DE LA 9\u1d49 \u00c9DITION DE LECTURE PAR NATURE<\/strong>&#13;<\/p>\n<p data-start=\"3585\" data-end=\"3604\">Temps convivial<\/p>\n<p>&#13;<\/p>\n<p data-start=\"3606\" data-end=\"3762\">\u00c9changes autour des dessins r\u00e9alis\u00e9s lors de la balade, partages d\u2019exp\u00e9riences et moment convivial pour clore cette journ\u00e9e et cette 9\u1d49 \u00e9dition du festival.<\/p>\n<p>&#13;<\/p>\n<p>\t\t\t\tLecture par Nature : quand la litt\u00e9rature se met en chemin&#13;<\/p>\n","protected":false},"excerpt":{"rendered":"10h et 11h15 &#13; SOUS LA COUVERTURE AUX \u00c9TOILES&#13; Lecture \u2013 Spectacle immersif Compagnie sous X Alix Denambride,&hellip;\n","protected":false},"author":2,"featured_media":660702,"comment_status":"","ping_status":"","sticky":false,"template":"","format":"standard","meta":{"footnotes":""},"categories":[2814],"tags":[1111,11,1777,674,1011,27,884,12,882,25],"class_list":{"0":"post-660701","1":"post","2":"type-post","3":"status-publish","4":"format-standard","5":"has-post-thumbnail","7":"category-marseille","8":"tag-actu","9":"tag-actualites","10":"tag-eu","11":"tag-europe","12":"tag-fr","13":"tag-france","14":"tag-marseille","15":"tag-news","16":"tag-provence-alpes-cote-dazur","17":"tag-republique-francaise"},"share_on_mastodon":{"url":"https:\/\/pubeurope.com\/@fr\/115888100714522175","error":""},"_links":{"self":[{"href":"https:\/\/www.europesays.com\/fr\/wp-json\/wp\/v2\/posts\/660701","targetHints":{"allow":["GET"]}}],"collection":[{"href":"https:\/\/www.europesays.com\/fr\/wp-json\/wp\/v2\/posts"}],"about":[{"href":"https:\/\/www.europesays.com\/fr\/wp-json\/wp\/v2\/types\/post"}],"author":[{"embeddable":true,"href":"https:\/\/www.europesays.com\/fr\/wp-json\/wp\/v2\/users\/2"}],"replies":[{"embeddable":true,"href":"https:\/\/www.europesays.com\/fr\/wp-json\/wp\/v2\/comments?post=660701"}],"version-history":[{"count":0,"href":"https:\/\/www.europesays.com\/fr\/wp-json\/wp\/v2\/posts\/660701\/revisions"}],"wp:featuredmedia":[{"embeddable":true,"href":"https:\/\/www.europesays.com\/fr\/wp-json\/wp\/v2\/media\/660702"}],"wp:attachment":[{"href":"https:\/\/www.europesays.com\/fr\/wp-json\/wp\/v2\/media?parent=660701"}],"wp:term":[{"taxonomy":"category","embeddable":true,"href":"https:\/\/www.europesays.com\/fr\/wp-json\/wp\/v2\/categories?post=660701"},{"taxonomy":"post_tag","embeddable":true,"href":"https:\/\/www.europesays.com\/fr\/wp-json\/wp\/v2\/tags?post=660701"}],"curies":[{"name":"wp","href":"https:\/\/api.w.org\/{rel}","templated":true}]}}