{"id":660703,"date":"2026-01-13T13:47:11","date_gmt":"2026-01-13T13:47:11","guid":{"rendered":"https:\/\/www.europesays.com\/fr\/660703\/"},"modified":"2026-01-13T13:47:11","modified_gmt":"2026-01-13T13:47:11","slug":"a-marseille-la-cartographie-interactive-du-logement-etudiant","status":"publish","type":"post","link":"https:\/\/www.europesays.com\/fr\/660703\/","title":{"rendered":"\u00c0 Marseille, la cartographie interactive du logement \u00e9tudiant"},"content":{"rendered":"<p>                    <img loading=\"lazy\" decoding=\"async\" src=\"https:\/\/www.europesays.com\/fr\/wp-content\/uploads\/2026\/01\/9c5e3117c864db60a5f30cad2ec487.jpg\" class=\"img-responsive post-image\" width=\"680\" height=\"510\" alt=\"\u00c0 Marseille, la cartograp\" title=\"\u00c0 Marseille, la cartographie interactive du logement \u00e9tudiant\"\/><\/p>\n<p class=\"chapo\">Une cartographie interactive a \u00e9t\u00e9 \u00e9tablie pour faciliter la recherche de logement \u00e9tudiant sur le territoire Aix-Marseille-Provence.<\/p>\n<p>Ainsi, l\u2019AGAM et l\u2019Observatoire Territorial du Logement \u00c9tudiant Aix-Marseille-Provence (OTLE AMP) proposent une nouvelle version enrichie de la cartographie interactive du logement \u00e9tudiant. La cartographie a \u00e9t\u00e9 enti\u00e8rement repens\u00e9e pour offrir une interface plus intuitive et une navigation optimis\u00e9e, accessible d\u00e9sormais sur smartphone.<\/p>\n<p>Pens\u00e9e pour les \u00e9tudiants et futurs \u00e9tudiants, mais aussi pour les acteurs du logement,<a href=\"https:\/\/spot.agam.org\/dynamiquesurbaine\/?couches=112,111,59,60,61,79\" class=\"texte\" rel=\"external noopener\" target=\"_blank\">cette ressource vise \u00e0 faciliter les recherches de logement<\/a> en fonction du lieu d\u2019\u00e9tude, tout en offrant une vision globale de l\u2019environnement urbain.<\/p>\n<p>Ce que vous pouvez y retrouver <\/p>\n<p><strong>Les r\u00e9sidences \u00e9tudiantes <\/strong>\u00a0: Cit\u00e9s U, r\u00e9sidences universitaires, r\u00e9sidences priv\u00e9es, internats\u2026 avec des liens directs vers les sites des gestionnaires\u00a0;<br class=\"autobr\"\/><br \/>\n<strong>Les \u00e9tablissements d\u2019enseignement <\/strong>\u00a0: lyc\u00e9es, universit\u00e9s, \u00e9coles et institutions\u00a0;<br class=\"autobr\"\/><br \/>\n<strong>Les r\u00e9seaux de transports en commun<\/strong>\u00a0: m\u00e9tro, tramway, BHNS, bus\u00a0;<br class=\"autobr\"\/><br \/>\n<strong>Les services de sant\u00e9<\/strong>, les campus AMP et les restos U\u00a0;<br class=\"autobr\"\/><br \/>\n<strong>Un lien direct pour faire une \u00ab\u00a0Demande de logement social\u00a0\u00bb.<\/strong><\/p>\n","protected":false},"excerpt":{"rendered":"Une cartographie interactive a \u00e9t\u00e9 \u00e9tablie pour faciliter la recherche de logement \u00e9tudiant sur le territoire Aix-Marseille-Provence. Ainsi,&hellip;\n","protected":false},"author":2,"featured_media":660704,"comment_status":"","ping_status":"","sticky":false,"template":"","format":"standard","meta":{"footnotes":""},"categories":[2814],"tags":[1111,11,2408,1777,674,1011,27,884,12,882,25],"class_list":{"0":"post-660703","1":"post","2":"type-post","3":"status-publish","4":"format-standard","5":"has-post-thumbnail","7":"category-marseille","8":"tag-actu","9":"tag-actualites","10":"tag-appels-d","11":"tag-eu","12":"tag-europe","13":"tag-fr","14":"tag-france","15":"tag-marseille","16":"tag-news","17":"tag-provence-alpes-cote-dazur","18":"tag-republique-francaise"},"share_on_mastodon":{"url":"https:\/\/pubeurope.com\/@fr\/115888104708484689","error":""},"_links":{"self":[{"href":"https:\/\/www.europesays.com\/fr\/wp-json\/wp\/v2\/posts\/660703","targetHints":{"allow":["GET"]}}],"collection":[{"href":"https:\/\/www.europesays.com\/fr\/wp-json\/wp\/v2\/posts"}],"about":[{"href":"https:\/\/www.europesays.com\/fr\/wp-json\/wp\/v2\/types\/post"}],"author":[{"embeddable":true,"href":"https:\/\/www.europesays.com\/fr\/wp-json\/wp\/v2\/users\/2"}],"replies":[{"embeddable":true,"href":"https:\/\/www.europesays.com\/fr\/wp-json\/wp\/v2\/comments?post=660703"}],"version-history":[{"count":0,"href":"https:\/\/www.europesays.com\/fr\/wp-json\/wp\/v2\/posts\/660703\/revisions"}],"wp:featuredmedia":[{"embeddable":true,"href":"https:\/\/www.europesays.com\/fr\/wp-json\/wp\/v2\/media\/660704"}],"wp:attachment":[{"href":"https:\/\/www.europesays.com\/fr\/wp-json\/wp\/v2\/media?parent=660703"}],"wp:term":[{"taxonomy":"category","embeddable":true,"href":"https:\/\/www.europesays.com\/fr\/wp-json\/wp\/v2\/categories?post=660703"},{"taxonomy":"post_tag","embeddable":true,"href":"https:\/\/www.europesays.com\/fr\/wp-json\/wp\/v2\/tags?post=660703"}],"curies":[{"name":"wp","href":"https:\/\/api.w.org\/{rel}","templated":true}]}}