{"id":660710,"date":"2026-01-13T13:52:09","date_gmt":"2026-01-13T13:52:09","guid":{"rendered":"https:\/\/www.europesays.com\/fr\/660710\/"},"modified":"2026-01-13T13:52:09","modified_gmt":"2026-01-13T13:52:09","slug":"rachida-dati-craint-un-emiettement-des-voix-et-appelle-a-un-vote-utile-au-premier-tour","status":"publish","type":"post","link":"https:\/\/www.europesays.com\/fr\/660710\/","title":{"rendered":"Rachida Dati craint \u00ab\u00a0un \u00e9miettement des voix\u00a0\u00bb et appelle \u00e0 un vote utile au premier tour"},"content":{"rendered":"<p>                    Par<br \/>\n        <strong><br \/>\n            <a href=\"https:\/\/actu.fr\/auteur\/redaction-paris\" title=\"Consulter tous les articles de R\u00e9daction Paris\" target=\"_blank\" rel=\"noopener\">R\u00e9daction Paris<\/a><br \/>\n                    <\/strong><\/p>\n<p>        Publi\u00e9 le<\/p>\n<p>            13 janv. 2026 \u00e0 14h24        <\/p>\n<p>\u00ab\u00a0J\u2019appelle tous les Parisiens \u00e0 un vote utile. Nous avons une chance historique de gagner Paris\u00a0\u00bb, a d\u00e9clar\u00e9 sur Europe 1 <a href=\"https:\/\/actu.fr\/tag\/rachida-dati\" target=\"_blank\" rel=\"noopener\">Rachida Dati<\/a>, candidate Les R\u00e9publicains \u00e0 la succession d\u2019<a href=\"https:\/\/actu.fr\/tag\/anne-hidalgo\" target=\"_blank\" rel=\"noopener\">Anne Hidalgo<\/a>.<\/p>\n<p>\u00ab\u00a0Un ch\u00e8que en blanc \u00e0 la gauche\u00a0\u00bb<\/p>\n<p class=\" wall-content\">La ministre de la Culture a appel\u00e9 ce mardi 13 janvier 2026 \u00e0 un \u00ab\u00a0vote utile\u00a0\u00bb \u00e0 droite pour sa liste d\u00e8s le premier tour du scrutin des 15 et 22 mars.\u00a0Sans les nommer directement, elle a mis en garde contre \u00ab\u00a0un <strong>\u00e9miettement des voix<\/strong> et des votes au premier tour\u00a0\u00bb, \u00e0 l\u2019adresse des \u00e9lecteurs qui voudraient voter pour <a href=\"https:\/\/actu.fr\/ile-de-france\/paris_75056\/consensuel-inconnu-qui-est-pierre-yves-bournazel-l-anti-dati-a-droite-pour-les-municipales-a-paris_63365132.html\" target=\"_blank\" rel=\"noopener\">Pierre-Yves Bournazel<\/a> (Horizons) ou <a href=\"https:\/\/actu.fr\/ile-de-france\/paris_75056\/municipales-a-paris-propos-racistes-fuite-de-donnees-le-site-de-campagne-tres-polemique-de-sarah-knafo_63678533.html\" target=\"_blank\" rel=\"noopener\">Sarah Knafo<\/a> (Reconqu\u00eate), qui vient d\u2019officialiser sa candidature.<\/p>\n<p class=\" wall-content\">\u00ab\u00a0Ce serait un <strong>ch\u00e8que en blanc \u00e0 la gauche<\/strong> et \u00e0 l\u2019extr\u00eame gauche. L\u2019alternance serait compromise, je le dis en responsabilit\u00e9\u00a0\u00bb, a ajout\u00e9 la maire du 7e arrondissement, soulignant qu\u2019avec la <a href=\"https:\/\/actu.fr\/ile-de-france\/paris_75056\/municipales-2026-a-paris-la-reforme-de-la-loi-plm-secoue-les-equilibres-un-formidable-retour-en-arriere_63020900.html\" target=\"_blank\" rel=\"noopener\">r\u00e9forme du mode de scrutin<\/a> aux municipales pour Paris, Lyon et Marseille, les Parisiens \u00ab\u00a0pourront voter directement\u00a0\u00bb pour elle \u00ab\u00a0quel que soit l\u2019arrondissement\u00a0\u00bb.<\/p>\n<p>Pas d\u2019alliance avec LFI<\/p>\n<p class=\" wall-content\">Selon deux sondages parus samedi, Rachida Dati est devanc\u00e9e au premier tour par <a href=\"https:\/\/actu.fr\/tag\/emmanuel-gregoire\" target=\"_blank\" rel=\"noopener\">Emmanuel Gr\u00e9goire<\/a>, le candidat de la gauche unie (hors LFI), avant un <strong>second tour qui s\u2019annonce tr\u00e8s serr\u00e9<\/strong>.\u00a0<\/p>\n<p class=\" wall-content\">Cr\u00e9dit\u00e9 de 16 % des intentions de vote, Pierre-Yves Bournazel, le candidat d\u2019Horizons auquel s\u2019est ralli\u00e9 Renaissance, devrait <strong>jouer un r\u00f4le cl\u00e9<\/strong> entre les deux tours. Sarah Knafo, qui vient de lancer sa campagne, r\u00e9colterait entre 7 % et 8 % des voix, non loin du seuil minimal (10 %) pour se maintenir au second tour.\u00a0La candidate du parti d\u2019Eric Zemmour affirme qu\u2019elle ne fera \u00ab\u00a0jamais perdre la droite\u00a0\u00bb, sans pr\u00e9ciser si elle se maintiendrait ou non au second tour.<\/p>\n<p class=\" wall-content\">Rachida Dati a par ailleurs d\u00e9menti discuter avec <a href=\"https:\/\/actu.fr\/ile-de-france\/paris_75056\/candidate-lfi-aux-municipales-a-paris-sophia-chikirou-sera-jugee-en-mai-2026-pour-escroquerie_63648436.html\" target=\"_blank\" rel=\"noopener\">la candidate insoumise Sophia Chikirou<\/a>, elle aussi en capacit\u00e9 de se maintenir au second tour selon les sondages, comme l\u2019a affirm\u00e9 Le Nouvel Observateur. \u00ab\u00a0M. Gr\u00e9goire voulait la rallier. Elle n\u2019a pas voulu donc <strong>il me la renvoie<\/strong>. On n\u2019\u00e9change pas sur la politique, on n\u2019\u00e9change pas tout court d\u2019ailleurs\u00a0\u00bb, a-t-elle assur\u00e9.<\/p>\n<p class=\" wall-content\">Avec AFP.<\/p>\n<p class=\" wall-content\">Personnalisez votre actualit\u00e9 en ajoutant vos villes et m\u00e9dias en favori avec <a href=\"https:\/\/moncompte.actu.fr\" title=\"D\u00e9couvez Mon Actu\" rel=\"nofollow noopener\" data-trk=\"{&quot;cta&quot;:{&quot;action&quot;:&quot;https:\\\/\\\/moncompte.actu.fr&quot;,&quot;category&quot;:&quot;mon compte&quot;,&quot;from&quot;:&quot;article footer&quot;,&quot;name&quot;:&quot;Mon actu&quot;,&quot;type&quot;:&quot;cta&quot;}}\" target=\"_blank\">Mon Actu<\/a>.<\/p>\n","protected":false},"excerpt":{"rendered":"Par R\u00e9daction Paris Publi\u00e9 le 13 janv. 2026 \u00e0 14h24 \u00ab\u00a0J\u2019appelle tous les Parisiens \u00e0 un vote utile.&hellip;\n","protected":false},"author":2,"featured_media":660711,"comment_status":"","ping_status":"","sticky":false,"template":"","format":"standard","meta":{"footnotes":""},"categories":[1888],"tags":[1111,1928,11,1927,4188,1777,674,1011,27,3434,12,1926,626,1925,316,417,25],"class_list":{"0":"post-660710","1":"post","2":"type-post","3":"status-publish","4":"format-standard","5":"has-post-thumbnail","7":"category-paris","8":"tag-actu","9":"tag-actu-paris","10":"tag-actualites","11":"tag-actualites-paris","12":"tag-elections-municipales","13":"tag-eu","14":"tag-europe","15":"tag-fr","16":"tag-france","17":"tag-municipales-2026","18":"tag-news","19":"tag-news-paris","20":"tag-paris","21":"tag-paris-news","22":"tag-politique","23":"tag-rachida-dati","24":"tag-republique-francaise"},"share_on_mastodon":{"url":"https:\/\/pubeurope.com\/@fr\/115888124291212442","error":""},"_links":{"self":[{"href":"https:\/\/www.europesays.com\/fr\/wp-json\/wp\/v2\/posts\/660710","targetHints":{"allow":["GET"]}}],"collection":[{"href":"https:\/\/www.europesays.com\/fr\/wp-json\/wp\/v2\/posts"}],"about":[{"href":"https:\/\/www.europesays.com\/fr\/wp-json\/wp\/v2\/types\/post"}],"author":[{"embeddable":true,"href":"https:\/\/www.europesays.com\/fr\/wp-json\/wp\/v2\/users\/2"}],"replies":[{"embeddable":true,"href":"https:\/\/www.europesays.com\/fr\/wp-json\/wp\/v2\/comments?post=660710"}],"version-history":[{"count":0,"href":"https:\/\/www.europesays.com\/fr\/wp-json\/wp\/v2\/posts\/660710\/revisions"}],"wp:featuredmedia":[{"embeddable":true,"href":"https:\/\/www.europesays.com\/fr\/wp-json\/wp\/v2\/media\/660711"}],"wp:attachment":[{"href":"https:\/\/www.europesays.com\/fr\/wp-json\/wp\/v2\/media?parent=660710"}],"wp:term":[{"taxonomy":"category","embeddable":true,"href":"https:\/\/www.europesays.com\/fr\/wp-json\/wp\/v2\/categories?post=660710"},{"taxonomy":"post_tag","embeddable":true,"href":"https:\/\/www.europesays.com\/fr\/wp-json\/wp\/v2\/tags?post=660710"}],"curies":[{"name":"wp","href":"https:\/\/api.w.org\/{rel}","templated":true}]}}