{"id":660712,"date":"2026-01-13T13:53:11","date_gmt":"2026-01-13T13:53:11","guid":{"rendered":"https:\/\/www.europesays.com\/fr\/660712\/"},"modified":"2026-01-13T13:53:11","modified_gmt":"2026-01-13T13:53:11","slug":"paris-previsions-meteo-du-mardi-13-janvier-2026","status":"publish","type":"post","link":"https:\/\/www.europesays.com\/fr\/660712\/","title":{"rendered":"Paris : pr\u00e9visions m\u00e9t\u00e9o du mardi 13 janvier 2026"},"content":{"rendered":"<p>\u00c0 Paris, la journ\u00e9e du mardi 13 janvier 2026 sera globalement grise avec un ciel tr\u00e8s nuageux et quelques \u00e9claircies \u00e9parses. Les temp\u00e9ratures resteront douces pour la saison, sans risque notable de pr\u00e9cipitations.<\/p>\n<p>Entre douceur et humidit\u00e9, Paris traverse ce mardi 13 janvier 2026 une journ\u00e9e paisible, sans ph\u00e9nom\u00e8ne dangereux mais sous un ciel souvent couvert. Appuyons-nous sur les donn\u00e9es officielles pour organiser d\u00e9placements et activit\u00e9s en toute s\u00e9r\u00e9nit\u00e9.<\/p>\n<p>Matin : \u00e9claircies timides avant midi<\/p>\n<p>Le jour se l\u00e8ve \u00e0 08 h 39. \u00c0 09 h, la capitale enregistre <b>10 \u00b0C<\/b>, avec un ressenti de <b>7 \u00b0C<\/b>. Quelques \u00e9claircies parviennent \u00e0 s\u2019imposer \u00e0 travers une couverture nuageuse mod\u00e9r\u00e9e, tandis que l\u2019humidit\u00e9 atteint 78 %. Un vent de sud souffle autour de 13 km\/h.<\/p>\n<p>La probabilit\u00e9 d\u2019averse reste limit\u00e9e \u00e0 28 %, sans accumulation notable. Il est donc possible de privil\u00e9gier le v\u00e9lo ou la marche, en pr\u00e9voyant toutefois un coupe-vent l\u00e9ger : la pression, proche de 1 011 hPa, confirme une atmosph\u00e8re stable.<\/p>\n<p>Apr\u00e8s-midi : gris mais sec<\/p>\n<p>\u00c0 l\u2019heure du d\u00e9jeuner, la n\u00e9bulosit\u00e9 se densifie et le ciel devient tr\u00e8s nuageux. La temp\u00e9rature maximale attendue est de <b>12 \u00b0C<\/b>, pour un ressenti de <b>9 \u00b0C<\/b>, tandis que l\u2019humidit\u00e9 descend \u00e0 60 %. Aucune pluie n\u2019est pr\u00e9vue.<\/p>\n<ul>\n<li>Vent de sud : <b>12 km\/h<\/b><\/li>\n<li>Visibilit\u00e9 correcte pour les trajets routiers<\/li>\n<li>Indice pollution : ind\u00e9fini mais stable<\/li>\n<\/ul>\n<p>M\u00eame sous la grisaille, l\u2019indice UV d\u2019hiver demeure faible ; lunettes et cr\u00e8me solaire restent superflues. Cependant, l\u2019\u00e9cart entre temp\u00e9rature r\u00e9elle et ressenti justifie de pr\u00e9voir une couche isolante pour se pr\u00e9munir des frissons lors des attentes aux arr\u00eats de bus.<\/p>\n<p>Soir : ciel variable \u00e0 la sortie du bureau<\/p>\n<p>Le soleil se couche \u00e0 17 h 18, au moment o\u00f9 des \u00e9claircies r\u00e9apparaissent par intermittence. Vers 21 h, le thermom\u00e8tre affiche <b>11 \u00b0C<\/b>, pour un ressenti de <b>8 \u00b0C<\/b>. Le flux de sud faiblit \u00e0 10 km\/h, installant une ambiance calme.<\/p>\n<p>La probabilit\u00e9 de pluie descend sous les 5 %, permettant de profiter d\u2019une sortie nocturne sans parapluie. L\u2019humidit\u00e9 reste marqu\u00e9e (73 %), procurant une sensation de fra\u00eecheur, surtout pour les riverains proches de la Seine. Pour organiser une balade nocturne, consultez <a href=\"https:\/\/www.meteocity.com\/france\/paris-v2988507\/tourisme\" target=\"_blank\" rel=\"noopener\">notre page tourisme<\/a>.<\/p>\n<p>Tendance pour jeudi 14 janvier<\/p>\n<p>Jeudi, les mod\u00e8les pr\u00e9voient une l\u00e9g\u00e8re hausse des temp\u00e9ratures, avec un minimum de <b>9 \u00b0C<\/b> et un maximum de <b>13 \u00b0C<\/b>. Le risque de pr\u00e9cipitation augmente \u00e0 14 %, avec environ 1,5 mm attendus, soit une pluie faible mais mesurable.<\/p>\n<p>Sous un flux de sud-sud-ouest limit\u00e9 \u00e0 16 km\/h, l\u2019atmosph\u00e8re restera humide (82 %). Il sera prudent d\u2019anticiper trottoirs glissants et temps de trajet possiblement rallong\u00e9. Pour plus de d\u00e9tails, consultez <a href=\"https:\/\/www.meteocity.com\/france\/paris-v2988507\" target=\"_blank\" rel=\"noopener\">notre bulletin complet<\/a>.<\/p>\n<p>Contexte climat et impacts locaux<\/p>\n<p>Depuis plusieurs hivers, l\u2019\u00cele-de-France conna\u00eet des \u00e9pisodes de douceur plus fr\u00e9quents. Selon Copernicus, la temp\u00e9rature moyenne hivernale a augment\u00e9 d\u2019environ 1 \u00b0C en quarante ans, signe tangible du r\u00e9chauffement climatique dont on observe d\u00e9sormais les effets.<\/p>\n<p>Cette atonie atmosph\u00e9rique profite \u00e0 la qualit\u00e9 de l\u2019air, m\u00eame si la mesure reste ind\u00e9finie faute de capteurs. L\u2019absence de vent fort limite le brassage, mais r\u00e9duit aussi la dispersion des \u00e9ventuels polluants urbains.<\/p>\n<p>En r\u00e9sum\u00e9, la m\u00e9t\u00e9o parisienne s\u2019annonce grise mais relativement cl\u00e9mente pour un mois de janvier ; aucune vigilance particuli\u00e8re n\u2019est \u00e0 signaler. Restons toutefois attentifs au retour de petites pluies demain et profitons des \u00e9claircies, appareil photo \u00e0 la main.<\/p>\n<ul>\n<li>Temp\u00e9rature : <b>7 \u00b0C<\/b> \u00e0 l\u2019aube, <b>12 \u00b0C<\/b> l\u2019apr\u00e8s-midi<\/li>\n<li>Vent : faible, secteur sud<\/li>\n<li>Risque pluie : inf\u00e9rieur \u00e0 30 % aujourd\u2019hui, <b>14 %<\/b> demain<\/li>\n<\/ul>\n<p>La douceur relative limite \u00e9galement les co\u00fbts de chauffage pour les foyers et les commer\u00e7ants : une bonne nouvelle apr\u00e8s les f\u00eates. Attention cependant aux l\u00e9gumes d\u2019hiver, qui requi\u00e8rent un arrosage r\u00e9gulier en l\u2019absence de pr\u00e9cipitations significatives ce mardi.<\/p>\n","protected":false},"excerpt":{"rendered":"\u00c0 Paris, la journ\u00e9e du mardi 13 janvier 2026 sera globalement grise avec un ciel tr\u00e8s nuageux et&hellip;\n","protected":false},"author":2,"featured_media":660713,"comment_status":"","ping_status":"","sticky":false,"template":"","format":"standard","meta":{"footnotes":""},"categories":[1888],"tags":[1111,1928,11,1927,1777,674,1011,27,12,1926,626,1925,25],"class_list":{"0":"post-660712","1":"post","2":"type-post","3":"status-publish","4":"format-standard","5":"has-post-thumbnail","7":"category-paris","8":"tag-actu","9":"tag-actu-paris","10":"tag-actualites","11":"tag-actualites-paris","12":"tag-eu","13":"tag-europe","14":"tag-fr","15":"tag-france","16":"tag-news","17":"tag-news-paris","18":"tag-paris","19":"tag-paris-news","20":"tag-republique-francaise"},"share_on_mastodon":{"url":"https:\/\/pubeurope.com\/@fr\/115888128226840091","error":""},"_links":{"self":[{"href":"https:\/\/www.europesays.com\/fr\/wp-json\/wp\/v2\/posts\/660712","targetHints":{"allow":["GET"]}}],"collection":[{"href":"https:\/\/www.europesays.com\/fr\/wp-json\/wp\/v2\/posts"}],"about":[{"href":"https:\/\/www.europesays.com\/fr\/wp-json\/wp\/v2\/types\/post"}],"author":[{"embeddable":true,"href":"https:\/\/www.europesays.com\/fr\/wp-json\/wp\/v2\/users\/2"}],"replies":[{"embeddable":true,"href":"https:\/\/www.europesays.com\/fr\/wp-json\/wp\/v2\/comments?post=660712"}],"version-history":[{"count":0,"href":"https:\/\/www.europesays.com\/fr\/wp-json\/wp\/v2\/posts\/660712\/revisions"}],"wp:featuredmedia":[{"embeddable":true,"href":"https:\/\/www.europesays.com\/fr\/wp-json\/wp\/v2\/media\/660713"}],"wp:attachment":[{"href":"https:\/\/www.europesays.com\/fr\/wp-json\/wp\/v2\/media?parent=660712"}],"wp:term":[{"taxonomy":"category","embeddable":true,"href":"https:\/\/www.europesays.com\/fr\/wp-json\/wp\/v2\/categories?post=660712"},{"taxonomy":"post_tag","embeddable":true,"href":"https:\/\/www.europesays.com\/fr\/wp-json\/wp\/v2\/tags?post=660712"}],"curies":[{"name":"wp","href":"https:\/\/api.w.org\/{rel}","templated":true}]}}