{"id":660716,"date":"2026-01-13T13:55:13","date_gmt":"2026-01-13T13:55:13","guid":{"rendered":"https:\/\/www.europesays.com\/fr\/660716\/"},"modified":"2026-01-13T13:55:13","modified_gmt":"2026-01-13T13:55:13","slug":"direct-colere-des-agriculteurs-une-delegation-va-bientot-etre-recue-a-matignon-les-tracteurs-commencent-a-partir-de-la64","status":"publish","type":"post","link":"https:\/\/www.europesays.com\/fr\/660716\/","title":{"rendered":"DIRECT. Col\u00e8re des agriculteurs\u00a0: une d\u00e9l\u00e9gation va bient\u00f4t \u00eatre re\u00e7ue \u00e0 Matignon, les tracteurs commencent \u00e0 partir de l\u2019A64"},"content":{"rendered":"<p>14h40.Circulation des engins agricoles interdite sur plusieurs axes de l\u2019Aude<\/p>\n<p class=\"live-post__amorce\">En raison des mouvements de contestation en cours dans la r\u00e9gion et afin de pr\u00e9venir tout trouble \u00e0 l\u2019ordre public, le pr\u00e9fet de l\u2019Aude a pris un arr\u00eat\u00e9 interdisant la circulation des poids lourds transportant des tracteurs ou engins agricoles, ainsi que celle des tracteurs et engins agricoles eux-m\u00eames, du mardi 13 janvier \u00e0 0h au jeudi 15 janvier \u00e0 23h59, sauf pour les besoins li\u00e9s aux travaux agricoles et \u00e0 la desserte locale. Cette interdiction concerne les autoroutes A61 et A9 ainsi que plusieurs routes d\u00e9partementales autour de Narbonne et Carcassonne.<\/p>\n<p>12h09.<\/p>\n<p>Une d\u00e9l\u00e9gation d&rsquo;agriculteurs va \u00eatre re\u00e7ue \u00e0 Matignon \u00e0 14 heures<\/p>\n<p>11h20.Michel Barnier \u00e9voque la possible mise en place de \u00ab\u00a0rendez-vous r\u00e9guliers\u00a0\u00bb entre le gouvernement et les agriculteurs<\/p>\n<p class=\"live-post__amorce\">\u00ab\u00a0Les agriculteurs en ont ras-le-bol des promesses qui ne sont pas suivies\u00a0\u00bb, d\u00e9clare l&rsquo;ancien Premier ministre devant l&rsquo;Assembl\u00e9e nationale. Il appelle \u00e0 ne pas \u00ab\u00a0faire d&rsquo;esbroufe\u00a0\u00bb avec les agriculteurs et soumet l&rsquo;id\u00e9e de \u00ab\u00a0rendez-vous r\u00e9guliers\u00a0\u00bb entre le gouvernement et les agriculteurs.<\/p>\n<p>11h13.\u00a0\u00bbLever le barrage ne veut pas dire qu&rsquo;on arr\u00eate le combat\u00a0\u00bb, lance J\u00e9r\u00f4me Bayle<\/p>\n<p class=\"live-post__amorce\">\u00ab\u00a0L&rsquo;\u00c9tat n&rsquo;a pas de parole et ce n&rsquo;est pas des types comme \u00e7a qui vont d\u00e9cider de notre sort\u00a0\u00bb, a fustig\u00e9 J\u00e9r\u00f4me Bayle apr\u00e8s avoir annonc\u00e9 que les agriculteurs levaient le barrage sur l&rsquo;A64. \u00ab\u00a032 jours qu&rsquo;on ne nous respecte pas\u00a0\u00bb, lance-t-il, avant d&rsquo;ajouter  : \u00ab\u00a0On nous a jet\u00e9s par la porte, on reviendra par la fen\u00eatre\u00a0\u00bb. Le pr\u00e9fet \u00ab\u00a0n&rsquo;a m\u00eame pas voulu ouvrir un dialogue, il a envoy\u00e9 400 ou 500 CRS\u00a0\u00bb. \u00ab\u00a0Pr\u00e9parez-vous car la semaine prochaine \u00e7a va p\u00e9ter\u00a0\u00bb, promet-il.<\/p>\n<p>10h57.\u00a0\u00bbDes premi\u00e8res r\u00e9ponses concr\u00e8tes ont \u00e9t\u00e9 propos\u00e9es\u00a0\u00bb, lance la ministre de l&rsquo;Agriculture<\/p>\n<p class=\"live-post__amorce\">\u00ab\u00a0La mobilisation des agriculteurs traduit une inqui\u00e9tude l\u00e9gitime, que je comprends pleinement\u00a0\u00bb, d\u00e9clare Annie Genevard, ministre de l&rsquo;Agriculture sur X. \u00ab\u00a0Des premi\u00e8res r\u00e9ponses concr\u00e8tes ont d&rsquo;ores et d\u00e9j\u00e0 \u00e9t\u00e9 propos\u00e9es vendredi avec un plan d&rsquo;urgence portant l&rsquo;engagement de l&rsquo;Etat \u00e0 300 millions d&rsquo;euros et des simplifications concr\u00e8tes. Le temps est, comme toujours, \u00e0 la poursuite du dialogue et du travail.\u00a0\u00bb<\/p>\n<blockquote data-class=\"twitter-tweet\">\n<p lang=\"fr\" dir=\"ltr\">La mobilisation des agriculteurs traduit une inqui\u00e9tude l\u00e9gitime, que je comprends pleinement. J\u2019en appelle, comme toujours, au calme et au respect des personnes et des biens.<\/p>\n<p>Des premi\u00e8res r\u00e9ponses concr\u00e8tes ont d&rsquo;ores et d\u00e9j\u00e0 \u00e9t\u00e9 apport\u00e9es vendredi avec un plan d&rsquo;urgence\u2026<\/p>\n<p>\u2014 Annie Genevard (@AnnieGenevard) <a href=\"https:\/\/twitter.com\/AnnieGenevard\/status\/2011000803889221897?ref_src=twsrc%5Etfw\" target=\"_blank\" rel=\"noopener\">January 13, 2026<\/a><\/p><\/blockquote>\n<p>10h50.Aucun bovin ne sera pr\u00e9sent au Salon de l&rsquo;agriculture<\/p>\n<p class=\"live-post__amorce\">Aucun bovin ne sera pr\u00e9sent cette ann\u00e9e au Salon de l&rsquo;agriculture en raison de la dermatose bovine ont annonc\u00e9 les organisateurs. Une premi\u00e8re en 60 ans.<\/p>\n<p>10h47.<\/p>\n<p>Les agriculteurs pr\u00e9sents sur le barrage de l&rsquo;A64 vont lever le camp<\/p>\n<p>10h44.Tensions entre agriculteurs et forces de l&rsquo;ordre<\/p>\n<p class=\"live-post__amorce\">Au niveau du barrage de l&rsquo;A64, le face-\u00e0-face entre agriculteurs et forces de l&rsquo;ordre est tendu. Les ultras de l&rsquo;A64 tentent d&rsquo;atteindre le barrage, tandis que les gendarmes les repoussent. <\/p>\n<p>10h15.<\/p>\n<p>Les agriculteurs de la FNSEA d\u00e9termin\u00e9s \u00e0 rester \u00e0 Paris tant que leurs demandes ne seront pas \u00ab\u00a0entendues\u00a0\u00bb<\/p>\n<p>09h27.VIDEO.\u00a0Tensions et blocage au rond-point menant au barrage de l&rsquo;A64<\/p>\n<p class=\"live-post__amorce\">La circulation aux abords du rond-point menant au barrage a \u00e9t\u00e9 r\u00e9tablie l\u2019espace de trois minutes. Mais les agriculteurs se d\u00e9placent et bloquent de nouveau la route en s\u2019asseyant, tandis que les tensions avec les CRS sont palpables. Pour rappel, une centaine de force de l&rsquo;ordre sont aux abords du barrage pour lever le barrage, les n\u00e9gociations se poursuivent.<\/p>\n<p>09h23.Un barrage \u00e0 Samatan et plusieurs d\u00e9p\u00f4ts sur les chauss\u00e9es<\/p>\n<p class=\"live-post__amorce\">De nouveaux d\u00e9p\u00f4ts ont \u00e9t\u00e9 faits lors d\u2019une action agricole men\u00e9e dans la nuit du lundi\u00a012 au mardi 13\u00a0janvier, \u00e0 Condom dans le Gers. Pour en savoir plus,  <a href=\"https:\/\/www.ladepeche.fr\/2026\/01\/13\/colere-des-agriculteurs-dans-le-gers-nouveaux-depots-a-condom-le-point-sur-la-circulation-ce-mardi-13158993.php\" target=\"_blank\" rel=\"noopener noreferrer nofollow\" class=\"\">lire notre article ici<\/a> .<\/p>\n<p>09h21.VIDEO.\u00a0\u00ab\u00a0Je n&rsquo;ai pas \u00e9t\u00e9 inform\u00e9 de ce d\u00e9ploiement\u00a0\u00bb, d\u00e9plore le maire de Carbonne<\/p>\n<p class=\"live-post__amorce\">Denis Turrel est, depuis ce matin, aux c\u00f4t\u00e9s des agriculteurs bloqu\u00e9s sur le rond-point avant le barrage de l\u2019A64. Il affiche son soutien aux agriculteurs et d\u00e9plore le manque de communication de la pr\u00e9fecture concernant le d\u00e9ploiement des forces de l\u2019ordre cette nuit sur sa commune.<\/p>\n<p>08h58.D&rsquo;\u00e9normes bouchons au sud de Toulouse<\/p>\n<p class=\"live-post__amorce\">Ce mardi 13 janvier, la circulation est particuli\u00e8rement dense dans l\u2019agglom\u00e9ration toulousaine, avec des perturbations marqu\u00e9es sur l\u2019axe de l\u2019A64 o\u00f9 une intervention des gendarmes est en cours pour faire \u00e9vacuer les agriculteurs, sur le p\u00e9riph\u00e9rique plusieurs points noirs.<\/p>\n<p class=\"live-post__amorce\">Pour en savoir plus,  <a href=\"https:\/\/www.ladepeche.fr\/2026\/01\/13\/evacuation-des-agriculteurs-sur-la64-denormes-bouchons-au-sud-de-toulouse-ce-mardi-13159019.php\" target=\"_blank\" rel=\"noopener noreferrer nofollow\" class=\"\">lire notre article ici<\/a> .<\/p>\n<p>08h50.VIDEO. Les forces de l\u2019ordre s\u2019approchent, les agriculteurs ne bougent pas<\/p>\n<p class=\"live-post__amorce\">Bloqu\u00e9s sur le rond-point avant le barrage de l&rsquo;A64, des agriculteurs, priv\u00e9s de n\u00e9gociations, se sont assis en guise de protestation. Peu \u00e0 peu, les forces de l\u2019ordre s\u2019approchent, mais les contestataires ne bougent pas.<\/p>\n<p>08h33.VIDEO.\u00a0Emp\u00each\u00e9s d&rsquo;acc\u00e9der au barrage de l&rsquo;A64 , les agriculteurs entonnent La Marseillaise<\/p>\n<p class=\"live-post__amorce\">Bloqu\u00e9s au rond-point permettant d\u2019acc\u00e9der au barrage de l\u2019A64, des agriculteurs se sont assis et ont entonn\u00e9 La Marseillaise pour protester. Pour rappel, depuis ce matin (mardi 13 janvier), les forces de l\u2019ordre encerclent le barrage dans le but de d\u00e9loger les agriculteurs pr\u00e9sents depuis le 12 d\u00e9cembre 2025.<\/p>\n<p>08h21.Quelques agriculteurs maintiennent le barrage sur l\u2019A1<\/p>\n<p class=\"live-post__amorce\">Une nouvelle journ\u00e9e de mobilisation d\u00e9bute sur l\u2019autoroute A1, o\u00f9 un blocage au niveau d\u2019un p\u00e9age se poursuit depuis hier. Pr\u00e8s de 20 000 camions circulent chaque jour sur cet axe, mais la circulation reste fortement ralentie, notamment aux alentours de 7 h 30. Sur place, une dizaine d\u2019agriculteurs maintiennent leur pr\u00e9sence derri\u00e8re les meules de foin dispos\u00e9es aux barri\u00e8res, moins nombreux qu\u2019hier, certains ayant d\u00fb regagner leur exploitation. Soutenus par des habitants des environs, qui leur ont apport\u00e9 des denr\u00e9es au fil de la nuit, ils annoncent que le blocage devrait se poursuivre jusqu\u2019\u00e0 demain.<\/p>\n<p>08h11.Le pr\u00e9fet est arriv\u00e9 sur le blocage de l&rsquo;A64<\/p>\n<p class=\"live-post__amorce\">L\u2019arriv\u00e9e du pr\u00e9fet en voiture a \u00e9t\u00e9 accueillie par les hu\u00e9es des Ultras. Peu apr\u00e8s, la sous-pr\u00e9f\u00e8te est venue le rejoindre pour une r\u00e9union de crise organis\u00e9e dans les locaux de la DIRSO (La direction interd\u00e9partementale des routes Sud-Ouest).<\/p>\n<p>        <img decoding=\"async\" class=\"std-img__img responsive-img\" src=\"https:\/\/www.europesays.com\/fr\/wp-content\/uploads\/2026\/01\/1768312513_886_image.jpg\" alt=\"Arriv\u00e9e du pr\u00e9fet sur le blocage de l\u2019A64\"\/><\/p>\n<p>                Arriv\u00e9e du pr\u00e9fet sur le blocage de l\u2019A64<br \/>\n                                    DDM Nathalie Saint-Affre<\/p>\n<p>08h03.<\/p>\n<p>De nombreux agriculteurs devant l&rsquo;Assembl\u00e9e nationale<\/p>\n<p>08h01.<\/p>\n<p>Circulation compliqu\u00e9e pour les automobilistes d\u00e9vi\u00e9s au niveau du blocage de l&rsquo;A64<\/p>\n<p>07h56.Sur l&rsquo;A64, tensions avec les gendarmes, un journaliste de BFMTV emp\u00each\u00e9 d&rsquo;avancer<\/p>\n<p class=\"live-post__amorce\">Premi\u00e8res tensions directes avec les gendarmes. Un journaliste de BFM emp\u00each\u00e9 d&rsquo;avancer, suscitant imm\u00e9diatement des r\u00e9actions de soutien de la part des Ultras de l&rsquo;A64 pr\u00e9sents. Sur le rond-point, plusieurs voix se sont \u00e9lev\u00e9es pour d\u00e9noncer la situation, qualifi\u00e9e de \u00ab\u00a0scandaleuse\u00a0\u00bb, estimant que \u00ab\u00a0les m\u00e9dias ne peuvent m\u00eame pas faire leur m\u00e9tier. <\/p>\n<p class=\"live-post__amorce\">\u00ab\u00a0C\u2019est une honte, on n\u2019a jamais vu \u00e7a\u00a0\u00bb, entendait-on \u00e9galement. Plus largement, la col\u00e8re contre les autorit\u00e9s s\u2019exprimait ouvertement, certains manifestants allant jusqu\u2019\u00e0 d\u00e9clarer que \u00ab\u00a0ce gouvernement nous donne la naus\u00e9e\u00a0\u00bb.<\/p>\n<p>07h55.150 tracteurs d\u00e9j\u00e0 entr\u00e9s dans Paris, \u00ab\u00a0environ 350 tracteurs recens\u00e9s\u00a0\u00bb<\/p>\n<p class=\"live-post__amorce\">\u00ab\u00a0Environ 350 tracteurs\u00a0\u00bb ont \u00e9t\u00e9 \u00ab\u00a0recens\u00e9s\u00a0\u00bb pour la mobilisation agricole \u00e0 Paris des agriculteurs et 150 sont d\u00e9j\u00e0 entr\u00e9s dans la capitale, par la Porte Dauphine, a indiqu\u00e9 la pr\u00e9fecture de police de Paris. Ces tracteurs arrivent du Nord, de l&rsquo;Eure-et-Loir, du Loiret et des d\u00e9partements de la grande couronne parisienne, a pr\u00e9cis\u00e9 la pr\u00e9fecture de police. Ils sont escort\u00e9s par la police, qui ne rapporte aucun incident, et avancent en direction du quai d&rsquo;Orsay o\u00f9 ils doivent se rassembler.<\/p>\n<p>07h26.VIDEO. Des Ultras de l&rsquo;A64 face aux forces de l&rsquo;ordre et \u00e0 la sous pr\u00e9f\u00e8te<\/p>\n<p class=\"live-post__amorce\">La sous-pr\u00e9f\u00e8te Houda Vernhet n\u00e9gocie actuellement sous la tente des ultras, directement en discussion avec J\u00e9r\u00f4me Bayle. Les agriculteurs sont pri\u00e9s de r\u00e9cup\u00e9rer leurs tracteurs, mais ils s&rsquo;y opposent sans concertation pr\u00e9alable avec la direction des Ultras.<\/p>\n<p>07h09.Des premiers tracteurs d&rsquo;agriculteurs en col\u00e8re sont entr\u00e9s dans Paris<\/p>\n<p class=\"live-post__amorce\">Des agriculteurs font \u00e0 nouveau leur entr\u00e9e dans Paris en tracteur ce mardi 13 janvier 2026. \u00c0 l\u2019aube, peu avant 6 heures, plusieurs engins agricoles de la FNSEA et des Jeunes Agriculteurs ont p\u00e9n\u00e9tr\u00e9 dans la capitale par la porte Dauphine, sous escorte des CRS, tandis que d\u2019autres arrivaient par le sud du p\u00e9riph\u00e9rique parisien. Il s\u2019agit des premiers \u00e9l\u00e9ments de convois plus importants, dont l\u2019arriv\u00e9e est attendue dans la journ\u00e9e avec plusieurs centaines de tracteurs annonc\u00e9s dans Paris.<\/p>\n<p>07h03.Le campement des Ultras de l&rsquo;A64 encercl\u00e9 par les forces de l&rsquo;ordre<\/p>\n<p class=\"live-post__amorce\">Lundi soir, ils craignaient de voir leur campement install\u00e9 sur l\u2019autoroute A64, \u00e0 Carbonne, \u00eatre \u00e9vacu\u00e9 par les forces de l\u2019ordre. Depuis 3\u00a0h\u00a030, cette nuit, un d\u00e9ploiement de forces de l\u2019ordre tr\u00e8s important a lieu autour du site, symbole de la contestation agricole, au sud de Toulouse. Plus de 400 gendarmes mobiles sont pr\u00e9sents \u00e0 l\u2019entr\u00e9e du site.<\/p>\n<p class=\"live-post__amorce\"> <a href=\"https:\/\/www.ladepeche.fr\/2026\/01\/13\/colere-des-agriculteurs-le-campement-des-ultras-de-la64-encercle-par-les-forces-de-lordre-sur-le-point-detre-evacue-13158359.php\" target=\"_blank\" rel=\"noopener noreferrer nofollow\" class=\"\">Notre article ici<\/a> .<\/p>\n<p>07h02.Bienvenue dans ce direct<\/p>\n<p class=\"live-post__amorce\">Bonjour et bienvenue dans ce direct consacr\u00e9 aux manifestations des agriculteurs.<\/p>\n<p><script async src=\"https:\/\/platform.twitter.com\/widgets.js\" charset=\"utf-8\"><\/script><\/p>\n","protected":false},"excerpt":{"rendered":"14h40.Circulation des engins agricoles interdite sur plusieurs axes de l\u2019Aude En raison des mouvements de contestation en cours&hellip;\n","protected":false},"author":2,"featured_media":660717,"comment_status":"","ping_status":"","sticky":false,"template":"","format":"standard","meta":{"footnotes":""},"categories":[1888],"tags":[11,327,33,1777,674,1011,27,12,626,25],"class_list":{"0":"post-660716","1":"post","2":"type-post","3":"status-publish","4":"format-standard","5":"has-post-thumbnail","7":"category-paris","8":"tag-actualites","9":"tag-agriculture","10":"tag-economie","11":"tag-eu","12":"tag-europe","13":"tag-fr","14":"tag-france","15":"tag-news","16":"tag-paris","17":"tag-republique-francaise"},"share_on_mastodon":{"url":"https:\/\/pubeurope.com\/@fr\/115888136224255610","error":""},"_links":{"self":[{"href":"https:\/\/www.europesays.com\/fr\/wp-json\/wp\/v2\/posts\/660716","targetHints":{"allow":["GET"]}}],"collection":[{"href":"https:\/\/www.europesays.com\/fr\/wp-json\/wp\/v2\/posts"}],"about":[{"href":"https:\/\/www.europesays.com\/fr\/wp-json\/wp\/v2\/types\/post"}],"author":[{"embeddable":true,"href":"https:\/\/www.europesays.com\/fr\/wp-json\/wp\/v2\/users\/2"}],"replies":[{"embeddable":true,"href":"https:\/\/www.europesays.com\/fr\/wp-json\/wp\/v2\/comments?post=660716"}],"version-history":[{"count":0,"href":"https:\/\/www.europesays.com\/fr\/wp-json\/wp\/v2\/posts\/660716\/revisions"}],"wp:featuredmedia":[{"embeddable":true,"href":"https:\/\/www.europesays.com\/fr\/wp-json\/wp\/v2\/media\/660717"}],"wp:attachment":[{"href":"https:\/\/www.europesays.com\/fr\/wp-json\/wp\/v2\/media?parent=660716"}],"wp:term":[{"taxonomy":"category","embeddable":true,"href":"https:\/\/www.europesays.com\/fr\/wp-json\/wp\/v2\/categories?post=660716"},{"taxonomy":"post_tag","embeddable":true,"href":"https:\/\/www.europesays.com\/fr\/wp-json\/wp\/v2\/tags?post=660716"}],"curies":[{"name":"wp","href":"https:\/\/api.w.org\/{rel}","templated":true}]}}