{"id":660718,"date":"2026-01-13T13:56:14","date_gmt":"2026-01-13T13:56:14","guid":{"rendered":"https:\/\/www.europesays.com\/fr\/660718\/"},"modified":"2026-01-13T13:56:14","modified_gmt":"2026-01-13T13:56:14","slug":"la-russie-lance-une-attaque-denvergure-contre-lukraine-visant-le-reseau-electrique-et-faisant-quatre-morts","status":"publish","type":"post","link":"https:\/\/www.europesays.com\/fr\/660718\/","title":{"rendered":"La Russie lance une attaque d&rsquo;envergure contre l&rsquo;Ukraine, visant le r\u00e9seau \u00e9lectrique et faisant quatre morts"},"content":{"rendered":"<p class=\"mb-4 text-lg md:leading-8 break-words\">La Russie a lanc\u00e9 une nouvelle attaque de grande envergure contre l&rsquo;Ukraine dans la nuit de mardi \u00e0 mercredi, ciblant son r\u00e9seau \u00e9nerg\u00e9tique et tuant au moins quatre personnes.<\/p>\n<p class=\"mb-4 text-lg md:leading-8 break-words\">Cette attaque, la deuxi\u00e8me en quatre jours, a \u00e9t\u00e9 men\u00e9e par pr\u00e8s de 300 drones, 18 missiles balistiques et sept missiles de croisi\u00e8re, a \u00e9crit le pr\u00e9sident ukrainien Volodymyr Zelensky sur le site X.<\/p>\n<p class=\"mb-4 text-lg md:leading-8 break-words\">\u00ab\u00a0Une fois de plus, la cible principale de l&rsquo;attaque \u00e9tait notre \u00e9nergie\u00a0\u00bb, a pr\u00e9cis\u00e9 le leader ukrainien, ajoutant qu&rsquo;il y avait \u00e9galement \u00ab\u00a0une destruction importante d&rsquo;infrastructures r\u00e9sidentielles et civiles\u00a0\u00bb. Les r\u00e9gions de Dnipro, Zhytomyr, Zaporijjia, Kyiv, Odesa, Soumy, Kharkiv et Donetsk ont \u00e9t\u00e9 attaqu\u00e9es par les Russes.<\/p>\n<p class=\"mb-4 text-lg md:leading-8 break-words\">Ces derniers mois, la Russie a intensifi\u00e9 ses attaques contre l&rsquo;infrastructure \u00e9nerg\u00e9tique de l&rsquo;Ukraine, coupant l&rsquo;\u00e9lectricit\u00e9 et le chauffage en plein hiver.<\/p>\n<p class=\"mb-4 text-lg md:leading-8 break-words\">DTEK, le plus grand fournisseur d&rsquo;\u00e9nergie d&rsquo;Ukraine, a d\u00e9clar\u00e9 que la Russie avait frapp\u00e9 l&rsquo;une de ses centrales \u00e9lectriques, ajoutant qu&rsquo;il s&rsquo;agissait de la huiti\u00e8me attaque de ce type depuis le mois d&rsquo;octobre.<\/p>\n<p class=\"mb-4 text-lg md:leading-8 break-words\">\u00c0 Kharkiv, au moins quatre personnes sont mortes et six ont \u00e9t\u00e9 bless\u00e9es, a d\u00e9clar\u00e9 mardi le service d&rsquo;urgence de l&rsquo;\u00c9tat ukrainien. L&rsquo;attaque a\u00e9rienne a frapp\u00e9 une banlieue de la ville, visant un d\u00e9p\u00f4t de courrier. Trente personnes ont \u00e9t\u00e9 secourues, dont deux ont \u00e9t\u00e9 extraites des d\u00e9combres.<\/p>\n<p class=\"mb-4 text-lg md:leading-8 break-words\">Cinq autres personnes ont \u00e9t\u00e9 bless\u00e9es lors d&rsquo;une attaque russe sur la ville portuaire ukrainienne d&rsquo;Odessa, qui a \u00e9t\u00e9 touch\u00e9e par deux vagues d&rsquo;attaques au cours de la nuit.<\/p>\n<p class=\"mb-4 text-lg md:leading-8 break-words\">Les bombardements ont largement endommag\u00e9 les infrastructures civiles dans le centre d&rsquo;Odessa et ses environs, touchant des b\u00e2timents r\u00e9sidentiels, un centre m\u00e9dical, un jardin d&rsquo;enfants, une \u00e9cole et un centre de remise en forme.<\/p>\n<p class=\"mb-4 text-lg md:leading-8 break-words\">Dans la r\u00e9gion de Kyiv, plusieurs centaines de milliers de foyers ont \u00e9t\u00e9 priv\u00e9s d&rsquo;\u00e9lectricit\u00e9, a d\u00e9clar\u00e9 Zelensky.<\/p>\n<p class=\"mb-4 text-lg md:leading-8 break-words\">\u00ab Apr\u00e8s un nouveau bombardement nocturne, des coupures d&rsquo;\u00e9lectricit\u00e9 d&rsquo;urgence ont \u00e9t\u00e9 mises en place et sont en vigueur dans la ville. Les bus remplacent les transports \u00e9lectriques terrestres sur les itin\u00e9raires redoubl\u00e9s \u00bb, indique <a href=\"https:\/\/t.me\/KyivCityOfficial\/16617\" rel=\"nofollow noopener\" target=\"_blank\" data-ylk=\"slk:le communiqu\u00e9 de l'administration municipale de Kyiv;elm:context_link;itc:0;sec:content-canvas\" class=\"link \">le communiqu\u00e9 de l&rsquo;administration municipale de Kyiv<\/a> qui pr\u00e9cise qu&rsquo;environ 500 immeubles de la capitale sont priv\u00e9s de chauffage.<\/p>\n<p class=\"mb-4 text-lg md:leading-8 break-words\">\u00ab Les services communaux continuent de travailler \u00e0 la r\u00e9paration des d\u00e9g\u00e2ts caus\u00e9s par les attaques ennemies \u00bb, indique le communiqu\u00e9.<\/p>\n<p><img alt=\"Une \u00e9quipe de secours s'efforce d'\u00e9teindre un incendie \u00e0 la suite d'une attaque russe \u00e0 Kharkiv, en Ukraine, photo fournie par le service d'urgence ukrainien, mardi 13 janvier 2026.\" loading=\"lazy\" width=\"808\" height=\"539\" decoding=\"async\" data-nimg=\"1\" class=\"rounded-lg\" style=\"color:transparent\" src=\"https:\/\/www.europesays.com\/fr\/wp-content\/uploads\/2026\/01\/41b7913342ba6eb85cac1a68c79fac63.jpeg\"\/><\/p>\n<p> Une \u00e9quipe de secours travaille \u00e0 l&rsquo;extinction d&rsquo;un incendie suite \u00e0 une attaque russe \u00e0 Kharkiv, Ukraine, photo fournie par le service d&rsquo;urgence ukrainien, mardi 13 janvier 2026.   &#8211; AP\/Ukrainian Emergency Service <\/p>\n<p class=\"mb-4 text-lg md:leading-8 break-words\">Cette attaque massive de drones et de missiles intervient quatre jours seulement apr\u00e8s que Moscou a utilis\u00e9 un <a href=\"https:\/\/fr.news.yahoo.com\/missile-russe-orechnik-tir%C3%A9-lukraine-192336049.html\" data-ylk=\"slk:missile hypersonique avanc\u00e9;elm:context_link;itc:0;sec:content-canvas;outcm:mb_qualified_link;_E:mb_qualified_link;ct:story;\" class=\"link  yahoo-link\" target=\"_blank\" rel=\"noopener\"><strong>missile hypersonique avanc\u00e9<\/strong><\/a> pour la deuxi\u00e8me fois seulement dans sa guerre totale contre l&rsquo;Ukraine, qui dure depuis bient\u00f4t quatre ans.<\/p>\n<p class=\"mb-4 text-lg md:leading-8 break-words\">L&rsquo;utilisation de l&rsquo;Orechnik a suscit\u00e9 la condamnation des alli\u00e9s de Kiev, notamment de Washington, qui a parl\u00e9 d&rsquo;une \u00ab\u00a0escalade dangereuse et inexplicable de cette guerre\u00a0\u00bb.<\/p>\n<p class=\"mb-4 text-lg md:leading-8 break-words\">Moscou a d\u00e9clar\u00e9 lundi que le missile avait touch\u00e9 une usine de r\u00e9paration d&rsquo;avions dans la r\u00e9gion de Lviv et qu&rsquo;il avait \u00e9t\u00e9 tir\u00e9 en r\u00e9ponse \u00e0 la tentative de l&rsquo;Ukraine de frapper l&rsquo;une des r\u00e9sidences du pr\u00e9sident russe Vladimir Poutine, ce que Kyiv d\u00e9ment et ce que Washington a d\u00e9clar\u00e9 ne pas croire.<\/p>\n","protected":false},"excerpt":{"rendered":"La Russie a lanc\u00e9 une nouvelle attaque de grande envergure contre l&rsquo;Ukraine dans la nuit de mardi \u00e0&hellip;\n","protected":false},"author":2,"featured_media":660719,"comment_status":"","ping_status":"","sticky":false,"template":"","format":"standard","meta":{"footnotes":""},"categories":[1591],"tags":[11,76239,1887,70285,2489,12,76238,1885,1886,132],"class_list":{"0":"post-660718","1":"post","2":"type-post","3":"status-publish","4":"format-standard","5":"has-post-thumbnail","7":"category-russie","8":"tag-actualites","9":"tag-centre-de-remise-en-forme","10":"tag-federation-de-russie","11":"tag-l39ukraine","12":"tag-la-russie","13":"tag-news","14":"tag-quatre-jours","15":"tag-russia","16":"tag-russian-federation","17":"tag-russie"},"share_on_mastodon":{"url":"https:\/\/pubeurope.com\/@fr\/115888140162012496","error":""},"_links":{"self":[{"href":"https:\/\/www.europesays.com\/fr\/wp-json\/wp\/v2\/posts\/660718","targetHints":{"allow":["GET"]}}],"collection":[{"href":"https:\/\/www.europesays.com\/fr\/wp-json\/wp\/v2\/posts"}],"about":[{"href":"https:\/\/www.europesays.com\/fr\/wp-json\/wp\/v2\/types\/post"}],"author":[{"embeddable":true,"href":"https:\/\/www.europesays.com\/fr\/wp-json\/wp\/v2\/users\/2"}],"replies":[{"embeddable":true,"href":"https:\/\/www.europesays.com\/fr\/wp-json\/wp\/v2\/comments?post=660718"}],"version-history":[{"count":0,"href":"https:\/\/www.europesays.com\/fr\/wp-json\/wp\/v2\/posts\/660718\/revisions"}],"wp:featuredmedia":[{"embeddable":true,"href":"https:\/\/www.europesays.com\/fr\/wp-json\/wp\/v2\/media\/660719"}],"wp:attachment":[{"href":"https:\/\/www.europesays.com\/fr\/wp-json\/wp\/v2\/media?parent=660718"}],"wp:term":[{"taxonomy":"category","embeddable":true,"href":"https:\/\/www.europesays.com\/fr\/wp-json\/wp\/v2\/categories?post=660718"},{"taxonomy":"post_tag","embeddable":true,"href":"https:\/\/www.europesays.com\/fr\/wp-json\/wp\/v2\/tags?post=660718"}],"curies":[{"name":"wp","href":"https:\/\/api.w.org\/{rel}","templated":true}]}}