{"id":660726,"date":"2026-01-13T14:00:12","date_gmt":"2026-01-13T14:00:12","guid":{"rendered":"https:\/\/www.europesays.com\/fr\/660726\/"},"modified":"2026-01-13T14:00:12","modified_gmt":"2026-01-13T14:00:12","slug":"la-jeunesse-fait-elle-de-lallemagne-un-pays-dactionnaires","status":"publish","type":"post","link":"https:\/\/www.europesays.com\/fr\/660726\/","title":{"rendered":"La jeunesse fait-elle de l&rsquo;Allemagne un pays d&rsquo;actionnaires\u00a0?"},"content":{"rendered":"<p>\n    FRANCFORT (dpa-AFX) &#8211; L&rsquo;Allemagne deviendra-t-elle enfin un pays d&rsquo;actionnaires\u00a0? En 2025, l&rsquo;Institut allemand des actions (DAI) recense 14,1 millions de personnes d\u00e9tenant des actions. Jamais auparavant autant d&rsquo;Allemands n&rsquo;avaient investi dans des actions, des fonds ou des fonds indiciels cot\u00e9s (ETF).<\/p>\n<p>    \u00ab\u00a0L&rsquo;investissement en actions en plein essor\u00a0\u00bb est, au vu d&rsquo;un bond de pr\u00e8s de deux millions par rapport \u00e0 l&rsquo;ann\u00e9e pr\u00e9c\u00e9dente, une interpr\u00e9tation \u00e9tonnamment r\u00e9serv\u00e9e de l&rsquo;institution franckfortoise. D&rsquo;autant plus que le pr\u00e9c\u00e9dent record de 2022, avec alors pr\u00e8s de 12,9 millions d&rsquo;actionnaires en Allemagne, a \u00e9t\u00e9 largement d\u00e9pass\u00e9.<\/p>\n<p>Engouement passager ou changement de mentalit\u00e9\u00a0?<\/p>\n<p>    Mais la question demeure\u00a0: la r\u00e9ticence face \u00e0 la Bourse a-t-elle disparu durablement ou de nombreux investisseurs se retireront-ils lors de la prochaine chute des cours\u00a0? Et\u00a0: l&rsquo;ancrage du march\u00e9 des capitaux comme alternative face aux difficult\u00e9s du syst\u00e8me de retraite par r\u00e9partition va-t-il s&rsquo;\u00e9tendre \u00e0 des couches plus larges de la population\u00a0?<\/p>\n<p>    \u00ab\u00a0Les Allemands ont compris que pour obtenir de bons rendements \u00e0 long terme, il n&rsquo;y a pas d&rsquo;autre voie que les actions\u00a0\u00bb, cite l&rsquo;Institut des actions, par la voix de sa directrice Henriette Peucker, dans un communiqu\u00e9. \u00ab\u00a0Le soutien soci\u00e9tal en faveur des actions n&rsquo;a jamais \u00e9t\u00e9 aussi fort.\u00a0\u00bb<\/p>\n<p>Les investisseurs de moins de 40 ans portent la croissance<\/p>\n<p>    Beaucoup de jeunes consid\u00e8rent la retraite par r\u00e9partition comme tout sauf s\u00fbre et craignent la pauvret\u00e9 \u00e0 la retraite, selon des sondages. Le fait que des applications de trading permettent d&rsquo;investir ais\u00e9ment en actions, ETF et autres via smartphone stimule en outre la pr\u00e9voyance individuelle par la Bourse.<\/p>\n<p>    L&rsquo;int\u00e9r\u00eat croissant depuis des ann\u00e9es de la jeune g\u00e9n\u00e9ration pour l&rsquo;investissement en actions s&rsquo;est \u00ab\u00a0nettement consolid\u00e9\u00a0\u00bb, constate l&rsquo;Institut\u00a0: avec une hausse de 1,2 million d&rsquo;investisseurs, la tranche d&rsquo;\u00e2ge des 14 \u00e0 39 ans repr\u00e9sente 60\u00a0% de l&rsquo;augmentation totale. Depuis 2024, ce groupe constitue la plus grande cat\u00e9gorie d&rsquo;actionnaires en Allemagne, avec d\u00e9sormais 4,9 millions de personnes.<\/p>\n<p>Des sommes colossales sur les comptes \u00e0 vue<\/p>\n<p>    Il reste toutefois du potentiel\u00a0: l&rsquo;an dernier, selon les calculs de l&rsquo;Institut des actions, un Allemand sur cinq \u00e2g\u00e9 de 14 ans ou plus (19,9\u00a0%) \u00e9tait investi sur les march\u00e9s d&rsquo;actions.<\/p>\n<p>    Les chiffres de l&rsquo;Institut allemand des actions reposent sur une enqu\u00eate repr\u00e9sentative r\u00e9alis\u00e9e par Kantar. Chaque ann\u00e9e, environ 28\u00a0000 Allemands \u00e2g\u00e9s de 14 ans et plus sont interrog\u00e9s sur leur comportement d&rsquo;investissement.<\/p>\n<p>    Traditionnellement, les Allemands laissent d&rsquo;immenses sommes dormir sur des comptes \u00e0 vue ou d&rsquo;\u00e9pargne, qui ne rapportent que peu ou pas d&rsquo;int\u00e9r\u00eats. Selon les estimations provisoires de la DZ Bank, les d\u00e9p\u00f4ts et liquidit\u00e9s des m\u00e9nages priv\u00e9s atteindront pr\u00e8s de 3,6\u00a0billions d&rsquo;euros fin 2025\u00a0: soit plus d&rsquo;un tiers du patrimoine financier total, estim\u00e9 \u00e0 un peu plus de 10\u00a0billions d&rsquo;euros.<\/p>\n<p>    Il existe \u00ab\u00a0une peur typiquement allemande de perdre beaucoup d&rsquo;argent en Bourse\u00a0\u00bb, d\u00e9plore r\u00e9cemment Michael Hoeck, pr\u00e9sident du directoire de la conf\u00e9d\u00e9ration des banques coop\u00e9ratives, aupr\u00e8s de l&rsquo;agence de presse allemande. Or, cela n&rsquo;est pas confirm\u00e9 par les faits. L&rsquo;Institut des actions calcule\u00a0: un plan d&rsquo;\u00e9pargne sur des actions du DAX (l&rsquo;indice allemand) a rapport\u00e9 en moyenne pr\u00e8s de 9\u00a0% par an sur chaque euro investit ces 20 derni\u00e8res ann\u00e9es. Ainsi, 12\u00a0000\u00a0euros investis \u00e0 raison de 50\u00a0euros par mois sont devenus plus de 32\u00a0000\u00a0euros.<\/p>\n<p>Transformer les \u00e9pargnants en investisseurs<\/p>\n<p>    Hoeck, dont la f\u00e9d\u00e9ration regroupe les caisses Volksbank et Raiffeisenbank dans tous les L\u00e4nder sauf la Bavi\u00e8re et le Bade-Wurtemberg, souligne\u00a0: \u00ab\u00a0Avec un compte \u00e0 vue, vous ne pouvez pas battre l&rsquo;inflation.\u00a0\u00bb Il appelle la profession\u00a0: \u00ab\u00a0Notre mission est de conseiller les gens pour qu&rsquo;ils puissent battre l&rsquo;inflation.\u00a0\u00bb<\/p>\n<p>    Les Allemands sont certes des champions de l&rsquo;\u00e9pargne\u00a0: au premier semestre, selon l&rsquo;Office f\u00e9d\u00e9ral de la statistique, ils ont \u00e9pargn\u00e9 en moyenne 10,30\u00a0euros pour chaque 100\u00a0euros de revenu disponible. Mais de nombreux investisseurs, par exemple aux \u00c9tats-Unis, tirent davantage profit de leur \u00e9pargne, comme le montrent les analyses\u00a0: l&rsquo;action y occupe une place plus importante.<\/p>\n<p>La politique doit prendre ses responsabilit\u00e9s<\/p>\n<p>    L&rsquo;Institut allemand des actions, qui promeut les actions depuis 1953, interpelle la sph\u00e8re politique face au record d&rsquo;actionnaires\u00a0: \u00ab\u00a0L&rsquo;ouverture croissante aux placements en actions est une occasion en or pour le gouvernement f\u00e9d\u00e9ral d&rsquo;utiliser davantage le march\u00e9 des capitaux dans les trois piliers de la pr\u00e9voyance vieillesse.\u00a0\u00bb Les mesures pr\u00e9vues par la coalition noire-rouge pour compl\u00e9ter la retraite par r\u00e9partition par une pr\u00e9voyance priv\u00e9e sur les march\u00e9s financiers sont jug\u00e9es \u00ab\u00a0timides\u00a0\u00bb.<\/p>\n<p>    CDU\/CSU et SPD souhaitent notamment cr\u00e9er un d\u00e9p\u00f4t d&rsquo;\u00e9pargne retraite permettant de profiter du rendement des march\u00e9s financiers, sans garantie. Selon l&rsquo;Institut, la fiscalit\u00e9 pourrait \u00eatre \u00ab\u00a0plus ambitieuse, \u00e0 l&rsquo;image d&rsquo;autres pays\u00a0\u00bb.<\/p>\n<p>    Concernant la future \u00ab\u00a0retraite d\u00e9marrage anticip\u00e9\u00a0\u00bb voulue par le gouvernement, qui doit permettre aux enfants de recevoir d\u00e8s l&rsquo;\u00e2ge de six ans dix euros par mois de l&rsquo;\u00c9tat sur un d\u00e9p\u00f4t d&rsquo;\u00e9pargne retraite, l&rsquo;Institut estime que le succ\u00e8s de la mesure d\u00e9pendra d&rsquo;incitations fiscales attrayantes \u00e9galement pour les versements suppl\u00e9mentaires des parents et grands-parents.<\/p>\n<p>    La r\u00e9cente envol\u00e9e des march\u00e9s boursiers conforte les partisans des actions\u00a0: l&rsquo;indice DAX s&rsquo;est install\u00e9 au-dessus des 25\u00a0000 points et les analystes n&rsquo;anticipent pas de fin \u00e0 la course aux records en 2026, malgr\u00e9 les risques g\u00e9opolitiques et certaines valorisations \u00e9lev\u00e9es dans le sillage de la vague d&rsquo;intelligence artificielle (IA).\/ben\/DP\/men<\/p>\n","protected":false},"excerpt":{"rendered":"FRANCFORT (dpa-AFX) &#8211; L&rsquo;Allemagne deviendra-t-elle enfin un pays d&rsquo;actionnaires\u00a0? En 2025, l&rsquo;Institut allemand des actions (DAI) recense 14,1&hellip;\n","protected":false},"author":2,"featured_media":660727,"comment_status":"","ping_status":"","sticky":false,"template":"","format":"standard","meta":{"footnotes":""},"categories":[1587],"tags":[11,672,340,1804,1805,1803,1777,674,1801,12,1802],"class_list":{"0":"post-660726","1":"post","2":"type-post","3":"status-publish","4":"format-standard","5":"has-post-thumbnail","7":"category-allemagne","8":"tag-actualites","9":"tag-allemagne","10":"tag-bourse","11":"tag-bundesrepublik-deutschland","12":"tag-de","13":"tag-deutschland","14":"tag-eu","15":"tag-europe","16":"tag-germany","17":"tag-news","18":"tag-republique-federale-dallemagne"},"share_on_mastodon":{"url":"https:\/\/pubeurope.com\/@fr\/115888155710739589","error":""},"_links":{"self":[{"href":"https:\/\/www.europesays.com\/fr\/wp-json\/wp\/v2\/posts\/660726","targetHints":{"allow":["GET"]}}],"collection":[{"href":"https:\/\/www.europesays.com\/fr\/wp-json\/wp\/v2\/posts"}],"about":[{"href":"https:\/\/www.europesays.com\/fr\/wp-json\/wp\/v2\/types\/post"}],"author":[{"embeddable":true,"href":"https:\/\/www.europesays.com\/fr\/wp-json\/wp\/v2\/users\/2"}],"replies":[{"embeddable":true,"href":"https:\/\/www.europesays.com\/fr\/wp-json\/wp\/v2\/comments?post=660726"}],"version-history":[{"count":0,"href":"https:\/\/www.europesays.com\/fr\/wp-json\/wp\/v2\/posts\/660726\/revisions"}],"wp:featuredmedia":[{"embeddable":true,"href":"https:\/\/www.europesays.com\/fr\/wp-json\/wp\/v2\/media\/660727"}],"wp:attachment":[{"href":"https:\/\/www.europesays.com\/fr\/wp-json\/wp\/v2\/media?parent=660726"}],"wp:term":[{"taxonomy":"category","embeddable":true,"href":"https:\/\/www.europesays.com\/fr\/wp-json\/wp\/v2\/categories?post=660726"},{"taxonomy":"post_tag","embeddable":true,"href":"https:\/\/www.europesays.com\/fr\/wp-json\/wp\/v2\/tags?post=660726"}],"curies":[{"name":"wp","href":"https:\/\/api.w.org\/{rel}","templated":true}]}}