{"id":660732,"date":"2026-01-13T14:03:11","date_gmt":"2026-01-13T14:03:11","guid":{"rendered":"https:\/\/www.europesays.com\/fr\/660732\/"},"modified":"2026-01-13T14:03:11","modified_gmt":"2026-01-13T14:03:11","slug":"affaire-des-assistants-parlementaires-europeens-marine-le-pen-joue-son-avenir-politique-devant-la-cour-dappel","status":"publish","type":"post","link":"https:\/\/www.europesays.com\/fr\/660732\/","title":{"rendered":"Affaire des assistants parlementaires europ\u00e9ens\u00a0: Marine Le\u00a0Pen joue son avenir politique devant la cour d\u2019appel"},"content":{"rendered":"<p class=\"paragraph text_align_left lp-f-body-02\">Les acteurs seront globalement les m\u00eames, mais le d\u00e9cor va changer. Fini le tribunal judiciaire de Paris et sa fa\u00e7ade vitr\u00e9e aux Batignolles, place au palais de justice historique, sur l\u2019\u00eele de la Cit\u00e9, et \u00e0 sa non moins majestueuse premi\u00e8re chambre civile qui a vu compara\u00eetre, p\u00eale-m\u00eale, le mar\u00e9chal P\u00e9tain, Dominique de Villepin (relax\u00e9 dans l\u2019affaire Clearstream) ou \u00c9douard Balladur (relax\u00e9 par la CJR dans l\u2019affaire Karachi). C\u2019est donc au c\u0153ur de la capitale que Marine Le Pen joue \u00e0 compter de ce mardi 13 janvier son avenir politique <a href=\"https:\/\/www.leparisien.fr\/politique\/proces-des-assistants-parlementaires-marine-le-pen-a-lheure-dun-appel-decisif-11-01-2026-HNTVB2FAE5FNVBS7GQ3NKTUKFY.php\" target=\"_blank\" rel=\"noreferrer noopener\">dans le proc\u00e8s en appel des assistants parlementaires europ\u00e9ens du Front national (FN)<\/a>.<\/p>\n<p class=\"\">En premi\u00e8re instance, la cheffe de file du d\u00e9sormais Rassemblement national (RN) a \u00e9t\u00e9 <a href=\"https:\/\/www.leparisien.fr\/politique\/56-ans-de-vie-politique-et-debranchee-dun-coup-cest-violent-ce-jour-funeste-pour-marine-le-pen-31-03-2025-U6JPBFXNMJAIFJKSJ2NN6MADUA.php\" target=\"_blank\" rel=\"noreferrer noopener\">condamn\u00e9e \u00e0 quatre ans de prison dont deux avec sursis<\/a> et 100 000 euros d\u2019amende pour d\u00e9tournement de fonds publics. Le tribunal a surtout assorti la sanction d\u2019une in\u00e9ligibilit\u00e9 de cinq ans avec ex\u00e9cution provisoire (c\u2019est-\u00e0-dire avec application imm\u00e9diate) en raison du \u00ab trouble irr\u00e9parable \u00e0 l\u2019ordre public d\u00e9mocratique qu\u2019engendrerait le fait qu\u2019elle soit candidate, voire \u00e9lue, par exemple et notamment \u00e0 <a href=\"https:\/\/www.leparisien.fr\/elections\/presidentielle\/\" target=\"_blank\" rel=\"noreferrer noopener\">l\u2019\u00e9lection pr\u00e9sidentielle<\/a> \u00bb.<\/p>\n","protected":false},"excerpt":{"rendered":"Les acteurs seront globalement les m\u00eames, mais le d\u00e9cor va changer. Fini le tribunal judiciaire de Paris et&hellip;\n","protected":false},"author":2,"featured_media":660733,"comment_status":"","ping_status":"","sticky":false,"template":"","format":"standard","meta":{"footnotes":""},"categories":[2],"tags":[11,118,1011,27,12,316,25],"class_list":{"0":"post-660732","1":"post","2":"type-post","3":"status-publish","4":"format-standard","5":"has-post-thumbnail","7":"category-actualites","8":"tag-actualites","9":"tag-faits-divers","10":"tag-fr","11":"tag-france","12":"tag-news","13":"tag-politique","14":"tag-republique-francaise"},"share_on_mastodon":{"url":"https:\/\/pubeurope.com\/@fr\/115888167560136039","error":""},"_links":{"self":[{"href":"https:\/\/www.europesays.com\/fr\/wp-json\/wp\/v2\/posts\/660732","targetHints":{"allow":["GET"]}}],"collection":[{"href":"https:\/\/www.europesays.com\/fr\/wp-json\/wp\/v2\/posts"}],"about":[{"href":"https:\/\/www.europesays.com\/fr\/wp-json\/wp\/v2\/types\/post"}],"author":[{"embeddable":true,"href":"https:\/\/www.europesays.com\/fr\/wp-json\/wp\/v2\/users\/2"}],"replies":[{"embeddable":true,"href":"https:\/\/www.europesays.com\/fr\/wp-json\/wp\/v2\/comments?post=660732"}],"version-history":[{"count":0,"href":"https:\/\/www.europesays.com\/fr\/wp-json\/wp\/v2\/posts\/660732\/revisions"}],"wp:featuredmedia":[{"embeddable":true,"href":"https:\/\/www.europesays.com\/fr\/wp-json\/wp\/v2\/media\/660733"}],"wp:attachment":[{"href":"https:\/\/www.europesays.com\/fr\/wp-json\/wp\/v2\/media?parent=660732"}],"wp:term":[{"taxonomy":"category","embeddable":true,"href":"https:\/\/www.europesays.com\/fr\/wp-json\/wp\/v2\/categories?post=660732"},{"taxonomy":"post_tag","embeddable":true,"href":"https:\/\/www.europesays.com\/fr\/wp-json\/wp\/v2\/tags?post=660732"}],"curies":[{"name":"wp","href":"https:\/\/api.w.org\/{rel}","templated":true}]}}