{"id":660738,"date":"2026-01-13T14:09:14","date_gmt":"2026-01-13T14:09:14","guid":{"rendered":"https:\/\/www.europesays.com\/fr\/660738\/"},"modified":"2026-01-13T14:09:14","modified_gmt":"2026-01-13T14:09:14","slug":"tennis-lancien-numero-3-mondial-milos-raonic-annonce-sa-retraite","status":"publish","type":"post","link":"https:\/\/www.europesays.com\/fr\/660738\/","title":{"rendered":"Tennis\u00a0: l\u2019ancien num\u00e9ro\u00a03 mondial Milos Raonic annonce sa retraite"},"content":{"rendered":"<p class=\"paragraph text_align_left lp-f-body-02\">Une saison reprend, mais un ancien Top 3 s\u2019en va. Le Canadien <a href=\"https:\/\/www.leparisien.fr\/sports\/tennis\/tennis-avec-47-aces-milos-raonic-bat-un-record-dans-un-match-en-trois-sets-17-06-2024-OZ3AZGIBGRBCHJKALWQ5E2T52I.php\" target=\"_self\" rel=\"noopener\">Milos Raonic<\/a>, finaliste \u00e0 Wimbledon en 2016, a annonc\u00e9 lundi qu\u2019il prenait sa retraite \u00e0 l\u2019issue d\u2019une carri\u00e8re forte de huit titres ATP remport\u00e9s sous <a href=\"https:\/\/www.leparisien.fr\/sports\/tennis\/atp-finals-sans-federer-nadal-ni-djokovic-comment-le-tennis-peut-il-se-reinventer-13-11-2024-VJXY2RR7GFHRZLQNIIR7TND5BI.php\" target=\"_blank\" rel=\"noopener\">l\u2019\u00e8re du Big3 Federer-Nadal-Djokovic<\/a>. <\/p>\n<p class=\"\">\u00ab C\u2019est un moment qui doit arriver un jour, vous le savez mais \u00e9tonnamment vous n\u2019y \u00eates jamais pr\u00eat. J\u2019y suis aussi pr\u00eat que je ne le serai jamais \u00bb, a comment\u00e9 le tennisman de 35 ans sur les r\u00e9seaux sociaux en se disant \u00ab l\u2019homme le plus chanceux qui a pu vivre et accomplir ses r\u00eaves \u00bb.<\/p>\n<p class=\"\">N\u00e9 \u00e0 Podgorica (Mont\u00e9n\u00e9gro), Raonic est devenu le premier Canadien \u00e0 jouer une finale en Grand Chelem, mais il n\u2019est plus apparu en comp\u00e9tition depuis un an et demi et sa d\u00e9faite au premier tour des <a href=\"https:\/\/www.leparisien.fr\/jo-paris-2024\/\" target=\"_blank\" rel=\"noopener\">Jeux olympiques de Paris<\/a> sur la terre battue de <a href=\"https:\/\/www.leparisien.fr\/sports\/tennis\/roland-garros\/\" target=\"_self\" rel=\"noopener\">Roland-Garros<\/a>.<\/p>\n<p>La gloire en 2016<\/p>\n<p class=\"\">Gros serveur, l\u2019ancien num\u00e9ro 3 mondial a connu son heure de gloire en 2016 quand il a battu Roger Federer en demi-finales \u00e0 Wimbledon avant de perdre en finale contre Andy Murray. Cette m\u00eame ann\u00e9e, il a jou\u00e9 les demi-finales \u00e0 l\u2019Open d\u2019Australie et les Masters de fin d\u2019ann\u00e9e, terminant la saison au 3e rang mondial.<\/p>\n<p class=\"\">Alors que son service lui avait permis de rapidement se d\u00e9marquer sur le circuit, la seconde partie de sa carri\u00e8re a \u00e9t\u00e9 marqu\u00e9e par de nombreuses blessures. Raonic a observ\u00e9 une pause de deux ans entre 2021 et 2023 avant de revenir de mani\u00e8re \u00e9pisodique sur les courts.<\/p>\n","protected":false},"excerpt":{"rendered":"Une saison reprend, mais un ancien Top 3 s\u2019en va. Le Canadien Milos Raonic, finaliste \u00e0 Wimbledon en&hellip;\n","protected":false},"author":2,"featured_media":660739,"comment_status":"","ping_status":"","sticky":false,"template":"","format":"standard","meta":{"footnotes":""},"categories":[1415],"tags":[1011,27,60,1467],"class_list":{"0":"post-660738","1":"post","2":"type-post","3":"status-publish","4":"format-standard","5":"has-post-thumbnail","7":"category-tennis","8":"tag-fr","9":"tag-france","10":"tag-sports","11":"tag-tennis"},"share_on_mastodon":{"url":"https:\/\/pubeurope.com\/@fr\/115888191103459716","error":""},"_links":{"self":[{"href":"https:\/\/www.europesays.com\/fr\/wp-json\/wp\/v2\/posts\/660738","targetHints":{"allow":["GET"]}}],"collection":[{"href":"https:\/\/www.europesays.com\/fr\/wp-json\/wp\/v2\/posts"}],"about":[{"href":"https:\/\/www.europesays.com\/fr\/wp-json\/wp\/v2\/types\/post"}],"author":[{"embeddable":true,"href":"https:\/\/www.europesays.com\/fr\/wp-json\/wp\/v2\/users\/2"}],"replies":[{"embeddable":true,"href":"https:\/\/www.europesays.com\/fr\/wp-json\/wp\/v2\/comments?post=660738"}],"version-history":[{"count":0,"href":"https:\/\/www.europesays.com\/fr\/wp-json\/wp\/v2\/posts\/660738\/revisions"}],"wp:featuredmedia":[{"embeddable":true,"href":"https:\/\/www.europesays.com\/fr\/wp-json\/wp\/v2\/media\/660739"}],"wp:attachment":[{"href":"https:\/\/www.europesays.com\/fr\/wp-json\/wp\/v2\/media?parent=660738"}],"wp:term":[{"taxonomy":"category","embeddable":true,"href":"https:\/\/www.europesays.com\/fr\/wp-json\/wp\/v2\/categories?post=660738"},{"taxonomy":"post_tag","embeddable":true,"href":"https:\/\/www.europesays.com\/fr\/wp-json\/wp\/v2\/tags?post=660738"}],"curies":[{"name":"wp","href":"https:\/\/api.w.org\/{rel}","templated":true}]}}