{"id":660742,"date":"2026-01-13T14:14:11","date_gmt":"2026-01-13T14:14:11","guid":{"rendered":"https:\/\/www.europesays.com\/fr\/660742\/"},"modified":"2026-01-13T14:14:11","modified_gmt":"2026-01-13T14:14:11","slug":"avec-un-president-qui-devient-a-moitie-fou-le-losc-nest-pas-du-tout-dans-un-bon-moment","status":"publish","type":"post","link":"https:\/\/www.europesays.com\/fr\/660742\/","title":{"rendered":"Avec un pr\u00e9sident qui devient \u00e0 moiti\u00e9 fou\u00a0\u00bb, le LOSC \u00ab\u00a0n&rsquo;est pas du tout dans un bon moment"},"content":{"rendered":"<p>Pr\u00e9sent\u00e9 comme le mois de tous les dangers, avec un calendrier XXL, janvier semble d\u00e9j\u00e0 tourner au vinaigre pour le LOSC. Apr\u00e8s la d\u00e9b\u00e2cle \u00e0 tous les niveaux face au Stade Rennais, les Lillois ont vu leur parcours en Coupe de France <a href=\"https:\/\/le11hdf.fr\/surpris-45-secondes-le-losc-passe-a-la-trappe-lol\/\" target=\"_blank\" rel=\"noopener\">s\u2019arr\u00eater brutalement face \u00e0 l\u2019OL<\/a>. Le tout avant de d\u00e9fier le PSG, ou encore de jouer un match crucial en Coupe d\u2019Europe face au Celta Vigo, dans un contexte de haute tension.<\/p>\n<p>L\u00e9tang et Genesio sont hors sujet<\/p>\n<p>2026 pouvait difficilement plus mal d\u00e9marrer pour le LOSC. Deux d\u00e9faites \u00e0 domicile, <a href=\"https:\/\/le11hdf.fr\/cest-une-honte-un-scandale-olivier-letang-critique-encore-larbitrage-apres-losc-stade-rennais\/\" target=\"_blank\" rel=\"noopener\">une pol\u00e9mique li\u00e9e \u00e0 l\u2019arbitrage<\/a> et une autre \u00e0 <a href=\"https:\/\/le11hdf.fr\/des-sanctions-dune-severite-inedite-reclamees-contre-le-losc-apres-des-chants-homophobes\/\" target=\"_blank\" rel=\"noopener\">des chants homophobes<\/a>, les Dogues cumulent contre-performance sportive et probl\u00e8mes extra-sportifs. \u00ab\u00a0Le club a vraiment donn\u00e9 une sale image de lui-m\u00eame contre Rennes. Ils ne sont pas du tout dans un bon moment\u00ab\u00a0, constate <strong>Daniel Riolo<\/strong>.<\/p>\n<p><strong>Lire aussi : <\/strong><a href=\"https:\/\/le11hdf.fr\/rupture-de-confiance-olivier-letang-losc-ia-arbitrage\/\" target=\"_blank\" rel=\"noopener\">Apr\u00e8s une \u00ab rupture de confiance \u00bb, Olivier L\u00e9tang (LOSC) favorable \u00e0 l\u2019utilisation de l\u2019IA pour l\u2019arbitrage ?<\/a><\/p>\n<p>Et l\u2019\u00e9ditorialiste de RMC va encore plus loin en ciblant directement Olivier L\u00e9tang, qu\u2019il juge \u00e0 l\u2019origine de nombreux maux. \u00ab\u00a0Ton pr\u00e9sident devient \u00e0 moiti\u00e9 fou, en faisant des sorties totalement d\u00e9lirantes. Ton entra\u00eeneur est oblig\u00e9 de s\u2019excuser quatre jours apr\u00e8s de ce qui s\u2019est pass\u00e9, \u00e0 cause de lui. Tout ce contexte un peu moisi autour du club se ressent aussi sur le terrain.\u00a0\u00bb<\/p>\n<p>Une situation qui remue pourtant favorable<\/p>\n<p>Car si les joueurs parviennent plut\u00f4t \u00e0 garder leur calme, la production collective du LOSC n\u2019en demeure pas moins loin des attentes et des standards du club. \u00ab\u00a0Quand Marseille allait sur le terrain de l\u2019arbitrage, du complot, je l\u2019avais critiqu\u00e9. Lille en est l\u00e0 aujourd\u2019hui. Si Genesio n\u2019a pas r\u00e9ussi \u00e0 se calmer contre Rennes, c\u2019est parce qu\u2019il n\u2019est pas \u00e0 son affaire, ass\u00e8ne <strong>Florent Gautreau<\/strong>. Il n\u2019est pas \u00e0 l\u2019aise et tr\u00e8s serein dans ses compositions et ses r\u00e9sultats. Son pr\u00e9sident ne l\u2019aide pas. Il y a trop d\u2019\u00e9nervement autour de ce club. Cela veut dire qu\u2019ils sont f\u00e9briles.\u00a0\u00bb<\/p>\n<p><img loading=\"lazy\" decoding=\"async\" width=\"960\" height=\"640\" src=\"https:\/\/www.europesays.com\/fr\/wp-content\/uploads\/2026\/01\/Icon__D1R0525-scaled-scaled.jpg\" alt=\"Daniel Riolo RC Lens\" class=\"wp-image-260399\"  \/>Johnny Fidelin\/Icon Sport<\/p>\n<blockquote>\n<p>Une troisi\u00e8me d\u00e9faite (de suite) au Parc des Princes vendredi ne les condamnera \u00e0 rien du tout<\/p>\n<p>Daniel Riolo, intervenant de l\u2019After Foot.<\/p><\/blockquote>\n<p>Malgr\u00e9 cette s\u00e9rieuse zone de turbulences, le LOSC reste en position favorable en Ligue 1, \u00e0 \u00e9galit\u00e9 de points avec l\u2019OM, l\u2019actuel troisi\u00e8me. \u00ab\u00a0Une troisi\u00e8me d\u00e9faite (de suite) au Parc des Princes vendredi ne les condamnera \u00e0 rien du tout. Ils ont encore 2 points d\u2019avance sur l\u2019OL\u00a0\u00bb, rappelle Daniel Riolo. Et ce n\u2019est peut-\u00eatre pas inopportun de le rappeler aux Lillois, qui semblent l\u2019avoir quelque peu oubli\u00e9 au regard de la nervosit\u00e9 affich\u00e9e ces derni\u00e8res semaines. Et comme tout va tr\u00e8s vite dans le football, une performance contre le PSG pourrait totalement renverser la vapeur\u2026<\/p>\n<p>Cr\u00e9dits photo : Johnny Fidelin\/<a href=\"http:\/\/iconsport.photo\" target=\"_blank\" rel=\"noopener\">Icon Sport<\/a><\/p>\n<p> <a href=\"https:\/\/agences.swisslife-direct.fr\/assurance\/agence-cabinet-callet-quillie-id0048465\" target=\"_blank\" rel=\" noreferrer noopener\"><img decoding=\"async\" loading=\"lazy\" src=\"https:\/\/le11hdf.fr\/wp-content\/uploads\/2025\/04\/Billeboard-Swiss-Life.svg\" alt=\"Billeboard Swiss Life\" style=\"width:100%;height:100%\"\/><\/a><\/p>\n","protected":false},"excerpt":{"rendered":"Pr\u00e9sent\u00e9 comme le mois de tous les dangers, avec un calendrier XXL, janvier semble d\u00e9j\u00e0 tourner au vinaigre&hellip;\n","protected":false},"author":2,"featured_media":660743,"comment_status":"","ping_status":"","sticky":false,"template":"","format":"standard","meta":{"footnotes":""},"categories":[1410],"tags":[63,1011,27,60],"class_list":{"0":"post-660742","1":"post","2":"type-post","3":"status-publish","4":"format-standard","5":"has-post-thumbnail","7":"category-football","8":"tag-football","9":"tag-fr","10":"tag-france","11":"tag-sports"},"share_on_mastodon":{"url":"https:\/\/pubeurope.com\/@fr\/115888210920930470","error":""},"_links":{"self":[{"href":"https:\/\/www.europesays.com\/fr\/wp-json\/wp\/v2\/posts\/660742","targetHints":{"allow":["GET"]}}],"collection":[{"href":"https:\/\/www.europesays.com\/fr\/wp-json\/wp\/v2\/posts"}],"about":[{"href":"https:\/\/www.europesays.com\/fr\/wp-json\/wp\/v2\/types\/post"}],"author":[{"embeddable":true,"href":"https:\/\/www.europesays.com\/fr\/wp-json\/wp\/v2\/users\/2"}],"replies":[{"embeddable":true,"href":"https:\/\/www.europesays.com\/fr\/wp-json\/wp\/v2\/comments?post=660742"}],"version-history":[{"count":0,"href":"https:\/\/www.europesays.com\/fr\/wp-json\/wp\/v2\/posts\/660742\/revisions"}],"wp:featuredmedia":[{"embeddable":true,"href":"https:\/\/www.europesays.com\/fr\/wp-json\/wp\/v2\/media\/660743"}],"wp:attachment":[{"href":"https:\/\/www.europesays.com\/fr\/wp-json\/wp\/v2\/media?parent=660742"}],"wp:term":[{"taxonomy":"category","embeddable":true,"href":"https:\/\/www.europesays.com\/fr\/wp-json\/wp\/v2\/categories?post=660742"},{"taxonomy":"post_tag","embeddable":true,"href":"https:\/\/www.europesays.com\/fr\/wp-json\/wp\/v2\/tags?post=660742"}],"curies":[{"name":"wp","href":"https:\/\/api.w.org\/{rel}","templated":true}]}}