{"id":660744,"date":"2026-01-13T14:15:11","date_gmt":"2026-01-13T14:15:11","guid":{"rendered":"https:\/\/www.europesays.com\/fr\/660744\/"},"modified":"2026-01-13T14:15:11","modified_gmt":"2026-01-13T14:15:11","slug":"jai-loue-un-avion-pour","status":"publish","type":"post","link":"https:\/\/www.europesays.com\/fr\/660744\/","title":{"rendered":"J&rsquo;ai lou\u00e9 un avion pour&#8230;"},"content":{"rendered":"<p>            <a href=\"https:\/\/www.journaldesfemmes.fr\/people\/magazine\/3253211-actu-scoops-infos-people-france-laurent-ruquier-michael-goldman\/3253339-michel-sardou\" class=\"app_button_nav_prev jMiddlePreviousButton\" target=\"_blank\" rel=\"noopener\"><\/a><a href=\"https:\/\/www.journaldesfemmes.fr\/people\/magazine\/3253211-actu-scoops-infos-people-france-laurent-ruquier-michael-goldman\/3253347-albert-de-monaco\" class=\"app_button_nav_next jMiddleNextButton\" target=\"_blank\" rel=\"noopener\"><\/a><\/p>\n<p>                <img decoding=\"async\" src=\"https:\/\/www.europesays.com\/fr\/wp-content\/uploads\/2026\/01\/40062662.jpeg\" alt=\"\" width=\"250\"\/><br \/>\n            Michel Boujenah \u00a9\u00a0SYSPEO\/SIPA    <\/p>\n<p><strong>Les pieds sur terre.\u00a0<\/strong>Michel Boujenah a connu un succ\u00e8s fulgurant apr\u00e8s la sortie de Trois hommes et un couffin, en 1985. Et le com\u00e9dien a rapidement \u00ab\u00a0p\u00e9t\u00e9 les plombs\u00a0\u00bb selon ses confidences sur RTL. \u00ab\u00a0Ca ressemble un peu aux gens qui gagnent au Loto, \u00e7a peut d\u00e9s\u00e9quilibrer\u00a0\u00bb, a-t-il d\u00e9clar\u00e9 avant de donner un exemple d&rsquo;un de ses coups de folie de l&rsquo;\u00e9poque : \u00ab\u00a0Un jour, j&rsquo;ai lou\u00e9 un avion pour aller d\u00e9jeuner \u00e0 Venise\u00a0\u00bb.<\/p>\n","protected":false},"excerpt":{"rendered":"Michel Boujenah \u00a9\u00a0SYSPEO\/SIPA Les pieds sur terre.\u00a0Michel Boujenah a connu un succ\u00e8s fulgurant apr\u00e8s la sortie de Trois&hellip;\n","protected":false},"author":2,"featured_media":660745,"comment_status":"","ping_status":"","sticky":false,"template":"","format":"standard","meta":{"footnotes":""},"categories":[1359],"tags":[76244,51761,58,59,52292,1011,27,51766,1031,973],"class_list":{"0":"post-660744","1":"post","2":"type-post","3":"status-publish","4":"format-standard","5":"has-post-thumbnail","7":"category-people","8":"tag-cms-journaldesfemmes-3253343","9":"tag-controller-content","10":"tag-divertissement","11":"tag-entertainment","12":"tag-format-reportage","13":"tag-fr","14":"tag-france","15":"tag-les-histoires-du-jdf","16":"tag-magazine","17":"tag-people"},"share_on_mastodon":{"url":"https:\/\/pubeurope.com\/@fr\/115888214817452308","error":""},"_links":{"self":[{"href":"https:\/\/www.europesays.com\/fr\/wp-json\/wp\/v2\/posts\/660744","targetHints":{"allow":["GET"]}}],"collection":[{"href":"https:\/\/www.europesays.com\/fr\/wp-json\/wp\/v2\/posts"}],"about":[{"href":"https:\/\/www.europesays.com\/fr\/wp-json\/wp\/v2\/types\/post"}],"author":[{"embeddable":true,"href":"https:\/\/www.europesays.com\/fr\/wp-json\/wp\/v2\/users\/2"}],"replies":[{"embeddable":true,"href":"https:\/\/www.europesays.com\/fr\/wp-json\/wp\/v2\/comments?post=660744"}],"version-history":[{"count":0,"href":"https:\/\/www.europesays.com\/fr\/wp-json\/wp\/v2\/posts\/660744\/revisions"}],"wp:featuredmedia":[{"embeddable":true,"href":"https:\/\/www.europesays.com\/fr\/wp-json\/wp\/v2\/media\/660745"}],"wp:attachment":[{"href":"https:\/\/www.europesays.com\/fr\/wp-json\/wp\/v2\/media?parent=660744"}],"wp:term":[{"taxonomy":"category","embeddable":true,"href":"https:\/\/www.europesays.com\/fr\/wp-json\/wp\/v2\/categories?post=660744"},{"taxonomy":"post_tag","embeddable":true,"href":"https:\/\/www.europesays.com\/fr\/wp-json\/wp\/v2\/tags?post=660744"}],"curies":[{"name":"wp","href":"https:\/\/api.w.org\/{rel}","templated":true}]}}