{"id":660747,"date":"2026-01-13T14:18:34","date_gmt":"2026-01-13T14:18:34","guid":{"rendered":"https:\/\/www.europesays.com\/fr\/660747\/"},"modified":"2026-01-13T14:18:34","modified_gmt":"2026-01-13T14:18:34","slug":"france-2-celebre-les-200-ans-du-figaro","status":"publish","type":"post","link":"https:\/\/www.europesays.com\/fr\/660747\/","title":{"rendered":"France 2 c\u00e9l\u00e8bre les 200\u00a0ans du Figaro"},"content":{"rendered":"<p>\n    Le documentaire de Jean-Louis Remilleux retrace l\u2019histoire du journal, faite de combats, d\u2019\u00e9volutions et d\u2019avant-garde.<\/p>\n<p class=\"fig-paragraph\">L\u2019heure est \u00e0 la c\u00e9l\u00e9bration.\u00a0<a href=\"http:\/\/www.lefigaro.fr\/histoire\/archives\/dossier\/la-une-du-figaro-200-ans-d-histoire\" data-fig-type=\"Topic\" data-gtm-custom-categorie=\"navigation\" data-gtm-custom-action=\"crossclick\" data-gtm-custom-label=\"Contextuel\" data-gtm-event=\"customEventSPE\" data-fig-domain=\"LEFIGARO\" target=\"_blank\" rel=\"noopener\">Le Figaro<\/a> \u00a0f\u00eate ses 200\u00a0ans. Deux si\u00e8cles d\u2019histoires, d\u2019enqu\u00eates, de reportages et d\u2019entretiens. Mais aussi d\u2019\u00e9volution du journalisme, appuy\u00e9e sur d\u2019immenses signatures des univers litt\u00e9raires et m\u00e9diatiques. Pour l\u2019occasion, le producteur Jean-Louis Remilleux, aux commandes habituellement de l\u2019\u00e9mission \u00ab\u00a0Secrets d\u2019Histoire\u00a0\u00bb, cor\u00e9alise le documentaire\u00a0<a href=\"https:\/\/tvmag.lefigaro.fr\/programme-tv\/programme\/les-200-ans-du-figaro-sans-la-liberte-de-blamer-f2126606491\" target=\"_blank\" rel=\"noopener\" data-gtm-custom-categorie=\"navigation\" data-gtm-custom-action=\"crossclick\" data-gtm-custom-label=\"Contextuel\" data-gtm-event=\"customEventSPE\">Sans la libert\u00e9 de bl\u00e2mer<\/a> \u00a0avec Laurent Menec.<\/p>\n<p class=\"fig-paragraph\">Le 15\u00a0janvier 1826, quand Maurice Alhoy et \u00c9tienne Arago publient le premier exemplaire de leur \u00ab\u00a0journal\u00a0\u00bb, ils ne peuvent pas imaginer que leur b\u00e9b\u00e9 deviendra le grand Figaro, une plateforme d\u2019information d\u00e9ploy\u00e9e sur tous les supports\u00a0: un journal papier, un site internet, une application, une cha\u00eene de t\u00e9l\u00e9vision, sans oublier les r\u00e9seaux sociaux.<\/p>\n<p class=\"fig-body-link\">\n            \u00c0 lire aussi<br \/>\n        <a class=\"fig-body-link__link fig-premium-mark\" href=\"http:\/\/tvmag.lefigaro.fr\/programme-tv\/actu-tele\/le-figaro-deux-siecles-de-liberte-et-d-avant-garde-retraces-dans-sans-la-liberte-de-blamer-sur-france-2-20260108\" target=\"_blank\" data-fig-type=\"Article\" rel=\"noopener\" data-gtm-custom-categorie=\"navigation\" data-gtm-custom-action=\"crossclick\" data-gtm-custom-label=\"Contextuel\" data-gtm-event=\"customEventSPE\" data-fig-domain=\"TVMAG\"><\/p>\n<p>        Le Figaro\u00a0: deux si\u00e8cles de libert\u00e9 et d\u2019avant-garde retrac\u00e9s dans Sans la libert\u00e9 de bl\u00e2mer&#8230; sur France 2<br \/>\n    <\/a>\n<\/p>\n<p>                                                                <a class=\"fig-a11y-skip\" href=\"#fig-a11y-skip-main-inarticle\" data-module=\"a11y-skip\" data-context=\"was @visible\"><br \/>\n    Passer la publicit\u00e9<br \/>\n<\/a>            <\/p>\n<p class=\"fig-paragraph\">\u00ab\u200aIl est \u00e9videmment impossible de raconter 200\u00a0ans de l\u2019histoire d\u2019un journal pareil, souligne l\u2019int\u00e9ress\u00e9. Nous avons \u00e9t\u00e9 contraints de faire des choix\u00a0\u00bb, nous confie le producteur. Entre illustrations d\u2019archives, reconstitutions et confidences face cam\u00e9ra, l\u2019histoire du p\u00e9riodique est ici cont\u00e9e par ceux qui l\u2019ont cr\u00e9\u00e9 ou qui continuent de le faire briller aujourd\u2019hui. Ainsi Marc Feuill\u00e9, directeur g\u00e9n\u00e9ral et de la publication, Alexis Br\u00e9zet, directeur des r\u00e9dactions, Vincent Tr\u00e9molet de Villers, directeur d\u00e9l\u00e9gu\u00e9 de la r\u00e9daction et Guillaume Roquette, directeur de la r\u00e9daction du Figaro Magazine, se sont-ils pr\u00eat\u00e9s \u00e0 l\u2019exercice. Tout comme Eug\u00e9nie Basti\u00e9, Laurence de\u00a0Charette, St\u00e9phane Durand-Souffland, Anne Fulda, Arnaud de la Grange, Jacques-Olivier Martin ou encore \u00c9tienne de Montety, Guillaume Perrault et Anne-Sophie von Claer. De la m\u00eame mani\u00e8re que d\u2019anciennes figures du journal \u00e0 l\u2019instar de Franz-Olivier Giesbert, directeur des r\u00e9dactions entre 1988 et 2000 ou encore Jean-Marie Rouart, membre de l\u2019Acad\u00e9mie fran\u00e7aise et directeur du Figaro litt\u00e9raire de 1988 \u00e0 2003.<\/p>\n<p>                                                                Respecter ses valeurs<\/p>\n<p class=\"fig-paragraph\">Comme annonc\u00e9 dans le titre du film, la libert\u00e9 est au c\u0153ur du propos. \u00ab\u00a0Le Figaro a toujours \u00e9t\u00e9 \u00e0 l\u2019avant-poste des libert\u00e9s. Il a souvent \u00e9t\u00e9 rebelle tout en \u00e9tant du c\u00f4t\u00e9 de la libert\u00e9. Celle d\u2019entreprendre mais aussi une libert\u00e9 d\u2019\u00e9conomie, de ton, et d\u2019humour\u00a0\u00bb, rappelle le producteur. Que ce soit face \u00e0 Charles\u00a0X, dans la d\u00e9fense de Boualem Sansal ou encore dans l\u2019affaire Dreyfus &#8211; que le quotidien a farouchement prot\u00e9g\u00e9 \u00e0 travers une v\u00e9ritable campagne de presse &#8211; le journal a mis un point d\u2019honneur \u00e0 respecter ses valeurs. Jusqu\u2019\u00e0 se saborder en 1940, pendant la guerre, pour ne pas subir la censure des Allemands. Sans \u00eatre anarchiste, le journal a toujours \u00e9t\u00e9 habit\u00e9 par une sorte d\u2019insolence, estime dans le documentaire \u00c9tienne de Montety, directeur du Figaro litt\u00e9raire.<\/p>\n<p class=\"fig-paragraph\">\u00ab\u00a0Le Figaro \u00e9tait et est encore un peu avant-gardiste\u00a0\u00bb, juge Jean-Louis Remilleux. De Villemessant \u00e0 Dassault en passant par Hersant, chaque dirigeant a su pr\u00e9server cette singularit\u00e9. \u00ab\u00a0Par exemple, Hippolyte de Villemessant a cr\u00e9\u00e9 la publicit\u00e9, les petites annonces ou encore le Figaroscope\u00a0\u00bb, souligne Jean-Louis Remilleux tandis qu\u2019Alexis Br\u00e9zet rappelle que c\u2019est gr\u00e2ce \u00e0 Villemessant que Le\u00a0Figaro passe d\u2019une \u00ab\u00a0petite feuille hebdomadaire \u00e0 un journal quotidien\u00a0\u00bb.<\/p>\n<p class=\"fig-paragraph\">Le documentaire rend \u00e9galement hommage \u00e0 Jean d\u2019Ormesson, directeur du Figaro entre 1974 et 1977. Les images d\u2019archive de sa venue dans les locaux du journal accompagn\u00e9 par Alexis Br\u00e9zet, quarante ans apr\u00e8s en avoir quitt\u00e9 la direction, sont diffus\u00e9es. \u00ab\u00a0Robert Hersant a \u00e9t\u00e9, quant \u00e0 lui, \u00e0 l\u2019initiative du Figaro Magazine, du Figaro Madame, des pages saumon d\u00e9di\u00e9es \u00e0 l\u2019\u00e9conomie\u00a0\u00bb, souligne Jean-Louis Remilleux et d\u2019ajouter\u00a0: \u00ab\u00a0Enfin, les Dassault ont fait une perc\u00e9e extraordinaire sur internet, avec le site d\u2019abord, les podcasts et puis la cha\u00eene de t\u00e9l\u00e9vision finalement.\u00a0\u00bb<\/p>\n","protected":false},"excerpt":{"rendered":"Le documentaire de Jean-Louis Remilleux retrace l\u2019histoire du journal, faite de combats, d\u2019\u00e9volutions et d\u2019avant-garde. L\u2019heure est \u00e0&hellip;\n","protected":false},"author":2,"featured_media":660748,"comment_status":"","ping_status":"","sticky":false,"template":"","format":"standard","meta":{"footnotes":""},"categories":[1356],"tags":[72415,58,59,1011,27,639,252,1364],"class_list":{"0":"post-660747","1":"post","2":"type-post","3":"status-publish","4":"format-standard","5":"has-post-thumbnail","7":"category-television","8":"tag-bicentenaire-du-figaro","9":"tag-divertissement","10":"tag-entertainment","11":"tag-fr","12":"tag-france","13":"tag-le-figaro","14":"tag-television","15":"tag-tv"},"share_on_mastodon":{"url":"https:\/\/pubeurope.com\/@fr\/115888226561637189","error":""},"_links":{"self":[{"href":"https:\/\/www.europesays.com\/fr\/wp-json\/wp\/v2\/posts\/660747","targetHints":{"allow":["GET"]}}],"collection":[{"href":"https:\/\/www.europesays.com\/fr\/wp-json\/wp\/v2\/posts"}],"about":[{"href":"https:\/\/www.europesays.com\/fr\/wp-json\/wp\/v2\/types\/post"}],"author":[{"embeddable":true,"href":"https:\/\/www.europesays.com\/fr\/wp-json\/wp\/v2\/users\/2"}],"replies":[{"embeddable":true,"href":"https:\/\/www.europesays.com\/fr\/wp-json\/wp\/v2\/comments?post=660747"}],"version-history":[{"count":0,"href":"https:\/\/www.europesays.com\/fr\/wp-json\/wp\/v2\/posts\/660747\/revisions"}],"wp:featuredmedia":[{"embeddable":true,"href":"https:\/\/www.europesays.com\/fr\/wp-json\/wp\/v2\/media\/660748"}],"wp:attachment":[{"href":"https:\/\/www.europesays.com\/fr\/wp-json\/wp\/v2\/media?parent=660747"}],"wp:term":[{"taxonomy":"category","embeddable":true,"href":"https:\/\/www.europesays.com\/fr\/wp-json\/wp\/v2\/categories?post=660747"},{"taxonomy":"post_tag","embeddable":true,"href":"https:\/\/www.europesays.com\/fr\/wp-json\/wp\/v2\/tags?post=660747"}],"curies":[{"name":"wp","href":"https:\/\/api.w.org\/{rel}","templated":true}]}}