{"id":660759,"date":"2026-01-13T14:25:13","date_gmt":"2026-01-13T14:25:13","guid":{"rendered":"https:\/\/www.europesays.com\/fr\/660759\/"},"modified":"2026-01-13T14:25:13","modified_gmt":"2026-01-13T14:25:13","slug":"pourquoi-les-feux-arriere-de-certaines-voitures-neuves-semblent-ils-defectueux","status":"publish","type":"post","link":"https:\/\/www.europesays.com\/fr\/660759\/","title":{"rendered":"Pourquoi les feux arri\u00e8re de certaines voitures neuves semblent-ils d\u00e9fectueux ?"},"content":{"rendered":"<p itemprop=\"description\">La nouvelle g\u00e9n\u00e9ration du Model Y<br \/>\nd\u00e9barque avec des \u00ab\u00a0feux arri\u00e8re \u00e0 r\u00e9flexion indirecte\u00a0\u00bb. Mais cette<br \/>\nprouesse technique s\u00e8me la confusion : un conducteur s&rsquo;est m\u00eame<br \/>\nfait arr\u00eater par la police aux \u00c9tats-Unis, soup\u00e7onn\u00e9 de rouler avec<br \/>\nun \u00e9clairage d\u00e9faillant.<\/p>\n<p data-pm-slice=\"0 0 []\">Depuis une dizaine d\u00a0\u00bbann\u00e9es, les barres<br \/>\nLED horizontales se sont impos\u00e9es comme la nouvelle norme<br \/>\nesth\u00e9tique dans l&rsquo;industrie automobile. De Kia \u00e0 Porsche, tous les<br \/>\nconstructeurs ont succomb\u00e9 \u00e0 cette tendance qui polarise autant<br \/>\nqu&rsquo;elle s&rsquo;appr\u00e9cie. Mais Tesla pousse le concept dans ses<br \/>\nretranchements avec le <a href=\"https:\/\/www.autoplus.fr\/environnement\/voiture-electrique\/avec-plus-de-650-km-dautonomie-tesla-fait-evoluer-son-model-y-1418427.html\" target=\"_blank\" rel=\"noopener\"><br \/>\nModel Y r\u00e9cemment restyl\u00e9<\/a>, \u00e9quip\u00e9 d&rsquo;un syst\u00e8me baptis\u00e9 IRL<br \/>\n(pour \u00ab\u00a0Indirect Running Light\u00a0\u00bb), que l&rsquo;on peut aussi<br \/>\ntraduire par \u00ab\u00a0feux arri\u00e8re \u00e0 r\u00e9flexion indirecte\u00a0\u00bb.<\/p>\n<p>Le principe ? Plut\u00f4t que d&rsquo;\u00e9clairer directement, <strong>les LED<br \/>\nprojettent leur lumi\u00e8re sur la surface peinte du coffre<\/strong>,<br \/>\ncr\u00e9ant un effet lumineux par r\u00e9flexion. Ce qui ressemble \u00e0 un feu<br \/>\nclassique n&rsquo;en est pas vraiment un : la bande LED dissimul\u00e9e sous<br \/>\nle bandeau sup\u00e9rieur assure l&rsquo;\u00e9clairage de position, tandis que les<br \/>\nfeux de stop traditionnels ne s&rsquo;activent qu&rsquo;au freinage.<\/p>\n<p>Quand la police n&rsquo;y comprend rien non plus<\/p>\n<p>L&rsquo;anecdote survenue dans l&rsquo;Indiana, aux \u00c9tats-Unis, met en avant<br \/>\nun petit souci avec ces technologie : un conducteur de Model Y<br \/>\ns&rsquo;est fait arr\u00eater par un agent qui croyait ses feux arri\u00e8re hors<br \/>\nservice. On imagine la sc\u00e8ne cocasse, le propri\u00e9taire tentant<br \/>\nd&rsquo;expliquer que non, tout fonctionne parfaitement, c&rsquo;est juste&#8230;<br \/>\ndiff\u00e9rent.<\/p>\n<p>Franz von Holzhausen, directeur du design chez Tesla, d\u00e9fend<br \/>\ncette innovation comme \u00ab\u00a0rafra\u00eechissante\u00a0\u00bb lors d&rsquo;un<br \/>\nentretien dans <a href=\"https:\/\/www.youtube.com\/watch?v=vQ6e4-1uuGA&amp;t=1035s\" target=\"_blank\" rel=\"noopener\">une \u00e9mission am\u00e9ricaine<\/a>. Son coll\u00e8gue<br \/>\nLars Moravy, vice-pr\u00e9sident de l&rsquo;ing\u00e9nierie, assure que <strong>le<br \/>\nsyst\u00e8me respecte scrupuleusement les r\u00e9glementations bas\u00e9es sur<br \/>\nl&rsquo;intensit\u00e9 lumineuse<\/strong>, ind\u00e9pendamment du type de surface<br \/>\n\u00e9mettrice. Sur le papier, tout est en r\u00e8gle. Dans la r\u00e9alit\u00e9<br \/>\nnocturne d&rsquo;une autoroute, c&rsquo;est moins \u00e9vident visiblement.<\/p>\n<p>Le design au d\u00e9triment de la s\u00e9curit\u00e9 ?<\/p>\n<p>Cette m\u00e9saventure soul\u00e8ve une question que l&rsquo;on se pose, il faut<br \/>\ndire, de plus en plus souvent : jusqu&rsquo;o\u00f9 peut-on pousser<br \/>\nl&rsquo;originalit\u00e9 sans compromettre la s\u00e9curit\u00e9 routi\u00e8re ? Les<br \/>\nconstructeurs ont le droit (et m\u00eame le devoir) d&rsquo;innover. Mais<br \/>\nquand votre signature lumineuse devient si \u00ab\u00a0avant-gardiste\u00a0\u00bb qu&rsquo;elle<br \/>\nressemble \u00e0 une panne, n&rsquo;y a-t-il pas un souci de communication<br \/>\nvisuelle ?<\/p>\n<p>Et au-del\u00e0 m\u00eame de ce syst\u00e8me d&rsquo;\u00e9clairage, on peut encore<br \/>\npousser le vice un peu plus loin avec <strong>certains mod\u00e8les \u00e0 la<br \/>\nceinture de caisse incroyablement haute r\u00e9duisante les surfaces<br \/>\nvitr\u00e9es<\/strong> et, par cons\u00e9quent, la visibilit\u00e9. Et \u00e9videmment,<br \/>\nquand on n&rsquo;y voit pas grand-chose dans sa lunette arri\u00e8re, \u00e7a peut<br \/>\ncauser des d\u00e9g\u00e2ts. Bien \u00e9videmment, les constructeurs mettent en<br \/>\navant leurs <a href=\"https:\/\/www.autoplus.fr\/pratique\/camera-de-recul-volee-un-motif-de-contre-visite-au-controle-technique-1416223.html\" target=\"_blank\" rel=\"noopener\"><br \/>\ncam\u00e9ras de recul<\/a>, voire m\u00eame leurs dispositifs \u00e0 360\u00b0, mais<br \/>\nrien ne remplacera la perception de l&rsquo;\u0153il humain sur certaines<br \/>\nman\u0153uvres.<\/p>\n","protected":false},"excerpt":{"rendered":"La nouvelle g\u00e9n\u00e9ration du Model Y d\u00e9barque avec des \u00ab\u00a0feux arri\u00e8re \u00e0 r\u00e9flexion indirecte\u00a0\u00bb. Mais cette prouesse technique&hellip;\n","protected":false},"author":2,"featured_media":660760,"comment_status":"","ping_status":"","sticky":false,"template":"","format":"standard","meta":{"footnotes":""},"categories":[6],"tags":[35,33,34,1011,27,1638],"class_list":{"0":"post-660759","1":"post","2":"type-post","3":"status-publish","4":"format-standard","5":"has-post-thumbnail","7":"category-economie","8":"tag-business","9":"tag-economie","10":"tag-economy","11":"tag-fr","12":"tag-france","13":"tag-has_diapo"},"share_on_mastodon":{"url":"https:\/\/pubeurope.com\/@fr\/115888254098374790","error":""},"_links":{"self":[{"href":"https:\/\/www.europesays.com\/fr\/wp-json\/wp\/v2\/posts\/660759","targetHints":{"allow":["GET"]}}],"collection":[{"href":"https:\/\/www.europesays.com\/fr\/wp-json\/wp\/v2\/posts"}],"about":[{"href":"https:\/\/www.europesays.com\/fr\/wp-json\/wp\/v2\/types\/post"}],"author":[{"embeddable":true,"href":"https:\/\/www.europesays.com\/fr\/wp-json\/wp\/v2\/users\/2"}],"replies":[{"embeddable":true,"href":"https:\/\/www.europesays.com\/fr\/wp-json\/wp\/v2\/comments?post=660759"}],"version-history":[{"count":0,"href":"https:\/\/www.europesays.com\/fr\/wp-json\/wp\/v2\/posts\/660759\/revisions"}],"wp:featuredmedia":[{"embeddable":true,"href":"https:\/\/www.europesays.com\/fr\/wp-json\/wp\/v2\/media\/660760"}],"wp:attachment":[{"href":"https:\/\/www.europesays.com\/fr\/wp-json\/wp\/v2\/media?parent=660759"}],"wp:term":[{"taxonomy":"category","embeddable":true,"href":"https:\/\/www.europesays.com\/fr\/wp-json\/wp\/v2\/categories?post=660759"},{"taxonomy":"post_tag","embeddable":true,"href":"https:\/\/www.europesays.com\/fr\/wp-json\/wp\/v2\/tags?post=660759"}],"curies":[{"name":"wp","href":"https:\/\/api.w.org\/{rel}","templated":true}]}}