{"id":660783,"date":"2026-01-13T14:37:12","date_gmt":"2026-01-13T14:37:12","guid":{"rendered":"https:\/\/www.europesays.com\/fr\/660783\/"},"modified":"2026-01-13T14:37:12","modified_gmt":"2026-01-13T14:37:12","slug":"plus-les-gens-comprennent-moins-ils-jugent","status":"publish","type":"post","link":"https:\/\/www.europesays.com\/fr\/660783\/","title":{"rendered":"\u00ab Plus les gens comprennent, moins ils jugent \u00bb"},"content":{"rendered":"<p>                    Par<br \/>\n        <strong><br \/>\n            <a href=\"https:\/\/actu.fr\/auteur\/jessie-leclerc\" title=\"Consulter tous les articles de Jessie Leclerc\" target=\"_blank\" rel=\"noopener\">Jessie Leclerc<\/a><br \/>\n                    <\/strong><\/p>\n<p>        Publi\u00e9 le<\/p>\n<p>            13 janv. 2026 \u00e0 14h12        <\/p>\n<p>Des Rouennais directement concern\u00e9s par les troubles psychiques, ont choisi de transformer leurs mots en images.<strong> Le court-m\u00e9trage<\/strong> Entre les lignes, sera projet\u00e9 le jeudi 15\u00a0janvier 2026 au cin\u00e9ma l\u2019Omnia, <a href=\"https:\/\/actu.fr\/normandie\/rouen_76540\" target=\"_blank\" rel=\"noopener\">\u00e0 Rouen (Seine-Maritime)<\/a>. Un film sensible et profond\u00e9ment humain qui donne la parole \u00e0 celles et ceux que l\u2019on entend trop peu, pour changer les regards et<strong> lutter contre la stigmatisation<\/strong> encore tr\u00e8s pr\u00e9sente <a href=\"https:\/\/actu.fr\/normandie\/mont-saint-aignan_76451\/cette-psychiatre-de-rouen-leve-les-tabous-sur-la-sante-mentale-via-instagram-et-ca-cartonne_62604956.html\" target=\"_blank\" rel=\"noopener\">autour de la sant\u00e9 mentale<\/a>.<\/p>\n<p>Stop aux pr\u00e9jug\u00e9s<\/p>\n<p class=\" wall-content\">Loin des pr\u00e9jug\u00e9s et des raccourcis, Entre les Lignes a \u00e9t\u00e9 imagin\u00e9 et r\u00e9alis\u00e9 par des habitants de la <strong>r\u00e9sidence S\u00e9raphine de Rouen<\/strong> et trois membres de<a href=\"https:\/\/actu.fr\/normandie\/saint-etienne-du-rouvray_76575\/schizophrenie-bipolarite-pres-de-rouen-le-clubhouse-aide-a-retrouver-une-vie-sociale-et-professionnelle_61744740.html\" target=\"_blank\" rel=\"noopener\"> l\u2019association Le Clubhouse<\/a>, un projet d\u2019insertion professionnelle bas\u00e9 \u00e0 Saint-Etienne-du-Rouvray.<\/p>\n<p class=\" wall-content\">Il ne s\u2019agit pas de \u00ab\u2009patients\u2009\u00bb, mais bien de locataires autonomes et engag\u00e9s dans la vie collective. Une pr\u00e9cision essentielle tant les mots fa\u00e7onnent les regards.<\/p>\n<p>Des mots aux images<\/p>\n<p class=\" wall-content\">\u00c0 l\u2019origine du projet, il y a des ateliers d\u2019\u00e9criture mensuels anim\u00e9s par Thierry Por\u00e9, m\u00e9diateur du r\u00e9seau <a href=\"https:\/\/actu.fr\/normandie\/le-petit-quevilly_76498\/bouturotheque-et-creatheque-decouvrez-les-nouveautes-de-la-mediatheque-du-petit-quevilly_63284921.html\" target=\"_blank\" rel=\"noopener\">des biblioth\u00e8ques<\/a> de Rouen. Un espace d\u2019expression libre o\u00f9 chacun peut poser ses \u00e9motions, son v\u00e9cu ou ses doutes.<\/p>\n<p class=\" wall-content\"><strong>Margot, 31 ans<\/strong>, \u00e0 la r\u00e9sidence depuis 2021, y participe r\u00e9guli\u00e8rement. \u00ab\u2009Comme ce sont de beaux textes et que l\u2019on sentait qu\u2019on avait vraiment<strong> quelque chose \u00e0 exprimer<\/strong>, on s\u2019est dit que \u00e7a serait bien d\u2019en faire autre chose\u2009\u00bb, confie-t-elle.<\/p>\n<p class=\" wall-content\">Le projet de court-m\u00e9trage na\u00eet alors, avec la participation de la Drac, de l\u2019ARS et du D\u00e9partement. Et le r\u00e9alisateur Amaury Voslion rejoint l\u2019aventure.<\/p>\n<p>Miser sur le collectif<\/p>\n<p class=\" wall-content\">La r\u00e9alisation s\u2019est \u00e9tal\u00e9e sur <strong>dix jours entre septembre et novembre\u00a02025<\/strong>. Brainstorming, \u00e9criture, tournage\u2026 Dix personnes concern\u00e9es directement par des troubles psychiques ont particip\u00e9 \u00e0 toutes les \u00e9tapes. Un participant pr\u00e9f\u00e9rant rester hors champs a m\u00eame <a href=\"https:\/\/actu.fr\/normandie\/rouen_76540\/rap-rnb-hip-hop-dj-polly-ambiance-les-soirees-des-bars-de-rouen-je-ne-pensais-pas-en-arriver-la_62911200.html\" target=\"_blank\" rel=\"noopener\">compos\u00e9 les musiques<\/a>.<\/p>\n<p>    <img   decoding=\"async\" loading=\"lazy\" src=\"https:\/\/www.europesays.com\/fr\/wp-content\/uploads\/2026\/01\/1000012656-960x640.jpg\" alt=\"Toutes celles et ceux qui ont particip\u00e9 \u00e0 la r\u00e9alisation du court-m\u00e9trage sont touch\u00e9 par des troubles de la sant\u00e9 mentale. Dans la r\u00e9sidence S\u00e9raphine, Ad\u00e8le (en bas au centre) et Moon (en bas \u00e0 droite) les accompagnent.\" width=\"960\" height=\"640\"\/><br \/>\n    Toutes celles et ceux qui ont particip\u00e9 \u00e0 la r\u00e9alisation du court-m\u00e9trage sont touch\u00e9s par des troubles de la sant\u00e9 mentale. Dans la r\u00e9sidence S\u00e9raphine, Ad\u00e8le (en bas au centre) et Moon (en bas \u00e0 droite) les accompagnent. (\u00a9R\u00e9sidence Accueil S\u00e9raphine)<\/p>\n<p>Votre r\u00e9gion, votre actu !<\/p>\n<p>Recevez chaque jour les infos qui comptent pour vous.<\/p>\n<p>\t<a href=\"https:\/\/actu.fr\/newsletter\" class=\"ac-btn ac-btn--corner ac-btn--medium ac-btn--blue800\" target=\"_blank\" rel=\"noopener\">S&rsquo;incrire<\/a><\/p>\n<p class=\" wall-content\">\u00ab\u2009Amaury \u00e9tait tr\u00e8s ouvert \u00e0 nos id\u00e9es. Quand on pensait \u00e0 quelque chose, on voyait ensemble comment d\u00e9velopper la sc\u00e8ne\u2009\u00bb, se souvient Margot.<\/p>\n<p>\u00ab\u2009Faire passer un message\u2009\u00bb<\/p>\n<p class=\" wall-content\">Pour Oc\u00e9ane, 26 ans, \u00ab\u2009participer, c\u2019\u00e9tait faire passer un message \u00bb. \u00ab Et puis j\u2019ai toujours \u00e9t\u00e9 attir\u00e9e par l\u2019audiovisuel.\u2009\u00bb<\/p>\n<p class=\" wall-content\">D\u2019une dur\u00e9e de <strong>19\u00a0minutes<\/strong>, le film <a href=\"https:\/\/actu.fr\/normandie\/rouen_76540\/dans-les-quartiers-de-rouen-elles-sont-psychologues-de-rue-un-travail-meconnu-pour-la-sante-mentale_63490341.html\" target=\"_blank\" rel=\"noopener\">aborde les diff\u00e9rents troubles<\/a> non pas sous l\u2019angle m\u00e9dical, mais \u00e0 travers leurs impacts dans la vie quotidienne.<\/p>\n<p class=\" wall-content\">\u00ab\u2009C\u2019est tr\u00e8s r\u00e9ducteur la fa\u00e7on dont on en parle dans les m\u00e9dias\u2009\u00bb, regrette Moon Zedini, animatrice coordinatrice de la r\u00e9sidence S\u00e9raphine. Aujourd\u2019hui encore, plus d\u2019un Fran\u00e7ais sur deux pense qu\u2019un schizophr\u00e8ne est dangereux.<\/p>\n<p class=\" wall-content\">C\u2019est l\u00e0 que le film intervient. Il <strong>met \u00e0 bas les caricatures<\/strong>.<\/p>\n<blockquote class=\"ac-article-quote wall-content\">\n<p>Plus les gens comprennent, moins ils jugent.<\/p>\n<p>    <strong>Oc\u00e9ane<\/strong><br \/>\n        Membre de l&rsquo;\u00e9quipe de r\u00e9alisation et locataire \u00e0 la r\u00e9sidence S\u00e9raphine.    <\/p><\/blockquote>\n<p class=\" wall-content\">Le film explique aussi que \u00ab\u2009\u00e7a peut arriver \u00e0 n\u2019importe qui\u2009\u00bb. Selon l\u2019Assurance Maladie, <strong>une personne sur quatre<\/strong> sera concern\u00e9e par un trouble <a href=\"https:\/\/actu.fr\/normandie\/saint-etienne-du-rouvray_76575\/l-hopital-du-rouvray-se-dote-d-un-nouvel-equipement-pour-la-recherche-en-sante-mentale_63354389.html\" target=\"_blank\" rel=\"noopener\">de la sant\u00e9 mentale<\/a> au cours de sa vie.<\/p>\n<p>Mettre en image l\u2019invisible<\/p>\n<p class=\" wall-content\">Certaines sc\u00e8nes du film sont<strong> improvis\u00e9es<\/strong>, comme celle <a href=\"https:\/\/actu.fr\/normandie\/rouen_76540\/agoraphobie-phobie-sociale-rouen-cercle-parole-combattre-angoisses_27071005.html\" target=\"_blank\" rel=\"noopener\">du cercle de parole<\/a>, inspir\u00e9e de v\u00e9ritables groupes d\u2019\u00e9changes. \u00ab\u2009On avait aucun script\u2009\u00bb, sourit Margot.<\/p>\n<p>    <img   decoding=\"async\" loading=\"lazy\" src=\"https:\/\/www.europesays.com\/fr\/wp-content\/uploads\/2026\/01\/oceane-et-margaux-court-metrage-sante-mentale-rouen-960x640.jpg\" alt=\"Oc\u00e9ane (\u00e0 gauche) et Margaux (\u00e0 droite) sont ravies d'avoir particip\u00e9 \u00e0 la r\u00e9alisation du court-m\u00e9trage.\" width=\"960\" height=\"640\"\/><br \/>\n    Oc\u00e9ane (\u00e0 gauche) et Margot (\u00e0 droite) sont ravies d\u2019avoir particip\u00e9 \u00e0 la r\u00e9alisation du court-m\u00e9trage. (\u00a9JL\/76actu)<\/p>\n<p class=\" wall-content\">L\u2019\u00e9quipe accompagnatrice souligne <strong>le courage<\/strong> des participants. \u00ab\u2009S\u2019ouvrir ainsi c\u2019est difficile, d\u2019autant plus que les familles vont voir le film, c\u2019est sans doute \u00e7a le plus dur\u2009\u00bb, affirme Ad\u00e8le Colange, seconde animatrice.<\/p>\n<p class=\" wall-content\">Parfois, <strong>la po\u00e9sie s\u2019invite<\/strong>. \u00ab\u2009On a une sc\u00e8ne sur un d\u00e9lire psychotique qui rend comme un film d\u2019action\u2009\u00bb, sourit Oc\u00e9ane. \u00ab\u2009C\u2019est la plus belle sc\u00e8ne du court-m\u00e9trage\u2009\u00bb pour elle. Comme quoi, les images parlent parfois mieux que les mots.<\/p>\n<p>La r\u00e9sidence S\u00e9raphine, un \u00ab\u00a0chez soi entour\u00e9\u00a0\u00bb<\/p>\n<p>La r\u00e9sidence accueil S\u00e9raphine fait partie du r\u00e9seau Viv 3 Normandie, acteur majeur de l&rsquo;accompagnement des personnes fragiles et vuln\u00e9rables. L&rsquo;\u00e9tablissement accueille des personnes\u00a0psychiquement stabilis\u00e9es, suivies m\u00e9dicalement, vivant de mani\u00e8re autonome dans leur logement. Ici, chacun est\u00a0locataire, paie un loyer et choisit de s\u2019inscrire dans un collectif.<\/p>\n<p>\u00ab\u00a0Ses grands objectifs sont de rompre l\u2019isolement. Et dans les faits, \u00e7a passe par des projets\u202f culturels et des ateliers\u00a0\u00bb, explique Ad\u00e8le Colange.\u00a0Ateliers, partenariats culturels, interactions avec l\u2019ext\u00e9rieur\u202f: la r\u00e9sidence fonctionne comme une petite soci\u00e9t\u00e9.<\/p>\n<p>Tous ont appris des autres<\/p>\n<p class=\" wall-content\">L\u2019aventure a marqu\u00e9 les participants, mais aussi le r\u00e9alisateur. \u00ab\u2009Amaury ne savait pas vraiment dans quoi il s\u2019embarquait. Il a \u00e9t\u00e9 tr\u00e8s surpris\u2009\u00bb, sourit Margot.<strong> Le regard a \u00e9volu\u00e9<\/strong> des deux c\u00f4t\u00e9s de la cam\u00e9ra.<\/p>\n<p class=\" wall-content\">\u00ab\u2009On se rend compte qu\u2019on a <strong>beaucoup de points communs<\/strong>, m\u00eame si nos troubles sont diff\u00e9rents. On se sent moins seuls\u2009\u00bb, t\u00e9moigne Oc\u00e9ane.<\/p>\n<p class=\" wall-content\">Entre les lignes sera projet\u00e9<strong> jeudi 15\u00a0janvier 2026 \u00e0 18h<\/strong>, au <a href=\"https:\/\/actu.fr\/normandie\/rouen_76540\/avec-280-400-entrees-une-annee-record-pour-le-cinema-l-omnia-a-rouen_60515482.html\" target=\"_blank\" rel=\"noopener\">cin\u00e9ma l\u2019Omnia<\/a> \u00e0 Rouen, en pr\u00e9sence des participants et de l\u2019\u00e9quipe du film. La s\u00e9ance sera suivie d\u2019un d\u00e9bat ouvert au public.<\/p>\n<p><a href=\"https:\/\/bibliotheques.rouen.fr\/agenda\/entre-les-lignes\" target=\"_blank\" rel=\"noopener\">Places restantes en cliquant ici<\/a>.Suivez l\u2019actualit\u00e9 de Rouen <a href=\"https:\/\/www.whatsapp.com\/channel\/0029VaKfnf99hXF2ddApFB1D\" target=\"_blank\" rel=\"noopener\">sur notre cha\u00eene WhatsApp<\/a> et <a href=\"https:\/\/www.tiktok.com\/@76actu.fr?lang=fr\" target=\"_blank\" rel=\"noopener\">sur notre compte TikTok<\/a><\/p>\n<p class=\" wall-content\">Personnalisez votre actualit\u00e9 en ajoutant vos villes et m\u00e9dias en favori avec <a href=\"https:\/\/moncompte.actu.fr\" title=\"D\u00e9couvez Mon Actu\" rel=\"nofollow noopener\" data-trk=\"{&quot;cta&quot;:{&quot;action&quot;:&quot;https:\\\/\\\/moncompte.actu.fr&quot;,&quot;category&quot;:&quot;mon compte&quot;,&quot;from&quot;:&quot;article footer&quot;,&quot;name&quot;:&quot;Mon actu&quot;,&quot;type&quot;:&quot;cta&quot;}}\" target=\"_blank\">Mon Actu<\/a>.<\/p>\n<p>                    <script async src=\"\/\/www.tiktok.com\/embed.js\"><\/script><\/p>\n","protected":false},"excerpt":{"rendered":"Par Jessie Leclerc Publi\u00e9 le 13 janv. 2026 \u00e0 14h12 Des Rouennais directement concern\u00e9s par les troubles psychiques,&hellip;\n","protected":false},"author":2,"featured_media":660784,"comment_status":"","ping_status":"","sticky":false,"template":"","format":"standard","meta":{"footnotes":""},"categories":[9587],"tags":[1111,11,9086,650,1777,674,1011,27,1652,12,5161,25,9590,3400],"class_list":{"0":"post-660783","1":"post","2":"type-post","3":"status-publish","4":"format-standard","5":"has-post-thumbnail","7":"category-rouen","8":"tag-actu","9":"tag-actualites","10":"tag-bon-plan-a-rouen","11":"tag-cinema","12":"tag-eu","13":"tag-europe","14":"tag-fr","15":"tag-france","16":"tag-loisirs-culture","17":"tag-news","18":"tag-normandie","19":"tag-republique-francaise","20":"tag-rouen","21":"tag-solidarite"},"share_on_mastodon":{"url":"https:\/\/pubeurope.com\/@fr\/115888301547740046","error":""},"_links":{"self":[{"href":"https:\/\/www.europesays.com\/fr\/wp-json\/wp\/v2\/posts\/660783","targetHints":{"allow":["GET"]}}],"collection":[{"href":"https:\/\/www.europesays.com\/fr\/wp-json\/wp\/v2\/posts"}],"about":[{"href":"https:\/\/www.europesays.com\/fr\/wp-json\/wp\/v2\/types\/post"}],"author":[{"embeddable":true,"href":"https:\/\/www.europesays.com\/fr\/wp-json\/wp\/v2\/users\/2"}],"replies":[{"embeddable":true,"href":"https:\/\/www.europesays.com\/fr\/wp-json\/wp\/v2\/comments?post=660783"}],"version-history":[{"count":0,"href":"https:\/\/www.europesays.com\/fr\/wp-json\/wp\/v2\/posts\/660783\/revisions"}],"wp:featuredmedia":[{"embeddable":true,"href":"https:\/\/www.europesays.com\/fr\/wp-json\/wp\/v2\/media\/660784"}],"wp:attachment":[{"href":"https:\/\/www.europesays.com\/fr\/wp-json\/wp\/v2\/media?parent=660783"}],"wp:term":[{"taxonomy":"category","embeddable":true,"href":"https:\/\/www.europesays.com\/fr\/wp-json\/wp\/v2\/categories?post=660783"},{"taxonomy":"post_tag","embeddable":true,"href":"https:\/\/www.europesays.com\/fr\/wp-json\/wp\/v2\/tags?post=660783"}],"curies":[{"name":"wp","href":"https:\/\/api.w.org\/{rel}","templated":true}]}}