{"id":660785,"date":"2026-01-13T14:38:19","date_gmt":"2026-01-13T14:38:19","guid":{"rendered":"https:\/\/www.europesays.com\/fr\/660785\/"},"modified":"2026-01-13T14:38:19","modified_gmt":"2026-01-13T14:38:19","slug":"cdf-finale-rouen-grenoble-informations-billetterie","status":"publish","type":"post","link":"https:\/\/www.europesays.com\/fr\/660785\/","title":{"rendered":"CDF &#8211; Finale Rouen &#8211; Grenoble : Informations billetterie"},"content":{"rendered":"<p class=\"c-blanc date-article\">13 Jan 2026 14:47 \u00a0 \/ \u00a0 A LA UNE, ACTUALIT\u00c9S, COUPES DE FRANCE, COUPE DE FRANCE MASCULINE<\/p>\n<p>\u00a0<\/p>\n<p class=\"chapeau\">Apr\u00e8s tirage au sort, le club de Rouen a \u00e9t\u00e9 d\u00e9sign\u00e9 comme club recevant lors de la finale de Coupe de France Rouen \u2013 Grenoble, qui aura lieu le dimanche 1er f\u00e9vrier prochain \u00e0 l\u2019Accor Arena de Paris.<\/p>\n<p>En cons\u00e9quence, les supporters rouennais seront plac\u00e9s du c\u00f4t\u00e9 Seine : les personnes qui ach\u00e8teront leur ticket via le club de Rouen seront positionn\u00e9es en tribunes I, J, K et L.<\/p>\n<p>Les supporters grenoblois seront plac\u00e9s du c\u00f4t\u00e9 Parvis : les spectateurs qui ach\u00e8teront leur billet via le club de Grenoble seront install\u00e9s en tribunes B, A, U, et T.<\/p>\n<p>A noter que 1500 places sont allou\u00e9es \u00e0 chaque \u00e9quipe. Elles sont commercialis\u00e9es par les clubs <strong>jusqu\u2019au 16 janvier.<\/strong><\/p>\n<p>La plateforme de revente de billets a d\u00e9j\u00e0 ouverte sur le site de l\u2019AccorArena. Elle est disponible <a href=\"https:\/\/billetterie.accorarena.com\/fr\/manifestation\/finale-de-la-cdf-de-hockey-2026-billet\/idmanif\/639070\/idseance\/4185328\/codtypadh\/FTT\/numadh\/01\/codeconf\/FTMS01?_gl=1%2A1ezt5x%2A_gcl_au%2ANjIxMjMzNTMzLjE3NjgzMTI3MDM.\" target=\"_blank\" rel=\"noopener\">en cliquant ici.<\/a><\/p>\n<p><strong>Placement des supporters \u2013 Finale CDF 2026 \u00e0 l\u2019Accor Arena :<\/strong><\/p>\n<ul>\n<li>Rouen c\u00f4t\u00e9 Seine \/ Tribunes I-J-K-L<\/li>\n<li>Grenoble c\u00f4t\u00e9 Parvis \/ Tribunes B-A-U-T<\/li>\n<\/ul>\n<blockquote><p>\nFinale \u00e0 l\u2019AccorArena\n<\/p><\/blockquote>\n<p>Pour la 18\u00e8me fois de son histoire, la finale de Coupe de France se jouera \u00e0 l\u2019Accor Arena de Paris ! C\u2019est LE rendez-vous annuel incontournable du hockey-sur-glace fran\u00e7ais. L\u2019\u00e9quipe qui en sortira vainqueur soul\u00e8vera le Troph\u00e9e Pete Lalibert\u00e9.<\/p>\n<p>Date :\u00a0<strong>Dimanche 1er f\u00e9vrier 2026<\/strong><\/p>\n<p>Affiche :\u00a0<strong>Rouen \u2013 Grenoble<\/strong><\/p>\n<p>Horaire :\u00a0<strong>Coup d\u2019envoi du match 15h00, d\u00e9but des animations 13h00<\/strong><\/p>\n<blockquote><p>\nParcours des finalistes\n<\/p><\/blockquote>\n<p><strong>ROUEN (SLM)<\/strong><\/p>\n<ul>\n<li>16\u00e8mes de finale : Dunkerque (D1) <strong><a href=\"https:\/\/www.hockeyfrance.com\/competitions\/rencontre\/73925\" target=\"_blank\" rel=\"noopener\">2-8<\/a> Rouen<\/strong><\/li>\n<li>8\u00e8mes de finale : Anglet (SLM) <strong><a href=\"https:\/\/www.hockeyfrance.com\/competitions\/rencontre\/73932\" target=\"_blank\" rel=\"noopener\">2-8<\/a> Rouen<\/strong><\/li>\n<li>Quarts de finale : Angers (SLM)<strong><a href=\"https:\/\/www.hockeyfrance.com\/competitions\/rencontre\/73939\" target=\"_blank\" rel=\"noopener\"> 0-1<\/a> Rouen<\/strong><\/li>\n<li>Demi-finale : <strong>Rouen<\/strong> <strong><a href=\"https:\/\/www.hockeyfrance.com\/competitions\/rencontre\/73941\" target=\"_blank\" rel=\"noopener\">4-3tab<\/a><\/strong> Chamonix (SLM)<\/li>\n<\/ul>\n<p><strong>GRENOBLE (SLM)<\/strong><\/p>\n<ul>\n<li>16\u00e8mes de finale : Mont-Blanc (D1) <strong><a href=\"https:\/\/www.hockeyfrance.com\/competitions\/rencontre\/73917\" target=\"_blank\" rel=\"noopener\">2-10<\/a> Grenoble<\/strong><\/li>\n<li>8\u00e8mes de finale : Epinal (D1) <strong><a href=\"https:\/\/www.hockeyfrance.com\/competitions\/rencontre\/73931\" target=\"_blank\" rel=\"noopener\">0-3<\/a> Grenoble<\/strong><\/li>\n<li>Quarts de finale : <b>Grenoble <a href=\"https:\/\/www.hockeyfrance.com\/competitions\/rencontre\/73938\" target=\"_blank\" rel=\"noopener\">5-1 <\/a><\/b>Bordeaux (SLM)<\/li>\n<li>Demi-finale : Caen (D1) <strong><a href=\"https:\/\/www.hockeyfrance.com\/competitions\/rencontre\/73940\" target=\"_blank\" rel=\"noopener\">3-6<\/a><\/strong> <strong>Grenoble<\/strong><\/li>\n<\/ul>\n<p>Diffusion<\/p>\n<p>La finale de la comp\u00e9tition sera \u00e0 suivre sur notre plateforme : <a href=\"https:\/\/www.hockeyfrance.tv\/\" target=\"_blank\" rel=\"noopener\">https:\/\/www.hockeyfrance.tv\/<\/a>. Vous pouvez vous abonner directement sur le lien.<\/p>\n<p><img decoding=\"async\" loading=\"lazy\" class=\"alignnone size-large wp-image-48207\" src=\"https:\/\/www.europesays.com\/fr\/wp-content\/uploads\/2025\/11\/320x100-2-1024x320.jpg\" alt=\"\" width=\"1024\" height=\"320\"  \/><\/p>\n","protected":false},"excerpt":{"rendered":"13 Jan 2026 14:47 \u00a0 \/ \u00a0 A LA UNE, ACTUALIT\u00c9S, COUPES DE FRANCE, COUPE DE FRANCE MASCULINE&hellip;\n","protected":false},"author":2,"featured_media":660786,"comment_status":"","ping_status":"","sticky":false,"template":"","format":"standard","meta":{"footnotes":""},"categories":[9587],"tags":[1111,11,1777,674,1011,27,12,5161,25,9590],"class_list":{"0":"post-660785","1":"post","2":"type-post","3":"status-publish","4":"format-standard","5":"has-post-thumbnail","7":"category-rouen","8":"tag-actu","9":"tag-actualites","10":"tag-eu","11":"tag-europe","12":"tag-fr","13":"tag-france","14":"tag-news","15":"tag-normandie","16":"tag-republique-francaise","17":"tag-rouen"},"share_on_mastodon":{"url":"https:\/\/pubeurope.com\/@fr\/115888305257602703","error":""},"_links":{"self":[{"href":"https:\/\/www.europesays.com\/fr\/wp-json\/wp\/v2\/posts\/660785","targetHints":{"allow":["GET"]}}],"collection":[{"href":"https:\/\/www.europesays.com\/fr\/wp-json\/wp\/v2\/posts"}],"about":[{"href":"https:\/\/www.europesays.com\/fr\/wp-json\/wp\/v2\/types\/post"}],"author":[{"embeddable":true,"href":"https:\/\/www.europesays.com\/fr\/wp-json\/wp\/v2\/users\/2"}],"replies":[{"embeddable":true,"href":"https:\/\/www.europesays.com\/fr\/wp-json\/wp\/v2\/comments?post=660785"}],"version-history":[{"count":0,"href":"https:\/\/www.europesays.com\/fr\/wp-json\/wp\/v2\/posts\/660785\/revisions"}],"wp:featuredmedia":[{"embeddable":true,"href":"https:\/\/www.europesays.com\/fr\/wp-json\/wp\/v2\/media\/660786"}],"wp:attachment":[{"href":"https:\/\/www.europesays.com\/fr\/wp-json\/wp\/v2\/media?parent=660785"}],"wp:term":[{"taxonomy":"category","embeddable":true,"href":"https:\/\/www.europesays.com\/fr\/wp-json\/wp\/v2\/categories?post=660785"},{"taxonomy":"post_tag","embeddable":true,"href":"https:\/\/www.europesays.com\/fr\/wp-json\/wp\/v2\/tags?post=660785"}],"curies":[{"name":"wp","href":"https:\/\/api.w.org\/{rel}","templated":true}]}}