{"id":660793,"date":"2026-01-13T14:42:11","date_gmt":"2026-01-13T14:42:11","guid":{"rendered":"https:\/\/www.europesays.com\/fr\/660793\/"},"modified":"2026-01-13T14:42:11","modified_gmt":"2026-01-13T14:42:11","slug":"une-meilleure-performance-francaise-et-deux-titres-departementaux-judicael-sauvaget-a-impressionne-aux-championnats-dille-et-vilaine-a-rennes","status":"publish","type":"post","link":"https:\/\/www.europesays.com\/fr\/660793\/","title":{"rendered":"Une meilleure performance fran\u00e7aise et deux titres d\u00e9partementaux\u00a0: Judica\u00ebl Sauvaget a impressionn\u00e9 aux championnats d\u2019Ille-et-Vilaine \u00e0 Rennes"},"content":{"rendered":"<p>Championnats d\u00e9partementaux d\u2019Ille-et-Vilaine<\/p>\n<p class=\"empty\">D\u00e9j\u00e0 <a href=\"https:\/\/www.letelegramme.fr\/ille-et-vilaine\/saint-malo-35400\/le-malouin-judicael-sauvaget-est-le-nouveau-champion-de-france-cadet-du-400-m-haies-6859064.php\" target=\"_blank\" rel=\"noopener\">champion de France cadets du 400 m haies en 2025<\/a>, Judica\u00ebl Sauvaget a confirm\u00e9 qu\u2019il faisait partie des \u00e9toiles montantes de sa g\u00e9n\u00e9ration. Lors des championnats d\u00e9partementaux du \u00ab\u00a035\u00a0\u00bb, dimanche, le licenci\u00e9 du CJF Saint-Malo s\u2019est d\u2019abord impos\u00e9 sur le 400 m cadets avant de revenir, une heure plus tard, sur le 60 m haies. Un pari loin d\u2019\u00eatre \u00e9vident. \u00ab\u00a0J\u2019avais encore des s\u00e9quelles du 400 m. J\u2019ai utilis\u00e9 des bottes de compression pour r\u00e9cup\u00e9rer et j\u2019ai fait de la mobilit\u00e9.\u00a0\u00bb<\/p>\n<p class=\"empty\">Gr\u00e2ce \u00e0 cette r\u00e9cup\u00e9ration express, le Malouin a su se remobiliser pour livrer une finale de haut niveau. Apr\u00e8s une s\u00e9rie en 7\u00a0\u00bb86, il a sign\u00e9 la meilleure performance fran\u00e7aise de la saison et d\u00e9croch\u00e9 un second titre d\u00e9partemental en 7\u00a0\u00bb78. \u00ab\u00a0J&rsquo;ai eu un d\u00e9part agressif, j\u2019ai mal n\u00e9goci\u00e9 ma premi\u00e8re haie mais je me suis appliqu\u00e9 sur ma fin de course\u00a0\u00bb, poursuit-il, avec une maturit\u00e9 d\u00e9j\u00e0 remarquable.<\/p>\n<p>L\u2019Europe et l\u2019Olympe face \u00e0 lui<\/p>\n<p>Dans le sillage de ses a\u00een\u00e9s Mael-Bephassou Lannurien et Gora N\u2019Diaye, Judica\u00ebl Sauvaget poursuit sa progression avec s\u00e9rieux. Pour mettre toutes les chances de son c\u00f4t\u00e9, il a quitt\u00e9 le foyer familial pour rejoindre la section sport-\u00e9tudes du lyc\u00e9e de Cesson-S\u00e9vign\u00e9. Un choix assum\u00e9, \u00e0 la mesure de ses ambitions.<\/p>\n<p>Cet \u00e9t\u00e9, le hurdler vise une qualification sur 400 m haies pour les championnats d\u2019Europe cadets \u00e0 Rieti (Italie), les 16 et 19 juillet. Plus loin encore, les Jeux olympiques de la jeunesse 2026 nourrissent d\u00e9j\u00e0 ses r\u00eaves.<\/p>\n","protected":false},"excerpt":{"rendered":"Championnats d\u00e9partementaux d\u2019Ille-et-Vilaine D\u00e9j\u00e0 champion de France cadets du 400 m haies en 2025, Judica\u00ebl Sauvaget a confirm\u00e9&hellip;\n","protected":false},"author":2,"featured_media":660794,"comment_status":"","ping_status":"","sticky":false,"template":"","format":"standard","meta":{"footnotes":""},"categories":[2821],"tags":[1111,11,4132,829,1777,674,1011,27,12,584,25,3728,60],"class_list":{"0":"post-660793","1":"post","2":"type-post","3":"status-publish","4":"format-standard","5":"has-post-thumbnail","7":"category-rennes","8":"tag-actu","9":"tag-actualites","10":"tag-athletisme","11":"tag-bretagne","12":"tag-eu","13":"tag-europe","14":"tag-fr","15":"tag-france","16":"tag-news","17":"tag-rennes","18":"tag-republique-francaise","19":"tag-saint-malo","20":"tag-sports"},"share_on_mastodon":{"url":"https:\/\/pubeurope.com\/@fr\/115888320963747312","error":""},"_links":{"self":[{"href":"https:\/\/www.europesays.com\/fr\/wp-json\/wp\/v2\/posts\/660793","targetHints":{"allow":["GET"]}}],"collection":[{"href":"https:\/\/www.europesays.com\/fr\/wp-json\/wp\/v2\/posts"}],"about":[{"href":"https:\/\/www.europesays.com\/fr\/wp-json\/wp\/v2\/types\/post"}],"author":[{"embeddable":true,"href":"https:\/\/www.europesays.com\/fr\/wp-json\/wp\/v2\/users\/2"}],"replies":[{"embeddable":true,"href":"https:\/\/www.europesays.com\/fr\/wp-json\/wp\/v2\/comments?post=660793"}],"version-history":[{"count":0,"href":"https:\/\/www.europesays.com\/fr\/wp-json\/wp\/v2\/posts\/660793\/revisions"}],"wp:featuredmedia":[{"embeddable":true,"href":"https:\/\/www.europesays.com\/fr\/wp-json\/wp\/v2\/media\/660794"}],"wp:attachment":[{"href":"https:\/\/www.europesays.com\/fr\/wp-json\/wp\/v2\/media?parent=660793"}],"wp:term":[{"taxonomy":"category","embeddable":true,"href":"https:\/\/www.europesays.com\/fr\/wp-json\/wp\/v2\/categories?post=660793"},{"taxonomy":"post_tag","embeddable":true,"href":"https:\/\/www.europesays.com\/fr\/wp-json\/wp\/v2\/tags?post=660793"}],"curies":[{"name":"wp","href":"https:\/\/api.w.org\/{rel}","templated":true}]}}