{"id":660811,"date":"2026-01-13T14:53:12","date_gmt":"2026-01-13T14:53:12","guid":{"rendered":"https:\/\/www.europesays.com\/fr\/660811\/"},"modified":"2026-01-13T14:53:12","modified_gmt":"2026-01-13T14:53:12","slug":"a680-toulouse-fermee-dans-les-2-sens-4","status":"publish","type":"post","link":"https:\/\/www.europesays.com\/fr\/660811\/","title":{"rendered":"A680 Toulouse ferm\u00e9e dans les 2 sens"},"content":{"rendered":"<ol class=\"breadcrumb\" itemscope=\"\" itemtype=\"https:\/\/schema.org\/BreadcrumbList\">\n<li itemprop=\"itemListElement\" itemscope=\"\" itemtype=\"https:\/\/schema.org\/ListItem\">\n                    <a itemprop=\"item\" href=\"https:\/\/radio.vinci-autoroutes.com\/\" target=\"_blank\" rel=\"noopener\"><br \/>\n                        Accueil<br \/>\n                    <\/a><\/p>\n<\/li>\n<li itemprop=\"itemListElement\" itemscope=\"\" itemtype=\"https:\/\/schema.org\/ListItem\">\n                        <a itemprop=\"item\" href=\"https:\/\/radio.vinci-autoroutes.com\/rubrique\/infotrafic\" target=\"_blank\" rel=\"noopener\"><br \/>\n                            Actu trafic<br \/>\n                        <\/a><\/p>\n<\/li>\n<li itemprop=\"itemListElement\" itemscope=\"\" itemtype=\"https:\/\/schema.org\/ListItem\">\n                        <a itemprop=\"item\" href=\"https:\/\/radio.vinci-autoroutes.com\/rubrique\/travaux\" target=\"_blank\" rel=\"noopener\"><br \/>\n                            Travaux<br \/>\n                        <\/a><\/p>\n<\/li>\n<\/ol>\n<p class=\"article-chapeau\" itemprop=\"description\">\u00ad\u00c0 l&rsquo;est de Toulouse, les nuits du mardi 13 au jeudi 15 et du lundi 19 au jeudi 22 janvier, \u00e0 partir de 20h et au plus tard jusqu\u2019\u00e0 07h du matin, l&rsquo;autoroute A680, est enti\u00e8rement ferm\u00e9e, dans les deux sens de circulation, pour effectuer des travaux d&rsquo;\u00e9largissement.<\/p>\n<p class=\"article-author\">Auteur : Nadine Mistre<\/p>\n<p class=\"article-modification\">Derni\u00e8re modification : 13\/01\/2026 15:50<\/p>\n<p>                <img decoding=\"async\" src=\"https:\/\/www.europesays.com\/fr\/wp-content\/uploads\/2025\/04\/VDN-Travaux-2022-7-Nuit-Toulouse-Copyright-VA.jpg\" alt=\"A680 Toulouse ferm\u00e9e dans les 2 sens\"\/><\/p>\n<p>                                                    0:28\n                                            <\/p>\n<p class=\"legende\">Travaux nocturnes \u00e0 Toulouse<\/p>\n<p>                            \u00a9 VINCI Autoroutes                        <\/p>\n<p>\n        Depuis l\u2019A68, vous pouvez sortir \u00e0 Montastruc N\u00b03, puis emprunter le r\u00e9seau secondaire pour rejoindre Verfeil. <br \/>&#13;<br \/>\nDepuis Verfeil, empruntez le r\u00e9seau secondaire pour rejoindre l\u2019A68 \u00e0 L\u2019Union N\u00b01.<br \/>&#13;\n    <\/p>\n<p>            Pour approfondir le sujet<\/p>\n<p>        Partager cet article<\/p>\n","protected":false},"excerpt":{"rendered":"Accueil Actu trafic Travaux \u00ad\u00c0 l&rsquo;est de Toulouse, les nuits du mardi 13 au jeudi 15 et du&hellip;\n","protected":false},"author":2,"featured_media":45495,"comment_status":"","ping_status":"","sticky":false,"template":"","format":"standard","meta":{"footnotes":""},"categories":[2816],"tags":[46864,1111,11,1777,674,4069,1011,27,25104,9272,9865,9778,12,35025,2680,5537,25,4071,2312],"class_list":{"0":"post-660811","1":"post","2":"type-post","3":"status-publish","4":"format-standard","5":"has-post-thumbnail","7":"category-toulouse","8":"tag-a680","9":"tag-actu","10":"tag-actualites","11":"tag-eu","12":"tag-europe","13":"tag-fermee","14":"tag-fr","15":"tag-france","16":"tag-janvier","17":"tag-jeudi","18":"tag-lundi","19":"tag-mardi","20":"tag-news","21":"tag-nuits","22":"tag-occitanie","23":"tag-partir","24":"tag-republique-francaise","25":"tag-sens","26":"tag-toulouse"},"share_on_mastodon":{"url":"https:\/\/pubeurope.com\/@fr\/115888364266693180","error":""},"_links":{"self":[{"href":"https:\/\/www.europesays.com\/fr\/wp-json\/wp\/v2\/posts\/660811","targetHints":{"allow":["GET"]}}],"collection":[{"href":"https:\/\/www.europesays.com\/fr\/wp-json\/wp\/v2\/posts"}],"about":[{"href":"https:\/\/www.europesays.com\/fr\/wp-json\/wp\/v2\/types\/post"}],"author":[{"embeddable":true,"href":"https:\/\/www.europesays.com\/fr\/wp-json\/wp\/v2\/users\/2"}],"replies":[{"embeddable":true,"href":"https:\/\/www.europesays.com\/fr\/wp-json\/wp\/v2\/comments?post=660811"}],"version-history":[{"count":0,"href":"https:\/\/www.europesays.com\/fr\/wp-json\/wp\/v2\/posts\/660811\/revisions"}],"wp:featuredmedia":[{"embeddable":true,"href":"https:\/\/www.europesays.com\/fr\/wp-json\/wp\/v2\/media\/45495"}],"wp:attachment":[{"href":"https:\/\/www.europesays.com\/fr\/wp-json\/wp\/v2\/media?parent=660811"}],"wp:term":[{"taxonomy":"category","embeddable":true,"href":"https:\/\/www.europesays.com\/fr\/wp-json\/wp\/v2\/categories?post=660811"},{"taxonomy":"post_tag","embeddable":true,"href":"https:\/\/www.europesays.com\/fr\/wp-json\/wp\/v2\/tags?post=660811"}],"curies":[{"name":"wp","href":"https:\/\/api.w.org\/{rel}","templated":true}]}}