{"id":660823,"date":"2026-01-13T15:01:10","date_gmt":"2026-01-13T15:01:10","guid":{"rendered":"https:\/\/www.europesays.com\/fr\/660823\/"},"modified":"2026-01-13T15:01:10","modified_gmt":"2026-01-13T15:01:10","slug":"la-ministre-de-lagriculture-interpellee-par-un-militant-de-la-fdsea-ile-de-france","status":"publish","type":"post","link":"https:\/\/www.europesays.com\/fr\/660823\/","title":{"rendered":"la ministre de l&rsquo;agriculture interpell\u00e9e par un militant de la FDSEA \u00cele-de-France"},"content":{"rendered":"<p>\u00ab\u00a0Il faut des actes pr\u00e9cis\u00a0\u00bb: la ministre de l&rsquo;agriculture interpell\u00e9e par un militant de la FDSEA \u00cele-de-FranceSur le m\u00eame sujet<a href=\"https:\/\/www.bfmtv.com\/societe\/video-ce-marin-est-venu-en-soutien-de-la-colere-agricole-a-la-rochelle-devant-un-depot-petrolier-bloque-depuis-six-jours_VN-202601130648.html\" title=\"Ce marin est venu en soutien de la col\u00e8re agricole \u00e0 La Rochelle devant un d\u00e9p\u00f4t p\u00e9trolier bloqu\u00e9 depuis six jours\" target=\"_blank\" rel=\"noopener\"><img width=\"16\" height=\"9\" class=\"lozad\"  alt=\"Ce marin est venu en soutien de la col\u00e8re agricole \u00e0 La Rochelle devant un d\u00e9p\u00f4t p\u00e9trolier bloqu\u00e9 depuis six jours\"\/>1:35Ce marin est venu en soutien de la col\u00e8re agricole \u00e0 La Rochelle devant un d\u00e9p\u00f4t p\u00e9trolier bloqu\u00e9 depuis six jours<\/a><a href=\"https:\/\/www.bfmtv.com\/societe\/video-colere-agricole-une-quinzaine-de-tracteurs-d-agriculteurs-devant-le-terminal-3-de-l-aeroport-de-roissy_VN-202601130644.html\" title=\"Col\u00e8re agricole: une quinzaine de tracteurs d&#039;agriculteurs devant le terminal 3 de l&#039;a\u00e9roport de Roissy\" target=\"_blank\" rel=\"noopener\"><img width=\"16\" height=\"9\" class=\"lozad\"  alt=\"Col\u00e8re agricole: une quinzaine de tracteurs d'agriculteurs devant le terminal 3 de l'a\u00e9roport de Roissy\"\/>2:40Col\u00e8re agricole: une quinzaine de tracteurs d&rsquo;agriculteurs devant le terminal 3 de l&rsquo;a\u00e9roport de Roissy<\/a><a href=\"https:\/\/www.bfmtv.com\/politique\/gouvernement\/video-laissez-nous-bosser-une-action-en-cours-a-l-aeroport-de-roissy-charles-de-gaulle_VN-202601130643.html\" title=\"&quot;Laissez-nous bosser&quot;: une action en cours \u00e0 l&#039;a\u00e9roport de Roissy-Charles-de-Gaulle\" target=\"_blank\" rel=\"noopener\"><img width=\"16\" height=\"9\" class=\"lozad\"  alt=\"&quot;Laissez-nous bosser&quot;: une action en cours \u00e0 l'a\u00e9roport de Roissy-Charles-de-Gaulle\"\/>2:40&Prime;Laissez-nous bosser\u00a0\u00bb: une action en cours \u00e0 l&rsquo;a\u00e9roport de Roissy-Charles-de-Gaulle<\/a><a href=\"https:\/\/www.bfmtv.com\/politique\/gouvernement\/video-il-faut-des-actes-precis-la-ministre-de-l-agriculture-interpellee-par-un-militant-de-la-fdsea-ile-de-france_VN-202601130635.html\" title=\"&quot;Il faut des actes pr\u00e9cis&quot;: la ministre de l&#039;agriculture interpell\u00e9e par un militant de la FDSEA \u00cele-de-France\" target=\"_blank\" rel=\"noopener\"><img width=\"16\" height=\"9\" class=\"lozad\"  alt=\"&quot;Il faut des actes pr\u00e9cis&quot;: la ministre de l'agriculture interpell\u00e9e par un militant de la FDSEA \u00cele-de-France\"\/>en lecture\u00a0\u00bbIl faut des actes pr\u00e9cis\u00a0\u00bb: la ministre de l&rsquo;agriculture interpell\u00e9e par un militant de la FDSEA \u00cele-de-France<\/a><a href=\"https:\/\/www.bfmtv.com\/politique\/gouvernement\/video-colere-agricole-les-parisiens-invites-par-les-agriculteurs-a-se-servir-dans-les-20-tonnes-de-pommes-de-terre-deversees-devant-l-assemblee-nationale_VN-202601130634.html\" title=\"Col\u00e8re agricole: les Parisiens invit\u00e9s par les agriculteurs \u00e0 se servir dans les 20 tonnes de pommes de terre d\u00e9vers\u00e9es devant l&#039;Assembl\u00e9e nationale\" target=\"_blank\" rel=\"noopener\"><img width=\"16\" height=\"9\" class=\"lozad\"  alt=\"Col\u00e8re agricole: les Parisiens invit\u00e9s par les agriculteurs \u00e0 se servir dans les 20 tonnes de pommes de terre d\u00e9vers\u00e9es devant l'Assembl\u00e9e nationale\"\/>2:17Col\u00e8re agricole: les Parisiens invit\u00e9s par les agriculteurs \u00e0 se servir dans les 20 tonnes de pommes de terre d\u00e9vers\u00e9es devant l&rsquo;Assembl\u00e9e nationale<\/a><a href=\"https:\/\/www.bfmtv.com\/politique\/gouvernement\/video-mercosur-c-est-au-parlement-europeen-qu-il-faut-mener-la-resistance-prone-le-ministre-de-l-europe_VN-202601130628.html\" title=\"Mercosur: &quot;C&#039;est au Parlement europ\u00e9en qu&#039;il faut mener la r\u00e9sistance&quot; pr\u00f4ne le ministre de l&#039;Europe\" target=\"_blank\" rel=\"noopener\"><img width=\"16\" height=\"9\" class=\"lozad\"  alt=\"Mercosur: &quot;C'est au Parlement europ\u00e9en qu'il faut mener la r\u00e9sistance&quot; pr\u00f4ne le ministre de l'Europe\"\/>0:18Mercosur: \u00ab\u00a0C&rsquo;est au Parlement europ\u00e9en qu&rsquo;il faut mener la r\u00e9sistance\u00a0\u00bb pr\u00f4ne le ministre de l&rsquo;Europe<\/a><a href=\"https:\/\/www.bfmtv.com\/politique\/gouvernement\/video-je-ne-veux-pas-voir-mon-pays-se-vider-de-ses-fermes-francois-ruffin-depute-de-la-somme-menace-le-gouvernement-de-censure_VN-202601130621.html\" title=\"&quot;Je ne veux pas voir mon pays se vider de ses fermes&quot;, Fran\u00e7ois Ruffin, d\u00e9put\u00e9 de la Somme, menace le gouvernement de censure\" target=\"_blank\" rel=\"noopener\"><img width=\"16\" height=\"9\" class=\"lozad\"  alt=\"&quot;Je ne veux pas voir mon pays se vider de ses fermes&quot;, Fran\u00e7ois Ruffin, d\u00e9put\u00e9 de la Somme, menace le gouvernement de censure\"\/>1:55&Prime;Je ne veux pas voir mon pays se vider de ses fermes\u00a0\u00bb, Fran\u00e7ois Ruffin, d\u00e9put\u00e9 de la Somme, menace le gouvernement de censure<\/a><a href=\"https:\/\/www.bfmtv.com\/societe\/video-colere-agricole-des-pommes-de-terre-deversees-devant-l-assemblee-nationale-par-des-agriculteurs-de-la-fnsea_VN-202601130615.html\" title=\"Col\u00e8re agricole: des pommes de terre d\u00e9vers\u00e9es devant l&#039;Assembl\u00e9e nationale par des agriculteurs de la FNSEA\" target=\"_blank\" rel=\"noopener\"><img width=\"16\" height=\"9\" class=\"lozad\"  alt=\"Col\u00e8re agricole: des pommes de terre d\u00e9vers\u00e9es devant l'Assembl\u00e9e nationale par des agriculteurs de la FNSEA\"\/>2:41Col\u00e8re agricole: des pommes de terre d\u00e9vers\u00e9es devant l&rsquo;Assembl\u00e9e nationale par des agriculteurs de la FNSEA<\/a><a href=\"https:\/\/www.bfmtv.com\/politique\/gouvernement\/video-une-brigade-de-controle-interviendra-sur-les-importations-annonce-annie-genevard-devant-l-assemblee-nationale_VN-202601130612.html\" title=\"&quot;Une brigade de contr\u00f4le interviendra sur les importations&quot; annonce Annie Genevard devant l&#039;Assembl\u00e9e nationale\" target=\"_blank\" rel=\"noopener\"><img width=\"16\" height=\"9\" class=\"lozad\"  alt=\"&quot;Une brigade de contr\u00f4le interviendra sur les importations&quot; annonce Annie Genevard devant l'Assembl\u00e9e nationale\"\/>1:57&Prime;Une brigade de contr\u00f4le interviendra sur les importations\u00a0\u00bb annonce Annie Genevard devant l&rsquo;Assembl\u00e9e nationale<\/a><a href=\"https:\/\/www.bfmtv.com\/politique\/gouvernement\/video-colere-agricole-annie-genevard-assure-que-le-premier-ministre-sebastien-lecornu-fera-un-deuxieme-train-d-annonces-dans-l-apres-midi_VN-202601130609.html\" title=\"Col\u00e8re agricole: Annie Genevard assure que le Premier ministre, S\u00e9bastien Lecornu, &quot;fera un deuxi\u00e8me train d&#039;annonces dans l&#039;apr\u00e8s-midi&quot;\" target=\"_blank\" rel=\"noopener\"><img width=\"16\" height=\"9\" class=\"lozad\"  alt=\"Col\u00e8re agricole: Annie Genevard assure que le Premier ministre, S\u00e9bastien Lecornu, &quot;fera un deuxi\u00e8me train d'annonces dans l'apr\u00e8s-midi&quot;\"\/>4:47Col\u00e8re agricole: Annie Genevard assure que le Premier ministre, S\u00e9bastien Lecornu, \u00ab\u00a0fera un deuxi\u00e8me train d&rsquo;annonces dans l&rsquo;apr\u00e8s-midi\u00a0\u00bb<\/a><a href=\"https:\/\/www.bfmtv.com\/politique\/gouvernement\/video-colere-agricole-ne-doutez-pas-de-notre-conviction-et-de-notre-determination-mme-la-ministre-previent-cet-agriculteur_VN-202601130595.html\" title=\"Col\u00e8re agricole: &quot;Ne doutez pas de notre conviction et de notre d\u00e9termination Mme la ministre&quot;, pr\u00e9vient cet agriculteur \" target=\"_blank\" rel=\"noopener\"><img width=\"16\" height=\"9\" class=\"lozad\"  alt=\"Col\u00e8re agricole: &quot;Ne doutez pas de notre conviction et de notre d\u00e9termination Mme la ministre&quot;, pr\u00e9vient cet agriculteur \"\/>0:55Col\u00e8re agricole: \u00ab\u00a0Ne doutez pas de notre conviction et de notre d\u00e9termination Mme la ministre\u00a0\u00bb, pr\u00e9vient cet agriculteur<\/a><a href=\"https:\/\/www.bfmtv.com\/societe\/video-colere-agricole-moi-je-me-suis-installee-il-y-a-sept-ans-je-ne-me-verse-encore-aucune-remuneration-declare-cette-agricultrice-a-la-ministre-annie-genevard_VN-202601130592.html\" title=\"Col\u00e8re agricole: &quot;Moi je me suis install\u00e9e il y a sept ans, je ne me verse encore aucune r\u00e9mun\u00e9ration&quot;, d\u00e9clare cette agricultrice \u00e0 la ministre, Annie Genevard\" target=\"_blank\" rel=\"noopener\"><img width=\"16\" height=\"9\" class=\"lozad\"  alt=\"Col\u00e8re agricole: &quot;Moi je me suis install\u00e9e il y a sept ans, je ne me verse encore aucune r\u00e9mun\u00e9ration&quot;, d\u00e9clare cette agricultrice \u00e0 la ministre, Annie Genevard\"\/>1:25Col\u00e8re agricole: \u00ab\u00a0Moi je me suis install\u00e9e il y a sept ans, je ne me verse encore aucune r\u00e9mun\u00e9ration\u00a0\u00bb, d\u00e9clare cette agricultrice \u00e0 la ministre, Annie Genevard<\/a><a href=\"https:\/\/www.bfmtv.com\/societe\/video-colere-agricole-qu-est-ce-que-vous-allez-nous-donner-comme-cap-demande-maxime-lievin-president-des-jeunes-agriculteurs-de-seine-et-marne-a-la-ministre-de-l-agriculture-annie-genevard_VN-202601130591.html\" title=\"Col\u00e8re agricole: &quot;Qu&#039;est-ce que vous allez nous donner comme cap?, demande Maxime Li\u00e9vin, pr\u00e9sident des Jeunes Agriculteurs de Seine-et-Marne, \u00e0 la ministre de l&#039;Agriculture, Annie Genevard\" target=\"_blank\" rel=\"noopener\"><img width=\"16\" height=\"9\" class=\"lozad\"  alt=\"Col\u00e8re agricole: &quot;Qu'est-ce que vous allez nous donner comme cap?, demande Maxime Li\u00e9vin, pr\u00e9sident des Jeunes Agriculteurs de Seine-et-Marne, \u00e0 la ministre de l'Agriculture, Annie Genevard\"\/>1:34Col\u00e8re agricole: \u00ab\u00a0Qu&rsquo;est-ce que vous allez nous donner comme cap?, demande Maxime Li\u00e9vin, pr\u00e9sident des Jeunes Agriculteurs de Seine-et-Marne, \u00e0 la ministre de l&rsquo;Agriculture, Annie Genevard<\/a><a href=\"https:\/\/www.bfmtv.com\/societe\/video-la-ministre-de-l-agriculture-interpellee-par-des-militants-de-syndicats-agricoles-devant-l-assemblee-nationale_VN-202601130586.html\" title=\"La ministre de l&#039;Agriculture interpell\u00e9e par des militants de syndicats agricoles devant l&#039;Assembl\u00e9e nationale\" target=\"_blank\" rel=\"noopener\"><img width=\"16\" height=\"9\" class=\"lozad\"  alt=\"La ministre de l'Agriculture interpell\u00e9e par des militants de syndicats agricoles devant l'Assembl\u00e9e nationale\"\/>2:41La ministre de l&rsquo;Agriculture interpell\u00e9e par des militants de syndicats agricoles devant l&rsquo;Assembl\u00e9e nationale<\/a><a class=\"jumpToVideo\" target=\"_blank\"><img class=\"thumbnailPreview\"\/><\/a><\/p>\n","protected":false},"excerpt":{"rendered":"\u00ab\u00a0Il faut des actes pr\u00e9cis\u00a0\u00bb: la ministre de l&rsquo;agriculture interpell\u00e9e par un militant de la FDSEA \u00cele-de-FranceSur le&hellip;\n","protected":false},"author":2,"featured_media":660824,"comment_status":"","ping_status":"","sticky":false,"template":"","format":"standard","meta":{"footnotes":""},"categories":[1592],"tags":[1111,11,1777,674,1011,27,662,12,626,25],"class_list":{"0":"post-660823","1":"post","2":"type-post","3":"status-publish","4":"format-standard","5":"has-post-thumbnail","7":"category-ile-de-france","8":"tag-actu","9":"tag-actualites","10":"tag-eu","11":"tag-europe","12":"tag-fr","13":"tag-france","14":"tag-ile-de-france","15":"tag-news","16":"tag-paris","17":"tag-republique-francaise"},"share_on_mastodon":{"url":"https:\/\/pubeurope.com\/@fr\/115888395641985647","error":""},"_links":{"self":[{"href":"https:\/\/www.europesays.com\/fr\/wp-json\/wp\/v2\/posts\/660823","targetHints":{"allow":["GET"]}}],"collection":[{"href":"https:\/\/www.europesays.com\/fr\/wp-json\/wp\/v2\/posts"}],"about":[{"href":"https:\/\/www.europesays.com\/fr\/wp-json\/wp\/v2\/types\/post"}],"author":[{"embeddable":true,"href":"https:\/\/www.europesays.com\/fr\/wp-json\/wp\/v2\/users\/2"}],"replies":[{"embeddable":true,"href":"https:\/\/www.europesays.com\/fr\/wp-json\/wp\/v2\/comments?post=660823"}],"version-history":[{"count":0,"href":"https:\/\/www.europesays.com\/fr\/wp-json\/wp\/v2\/posts\/660823\/revisions"}],"wp:featuredmedia":[{"embeddable":true,"href":"https:\/\/www.europesays.com\/fr\/wp-json\/wp\/v2\/media\/660824"}],"wp:attachment":[{"href":"https:\/\/www.europesays.com\/fr\/wp-json\/wp\/v2\/media?parent=660823"}],"wp:term":[{"taxonomy":"category","embeddable":true,"href":"https:\/\/www.europesays.com\/fr\/wp-json\/wp\/v2\/categories?post=660823"},{"taxonomy":"post_tag","embeddable":true,"href":"https:\/\/www.europesays.com\/fr\/wp-json\/wp\/v2\/tags?post=660823"}],"curies":[{"name":"wp","href":"https:\/\/api.w.org\/{rel}","templated":true}]}}