{"id":660825,"date":"2026-01-13T15:02:11","date_gmt":"2026-01-13T15:02:11","guid":{"rendered":"https:\/\/www.europesays.com\/fr\/660825\/"},"modified":"2026-01-13T15:02:11","modified_gmt":"2026-01-13T15:02:11","slug":"un-policier-retrouve-mort-sur-son-lieu-de-travail-la-piste-du-suicide-envisagee","status":"publish","type":"post","link":"https:\/\/www.europesays.com\/fr\/660825\/","title":{"rendered":"un policier retrouv\u00e9 mort sur son lieu de travail, la piste du suicide envisag\u00e9e"},"content":{"rendered":"<p>                    Par<br \/>\n        <strong><br \/>\n            <a href=\"https:\/\/actu.fr\/auteur\/redaction-paris\" title=\"Consulter tous les articles de R\u00e9daction Paris\" target=\"_blank\" rel=\"noopener\">R\u00e9daction Paris<\/a><br \/>\n                    <\/strong><\/p>\n<p>        Publi\u00e9 le<\/p>\n<p>            13 janv. 2026 \u00e0 13h38        <\/p>\n<p>Nouveau <a href=\"https:\/\/actu.fr\/ile-de-france\/levallois-perret_92044\/suicide-d-un-policier-de-la-dgsi-dans-les-hauts-de-seine-une-enquete-ouverte_62157150.html\" target=\"_blank\" rel=\"noopener\">suicide dans les forces de l\u2019ordre<\/a> ? Le <a href=\"https:\/\/actu.fr\/tag\/tribunal-de-paris\" target=\"_blank\" rel=\"noopener\">parquet de Paris<\/a> a ouvert une enqu\u00eate apr\u00e8s la mort par arme \u00e0 feu d\u2019un <strong>brigadier-chef<\/strong> de la PAF (Police aux fronti\u00e8res), dans les locaux de son service \u00e0 Paris, a-t-il indiqu\u00e9 lundi 12 janvier 2026, sollicit\u00e9 par l\u2019AFP.<\/p>\n<p>Une enqu\u00eate ouverte<\/p>\n<p class=\" wall-content\">\u00ab\u00a0Le 10 janvier, vers 14h45, deux policiers ayant entendu un <strong>t\u00e9l\u00e9phone sonner en vain<\/strong> dans les toilettes en ont forc\u00e9 la porte, et d\u00e9couvert le corps de leur coll\u00e8gue\u00a0\u00bb, a expliqu\u00e9 le minist\u00e8re public. Son arme de service a \u00e9t\u00e9 retrouv\u00e9e au sol\u00a0\u00bb, a-t-il pr\u00e9cis\u00e9.<\/p>\n<p class=\" wall-content\">Selon une source polici\u00e8re, les faits se sont d\u00e9roul\u00e9s dans des locaux de la PAF gare du Nord, dans le 10\u00e8me arrondissement.\u00a0Le fonctionnaire \u00e9tait en <strong>cong\u00e9<\/strong> et ne devait pas se trouver dans les locaux.<\/p>\n<p class=\" wall-content\">Le parquet a pr\u00e9cis\u00e9 avoir confi\u00e9 <strong>l\u2019enqu\u00eate<\/strong> en recherche des causes de la mort au commissariat d\u2019arrondissement.<\/p>\n<p class=\" wall-content\">Avec AFP.<\/p>\n<p class=\" wall-content\">Personnalisez votre actualit\u00e9 en ajoutant vos villes et m\u00e9dias en favori avec <a href=\"https:\/\/moncompte.actu.fr\" title=\"D\u00e9couvez Mon Actu\" rel=\"nofollow noopener\" data-trk=\"{&quot;cta&quot;:{&quot;action&quot;:&quot;https:\\\/\\\/moncompte.actu.fr&quot;,&quot;category&quot;:&quot;mon compte&quot;,&quot;from&quot;:&quot;article footer&quot;,&quot;name&quot;:&quot;Mon actu&quot;,&quot;type&quot;:&quot;cta&quot;}}\" target=\"_blank\">Mon Actu<\/a>.<\/p>\n","protected":false},"excerpt":{"rendered":"Par R\u00e9daction Paris Publi\u00e9 le 13 janv. 2026 \u00e0 13h38 Nouveau suicide dans les forces de l\u2019ordre ?&hellip;\n","protected":false},"author":2,"featured_media":660826,"comment_status":"","ping_status":"","sticky":false,"template":"","format":"standard","meta":{"footnotes":""},"categories":[1888],"tags":[1111,1928,11,1927,1777,674,118,1011,27,12,1926,626,1925,1072,25,4595],"class_list":{"0":"post-660825","1":"post","2":"type-post","3":"status-publish","4":"format-standard","5":"has-post-thumbnail","7":"category-paris","8":"tag-actu","9":"tag-actu-paris","10":"tag-actualites","11":"tag-actualites-paris","12":"tag-eu","13":"tag-europe","14":"tag-faits-divers","15":"tag-fr","16":"tag-france","17":"tag-news","18":"tag-news-paris","19":"tag-paris","20":"tag-paris-news","21":"tag-police","22":"tag-republique-francaise","23":"tag-tribunal-de-paris"},"share_on_mastodon":{"url":"https:\/\/pubeurope.com\/@fr\/115888399545214141","error":""},"_links":{"self":[{"href":"https:\/\/www.europesays.com\/fr\/wp-json\/wp\/v2\/posts\/660825","targetHints":{"allow":["GET"]}}],"collection":[{"href":"https:\/\/www.europesays.com\/fr\/wp-json\/wp\/v2\/posts"}],"about":[{"href":"https:\/\/www.europesays.com\/fr\/wp-json\/wp\/v2\/types\/post"}],"author":[{"embeddable":true,"href":"https:\/\/www.europesays.com\/fr\/wp-json\/wp\/v2\/users\/2"}],"replies":[{"embeddable":true,"href":"https:\/\/www.europesays.com\/fr\/wp-json\/wp\/v2\/comments?post=660825"}],"version-history":[{"count":0,"href":"https:\/\/www.europesays.com\/fr\/wp-json\/wp\/v2\/posts\/660825\/revisions"}],"wp:featuredmedia":[{"embeddable":true,"href":"https:\/\/www.europesays.com\/fr\/wp-json\/wp\/v2\/media\/660826"}],"wp:attachment":[{"href":"https:\/\/www.europesays.com\/fr\/wp-json\/wp\/v2\/media?parent=660825"}],"wp:term":[{"taxonomy":"category","embeddable":true,"href":"https:\/\/www.europesays.com\/fr\/wp-json\/wp\/v2\/categories?post=660825"},{"taxonomy":"post_tag","embeddable":true,"href":"https:\/\/www.europesays.com\/fr\/wp-json\/wp\/v2\/tags?post=660825"}],"curies":[{"name":"wp","href":"https:\/\/api.w.org\/{rel}","templated":true}]}}