{"id":660831,"date":"2026-01-13T15:05:18","date_gmt":"2026-01-13T15:05:18","guid":{"rendered":"https:\/\/www.europesays.com\/fr\/660831\/"},"modified":"2026-01-13T15:05:18","modified_gmt":"2026-01-13T15:05:18","slug":"paris-fc-comment-ilan-kebbal-est-passe-dune-can-frustrante-avec-lalgerie-a-lexploit-face-au-psg-en-48h","status":"publish","type":"post","link":"https:\/\/www.europesays.com\/fr\/660831\/","title":{"rendered":"Paris FC : comment Ilan Kebbal est pass\u00e9 d\u2019une CAN frustrante avec l\u2019Alg\u00e9rie \u00e0 l\u2019exploit face au PSG en 48h"},"content":{"rendered":"<p class=\"paragraph text_align_left lp-f-body-02\">Un gardien <a href=\"https:\/\/www.leparisien.fr\/sports\/football\/psg-paris-fc-0-1-nkambadio-gardien-en-etat-de-grace-et-heros-du-pfc-12-01-2026-ABRVK4I4TNGPHB4E56XERB5IHQ.php\" target=\"_self\" rel=\"noopener\">Obed Nkambadio en \u00e9tat de gr\u00e2ce<\/a>, un collectif solidaire d\u00e9fensivement pendant 97 minutes, un Jonathan Ikon\u00e9 opportuniste et un leader technique Ilan Kebbal de retour\u2026<a href=\"https:\/\/www.leparisien.fr\/sports\/football\/ligue-1\/je-suis-au-bord-de-lorgasme-apres-son-exploit-face-au-psg-le-pfc-reve-dun-avenir-radieux-13-01-2026-UDNO2QAXO5CHJP56CPVUHK7TNA.php\" target=\"_self\" rel=\"noopener\"> Le Paris FC a puis\u00e9 son exploit <\/a>au PSG dans ces ingr\u00e9dients. Le pari de St\u00e9phane Gilli et de son staff de lancer<a href=\"https:\/\/www.leparisien.fr\/sports\/football\/ligue-1\/psg-paris-fc-tout-juste-elimine-de-la-can-avec-lalgerie-ilan-kebbal-deja-dans-le-groupe-du-pfc-11-01-2026-ONJ5AE5WNZGOFBYLGH57CB56PU.php\" target=\"_self\" rel=\"noopener\"> Ilan Kebbal revenu du Maroc et de la CAN <\/a>dimanche soir au lendemain de l\u2019\u00e9limination de l\u2019Alg\u00e9rie contre le Nigeria a \u00e9t\u00e9 payant. <\/p>\n<p class=\"\">Entr\u00e9 \u00e0 la mi-temps, le ma\u00eetre \u00e0 jouer du<a href=\"https:\/\/www.leparisien.fr\/sports\/football\/paris-fc\/\" target=\"_self\" rel=\"noopener\"> Paris FC <\/a>a \u00e9t\u00e9 \u00e0 l\u2019origine du but en r\u00e9cup\u00e9rant le ballon dans les pieds de Nuno Mendes, puis en \u00e9tant passeur d\u00e9cisif pour Ikon\u00e9, en s\u2019appuyant sur Adama Camara. Kebbal a aussi \u00e9t\u00e9 pr\u00e9cieux au milieu de terrain. Avec ou sans son meilleur buteur (6 r\u00e9alisations, 4 passes d\u00e9cisives en L1), ce n\u2019est pas le m\u00eame Paris FC. Le Marseillais de 27 ans est indispensable \u00e0 cette \u00e9quipe.<\/p>\n<p class=\"\">Mais lundi soir, Kebbal est certainement all\u00e9 chercher un petit suppl\u00e9ment d\u2019\u00e2me dans sa frustration. La premi\u00e8re CAN de sa carri\u00e8re, il l\u2019a v\u00e9cu presque enti\u00e8rement sur le banc, ne disputant que 11 petites minutes lors du 3e match de poule sans enjeu face \u00e0 la Guin\u00e9e \u00e9quatoriale. \u00c0 l\u2019ext\u00e9rieur, il n\u2019a rien laiss\u00e9 pass\u00e9 para\u00eetre. Il a couv\u00e9 Luca Zidane, avec qui il partageait sa chambre. <\/p>\n<p class=\"\">\u00ab C\u2019est quelqu\u2019un de simple, rigolo, humble, tr\u00e8s bien \u00e9lev\u00e9 avec la t\u00eate sur les \u00e9paules, il s\u2019est vite adapt\u00e9, il tra\u00eene beaucoup avec moi mais aussi avec les autres \u00bb, nous a-t-il confi\u00e9 au sujet du gardien. Depuis le banc, Kebbal est aussi venu f\u00eater sans mod\u00e9ration les buts de son \u00e9quipe.<\/p>\n<p class=\"\">Mais \u00e0 l\u2019int\u00e9rieur, c\u2019\u00e9tait plus compliqu\u00e9. \u00ab M\u00eame lui n\u2019a pas compris pourquoi il n\u2019a pas \u00e9t\u00e9 davantage utilis\u00e9, mentalement \u00e7a a \u00e9t\u00e9 un peu dur pour lui \u00bb, nous explique un proche. Comme lors des matchs de pr\u00e9paration avant la CAN (18 minutes de jeu en 3 apparitions), le s\u00e9lectionneur Petkovic ne lui a accord\u00e9 qu\u2019un cr\u00e9dit limit\u00e9. Il est difficile d\u2019en conna\u00eetre les v\u00e9ritables raisons. Le temps de jeu tr\u00e8s limit\u00e9 de Kebbal a, en tout, cas fait d\u00e9bat dans les m\u00e9dias alg\u00e9riens et sur les r\u00e9seaux.<\/p>\n<p>\u00ab On a pris un peu de confiance \u00bb<\/p>\n<p class=\"\">Pas fatigu\u00e9 physiquement par sa CAN, Ilan Kebbal avait, lui, envie de switcher tr\u00e8s vite et retrouver le Paris FC o\u00f9 il est dans son \u00e9l\u00e9ment. C\u2019est pour \u00e7a que la d\u00e9cision de jouer ou pas contre le PSG a vite \u00e9t\u00e9 prise.<a href=\"https:\/\/www.leparisien.fr\/sports\/football\/ligue-1\/il-a-eu-un-parcours-complique-mais-il-y-a-toujours-cru-sur-les-traces-dilan-kebbal-le-tube-de-lete-du-paris-fc-21-09-2025-KFMIOCYL75FMFFZRRLUHENHXEE.php\" target=\"_self\" rel=\"noopener\"> Il entretient une relation tr\u00e8s forte avec St\u00e9phane Gill<\/a>i et marche \u00e0 l\u2019affectif. \u00ab Chaque ann\u00e9e je progresse, j\u2019apprends avec un coach qui me donne de la confiance. Je suis tr\u00e8s heureux d\u2019\u00eatre dans ce collectif \u00bb, reconna\u00eet celui qui dispute sa 4e saison au Paris FC. Si ses performances ont forc\u00e9ment attir\u00e9 quelques convoitises en France et en Europe, le milieu offensif sous contrat jusqu\u2019au 2028 (et qui pourrait m\u00eame prolonger) va, au moins, finir la saison au Paris FC.<\/p>\n<p class=\"\">Apr\u00e8s le match, il n\u2019avait d\u2019ailleurs pas d\u2019euphorie dans son discours. Il voulait se projeter imm\u00e9diatement sur le d\u00e9placement \u00e0 Nantes dimanche, match capital pour le maintien. \u00ab Face \u00e0 cette \u00e9quipe de classe mondiale, on a r\u00e9alis\u00e9 un exploit, sourit-il. C\u2019\u00e9tait un match tr\u00e8s difficile, dans des matchs comme \u00e7a, on doit tous beaucoup courir. En Championnat, on n\u2019est pas \u00e0 notre place, on est dans une mauvaise passe, mais on va se relever, quand on voit des prestations comme celle qu\u2019on a faite ce soir au Parc. On a deux matchs tr\u00e8s importants \u00e0 venir (Nantes, Angers). Il faut vite commencer \u00e0 se remettre dedans. On a pris un peu de confiance. Cette victoire va nous faire du bien. Mais il faut vite passer \u00e0 autre chose. \u00bb<\/p>\n","protected":false},"excerpt":{"rendered":"Un gardien Obed Nkambadio en \u00e9tat de gr\u00e2ce, un collectif solidaire d\u00e9fensivement pendant 97 minutes, un Jonathan Ikon\u00e9&hellip;\n","protected":false},"author":2,"featured_media":660832,"comment_status":"","ping_status":"","sticky":false,"template":"","format":"standard","meta":{"footnotes":""},"categories":[1888],"tags":[11,1777,674,63,1011,27,66,12,626,25,60],"class_list":{"0":"post-660831","1":"post","2":"type-post","3":"status-publish","4":"format-standard","5":"has-post-thumbnail","7":"category-paris","8":"tag-actualites","9":"tag-eu","10":"tag-europe","11":"tag-football","12":"tag-fr","13":"tag-france","14":"tag-ligue-1","15":"tag-news","16":"tag-paris","17":"tag-republique-francaise","18":"tag-sports"},"share_on_mastodon":{"url":"https:\/\/pubeurope.com\/@fr\/115888411368513984","error":""},"_links":{"self":[{"href":"https:\/\/www.europesays.com\/fr\/wp-json\/wp\/v2\/posts\/660831","targetHints":{"allow":["GET"]}}],"collection":[{"href":"https:\/\/www.europesays.com\/fr\/wp-json\/wp\/v2\/posts"}],"about":[{"href":"https:\/\/www.europesays.com\/fr\/wp-json\/wp\/v2\/types\/post"}],"author":[{"embeddable":true,"href":"https:\/\/www.europesays.com\/fr\/wp-json\/wp\/v2\/users\/2"}],"replies":[{"embeddable":true,"href":"https:\/\/www.europesays.com\/fr\/wp-json\/wp\/v2\/comments?post=660831"}],"version-history":[{"count":0,"href":"https:\/\/www.europesays.com\/fr\/wp-json\/wp\/v2\/posts\/660831\/revisions"}],"wp:featuredmedia":[{"embeddable":true,"href":"https:\/\/www.europesays.com\/fr\/wp-json\/wp\/v2\/media\/660832"}],"wp:attachment":[{"href":"https:\/\/www.europesays.com\/fr\/wp-json\/wp\/v2\/media?parent=660831"}],"wp:term":[{"taxonomy":"category","embeddable":true,"href":"https:\/\/www.europesays.com\/fr\/wp-json\/wp\/v2\/categories?post=660831"},{"taxonomy":"post_tag","embeddable":true,"href":"https:\/\/www.europesays.com\/fr\/wp-json\/wp\/v2\/tags?post=660831"}],"curies":[{"name":"wp","href":"https:\/\/api.w.org\/{rel}","templated":true}]}}