{"id":660837,"date":"2026-01-13T15:08:12","date_gmt":"2026-01-13T15:08:12","guid":{"rendered":"https:\/\/www.europesays.com\/fr\/660837\/"},"modified":"2026-01-13T15:08:12","modified_gmt":"2026-01-13T15:08:12","slug":"pour-loms-le-retrait-des-etats-unis-met-en-danger-la-securite-sanitaire-de-ce-pays-et-du-reste-du-monde","status":"publish","type":"post","link":"https:\/\/www.europesays.com\/fr\/660837\/","title":{"rendered":"Pour l&rsquo;OMS, le retrait des \u00c9tats-Unis met \u00aben danger\u00bb la s\u00e9curit\u00e9 sanitaire de ce pays et \u00abdu reste du monde\u00bb"},"content":{"rendered":"<p>                             Par Le Figaro avec AFP<\/p>\n<p>                Le 13 janvier 2026 \u00e0 16h06<\/p>\n<p>    Quelques heures seulement apr\u00e8s son retour \u00e0 la Maison Blanche le 20 janvier 2025, le pr\u00e9sident am\u00e9ricain Donald Trump avait sign\u00e9 un d\u00e9cret ordonnant le retrait des \u00c9tats-Unis de l\u2019OMS.<br \/>\n                Dado Ruvic \/ REUTERS<\/p>\n<p>\n    L\u2019organisation mondiale de la sant\u00e9 ne cesse d\u2019alerter sur les cons\u00e9quences d\u00e9l\u00e9t\u00e8res du retrait de la puissance mondiale, sign\u00e9 par d\u00e9cret par Donald Trump quelques heures apr\u00e8s son retour \u00e0 la Maison Blanche, le 20 janvier 2025.<\/p>\n<p class=\"fig-paragraph\">Un retrait qui \u00abmet en danger la s\u00e9curit\u00e9 des \u00c9tats-Unis (&#8230;) et celle du reste du monde\u00bb. C\u2019est avec ces mots que le directeur de l&rsquo;Organisation mondiale de la sant\u00e9 (OMS)Tedros Adhanom Ghebreyesus, a regrett\u00e9 mardi la\u00a0<a href=\"http:\/\/www.lefigaro.fr\/flash-actu\/l-oms-appelle-les-etats-unis-a-revoir-la-suspension-de-programmes-antisida-pour-les-pays-en-developpement-20250128\" data-fig-type=\"NewsFlash\" data-gtm-custom-categorie=\"navigation\" data-gtm-custom-action=\"crossclick\" data-gtm-custom-label=\"Contextuel\" data-gtm-event=\"customEventSPE\" data-fig-domain=\"LEFIGARO\" target=\"_blank\" rel=\"noopener\">d\u00e9cision de l&rsquo;administration Trump de se retirer de l&rsquo;agence onusienne<\/a>. Quelques heures seulement apr\u00e8s son retour \u00e0 la Maison Blanche le 20 janvier 2025, le pr\u00e9sident am\u00e9ricain Donald Trump avait sign\u00e9 un d\u00e9cret ordonnant le retrait des \u00c9tats-Unis de l&rsquo;OMS.<\/p>\n<p class=\"fig-paragraph\">La proc\u00e9dure de retrait, d&rsquo;une dur\u00e9e d&rsquo;un an, doit se terminer la semaine prochaine. \u00abLe retrait de l&rsquo;OMS est une perte pour les \u00c9tats-Unis, et c&rsquo;est aussi une perte pour le reste du monde\u00bb, a ajout\u00e9 le directeur de l\u2019OMS depuis le si\u00e8ge de l&rsquo;agence \u00e0 Gen\u00e8ve. Tedros a notamment soulign\u00e9 que \u00abde nombreuses actions men\u00e9es par l&rsquo;OMS profitent aux \u00c9tats-Unis (&#8230;) notamment en mati\u00e8re de s\u00e9curit\u00e9 sanitaire\u00bb. \u00abC&rsquo;est pourquoi j&rsquo;ai dit que les \u00c9tats-Unis ne peuvent pas \u00eatre en s\u00e9curit\u00e9 sans collaborer avec l&rsquo;OMS\u00bb, a-t-il insist\u00e9, disant \u00abesp\u00e9rer que les \u00c9tats-Unis revien(nent) sur leur d\u00e9cision\u00bb.<\/p>\n<p>                                                                <a class=\"fig-a11y-skip\" href=\"#fig-a11y-skip-main-inarticle\" data-module=\"a11y-skip\" data-context=\"was @visible\"><br \/>\n    Passer la publicit\u00e9<br \/>\n<\/a>            <\/p>\n<p class=\"fig-paragraph\">Le conseiller juridique principal de l&rsquo;OMS, Steve Solomon, a d\u00e9clar\u00e9 de son c\u00f4t\u00e9 qu&rsquo;il \u00e9tait encore difficile de pr\u00e9voir la date exacte d&rsquo;un retrait effectif. Il a expliqu\u00e9 aux journalistes que la Constitution de l&rsquo;OMS ne comporte pas de clause de retrait, mais que Washington avait pris des dispositions en 1948 se r\u00e9servant le droit de se retirer, sous certaines conditions.<\/p>\n<p>                                                                Solidarit\u00e9 face \u00e0 une possible pand\u00e9mie<\/p>\n<p class=\"fig-paragraph\">L&rsquo;une de ces conditions \u00e9tait le respect d&rsquo;un pr\u00e9avis d&rsquo;un an, et la seconde le r\u00e8glement int\u00e9gral des cotisations am\u00e9ricaines pour l&rsquo;exercice en cours, a-t-il pr\u00e9cis\u00e9. Or, actuellement, \u00ables \u00c9tats-Unis sont en retard de paiement pour 2024 et 2025\u00bb, a-t-il indiqu\u00e9, ajoutant que les \u00c9tats membres de l&rsquo;OMS devraient examiner si cette condition est remplie. Il n&rsquo;a en revanche pas pr\u00e9cis\u00e9 quelles \u00e9taient les sommes exactement dues par Washington.<\/p>\n<p class=\"fig-paragraph\">\u00c0 l&rsquo;heure o\u00f9 les coupes budg\u00e9taires drastiques dans l&rsquo;aide internationale frappent durement les syst\u00e8mes de sant\u00e9 du monde entier, Tedros Adhanom Ghebreyesus a rappel\u00e9 que \u00able financement est essentiel (&#8230;) pour que l&rsquo;OMS puisse pleinement remplir sa mission\u00bb. Il a toutefois insist\u00e9 sur le fait que, lorsqu&rsquo;il appelle les \u00c9tats-Unis \u00e0 r\u00e9int\u00e9grer l&rsquo;OMS, \u00abil ne s&rsquo;agit pas d&rsquo;une question d&rsquo;argent\u00bb. \u00abCe qui compte le plus, c&rsquo;est la solidarit\u00e9, la coop\u00e9ration et la pr\u00e9paration du monde entier \u00e0 toute \u00e9ventualit\u00e9, face \u00e0 un ennemi commun comme un virus, comme la COVID-19\u00bb, a-t-il appuy\u00e9.<\/p>\n","protected":false},"excerpt":{"rendered":"Par Le Figaro avec AFP Le 13 janvier 2026 \u00e0 16h06 Quelques heures seulement apr\u00e8s son retour \u00e0&hellip;\n","protected":false},"author":2,"featured_media":660838,"comment_status":"","ping_status":"","sticky":false,"template":"","format":"standard","meta":{"footnotes":""},"categories":[1589],"tags":[11,73,1866,12,2570,1864,1865,1863,308],"class_list":{"0":"post-660837","1":"post","2":"type-post","3":"status-publish","4":"format-standard","5":"has-post-thumbnail","7":"category-etats-unis","8":"tag-actualites","9":"tag-etats-unis","10":"tag-etats-unis-damerique","11":"tag-news","12":"tag-oms","13":"tag-united-states","14":"tag-united-states-of-america","15":"tag-us","16":"tag-usa"},"share_on_mastodon":{"url":"https:\/\/pubeurope.com\/@fr\/115888423155799172","error":""},"_links":{"self":[{"href":"https:\/\/www.europesays.com\/fr\/wp-json\/wp\/v2\/posts\/660837","targetHints":{"allow":["GET"]}}],"collection":[{"href":"https:\/\/www.europesays.com\/fr\/wp-json\/wp\/v2\/posts"}],"about":[{"href":"https:\/\/www.europesays.com\/fr\/wp-json\/wp\/v2\/types\/post"}],"author":[{"embeddable":true,"href":"https:\/\/www.europesays.com\/fr\/wp-json\/wp\/v2\/users\/2"}],"replies":[{"embeddable":true,"href":"https:\/\/www.europesays.com\/fr\/wp-json\/wp\/v2\/comments?post=660837"}],"version-history":[{"count":0,"href":"https:\/\/www.europesays.com\/fr\/wp-json\/wp\/v2\/posts\/660837\/revisions"}],"wp:featuredmedia":[{"embeddable":true,"href":"https:\/\/www.europesays.com\/fr\/wp-json\/wp\/v2\/media\/660838"}],"wp:attachment":[{"href":"https:\/\/www.europesays.com\/fr\/wp-json\/wp\/v2\/media?parent=660837"}],"wp:term":[{"taxonomy":"category","embeddable":true,"href":"https:\/\/www.europesays.com\/fr\/wp-json\/wp\/v2\/categories?post=660837"},{"taxonomy":"post_tag","embeddable":true,"href":"https:\/\/www.europesays.com\/fr\/wp-json\/wp\/v2\/tags?post=660837"}],"curies":[{"name":"wp","href":"https:\/\/api.w.org\/{rel}","templated":true}]}}