{"id":660840,"date":"2026-01-13T15:10:17","date_gmt":"2026-01-13T15:10:17","guid":{"rendered":"https:\/\/www.europesays.com\/fr\/660840\/"},"modified":"2026-01-13T15:10:17","modified_gmt":"2026-01-13T15:10:17","slug":"europa-park-bat-son-record-et-depasse-les-7-millions-de-visiteurs","status":"publish","type":"post","link":"https:\/\/www.europesays.com\/fr\/660840\/","title":{"rendered":"Europa Park bat son record et d\u00e9passe les 7\u00a0millions de visiteurs"},"content":{"rendered":"<p>Les <a href=\"https:\/\/www.20minutes.fr\/dossier\/parc_d_attractions\" class=\"c-link c-link--is-underlined\" target=\"_blank\" rel=\"noopener\">parcs d\u2019attractions<\/a> ont de beaux jours devant eux. Ce lundi, <a href=\"https:\/\/www.20minutes.fr\/guide-achat\/4192999-20251223-europa-park-hiver-quand-parc-transforme-conte-fees-sensations-encore-plus-fortes\" class=\"c-link c-link--is-underlined\" target=\"_blank\" rel=\"noopener\">Europa-Park Resort<\/a> a atteint un nouveau record de fr\u00e9quentation en\u00a02025 avec un total de 7\u00a0millions de visiteurs re\u00e7us \u00e0 Rust (<a href=\"https:\/\/www.20minutes.fr\/monde\/allemagne\/4165586-20250728-allemagne-sait-deraillement-train-fait-moins-trois-morts\" class=\"c-link c-link--is-underlined\" target=\"_blank\" rel=\"noopener\">Bade-Wurtemberg<\/a>). Une bonne nouvelle pour le parc <a href=\"https:\/\/www.20minutes.fr\/dossier\/allemagne\" class=\"c-link c-link--is-underlined\" target=\"_blank\" rel=\"noopener\">allemand<\/a>, \u00e9lu 10 fois meilleur parc de loisirs du monde qui f\u00eatait l\u2019ann\u00e9e derni\u00e8re ses cinquante ans.<\/p>\n<p>\u00ab\u00a0250.000 visiteurs sont venus \u00e0 Europa Park lors de son ouverture \u00e0 l\u2019\u00e9t\u00e9\u00a01975. 50 ans plus tard, nous avons enregistr\u00e9 un nouveau record avec sept millions de visiteurs, d\u00e9passant toutes nos attentes pour cette ann\u00e9e si particuli\u00e8re. C\u2019est avant tout une marque de confiance que nous accordent nos fid\u00e8les visiteurs, pour qui Europa-Park est une v\u00e9ritable destination de vacances, avec l\u2019univers aquatique Rulantica, Eatrenalin et nos h\u00f4tels, qu\u2019ils continuent de red\u00e9couvrir chaque ann\u00e9e\u00a0\u00bb, s\u2019est enjou\u00e9 Roland Mack, fondateur et propri\u00e9taire d\u2019Europa-Park.<\/p>\n<p>Un dixi\u00e8me titre de \u00ab\u00a0Meilleur parc de loisirs du monde\u00a0\u00bb<\/p>\n<p>Le parc, qui profite d\u2019une position favorable entre la France, l\u2019Allemagne et la <a href=\"https:\/\/www.20minutes.fr\/dossier\/suisse\" class=\"c-link c-link--is-underlined\" target=\"_blank\" rel=\"noopener\">Suisse<\/a>, consolide sa deuxi\u00e8me place au classement des parcs europ\u00e9ens (derri\u00e8re <a href=\"https:\/\/www.20minutes.fr\/dossier\/disneyland\" class=\"c-link c-link--is-underlined\" target=\"_blank\" rel=\"noopener\">Disneyland<\/a> Paris avec 10,5\u00a0millions de visiteurs).<\/p>\n<\/p>\n<p>En\u00a02025, Europa-Park Resort a r\u00e9ussi \u00e0 stimuler sa croissance avec un d\u00e9veloppement cibl\u00e9 de son offre et une int\u00e9gration renforc\u00e9e entre divertissement et univers de marque avec son premier film d\u2019animation \u00ab\u00a0Super grand prix\u00a0\u00bb et l\u2019attraction interactive en 3D qui en est inspir\u00e9e \u00ab\u00a0Grand prix Edvanture\u00a0\u00bb.<\/p>\n<p>En\u00a02025, Europa Park a remport\u00e9 pour la dixi\u00e8me fois le titre de \u00ab\u00a0Meilleur parc de loisirs au monde\u00a0\u00bb lors des \u00ab\u00a0Golden Ticket Awards\u00a0\u00bb.<\/p>\n","protected":false},"excerpt":{"rendered":"Les parcs d\u2019attractions ont de beaux jours devant eux. Ce lundi, Europa-Park Resort a atteint un nouveau record&hellip;\n","protected":false},"author":2,"featured_media":660841,"comment_status":"","ping_status":"","sticky":false,"template":"","format":"standard","meta":{"footnotes":""},"categories":[1587],"tags":[31508,47,11,672,1804,1805,1803,7791,1777,674,1801,12,7795,1802,104,3067,602],"class_list":{"0":"post-660840","1":"post","2":"type-post","3":"status-publish","4":"format-standard","5":"has-post-thumbnail","7":"category-allemagne","8":"tag-3d","9":"tag-actualite","10":"tag-actualites","11":"tag-allemagne","12":"tag-bundesrepublik-deutschland","13":"tag-de","14":"tag-deutschland","15":"tag-disneyland","16":"tag-eu","17":"tag-europe","18":"tag-germany","19":"tag-news","20":"tag-parc-dattractions","21":"tag-republique-federale-dallemagne","22":"tag-societe","23":"tag-suisse","24":"tag-tourisme"},"share_on_mastodon":{"url":"https:\/\/pubeurope.com\/@fr\/115888431007498800","error":""},"_links":{"self":[{"href":"https:\/\/www.europesays.com\/fr\/wp-json\/wp\/v2\/posts\/660840","targetHints":{"allow":["GET"]}}],"collection":[{"href":"https:\/\/www.europesays.com\/fr\/wp-json\/wp\/v2\/posts"}],"about":[{"href":"https:\/\/www.europesays.com\/fr\/wp-json\/wp\/v2\/types\/post"}],"author":[{"embeddable":true,"href":"https:\/\/www.europesays.com\/fr\/wp-json\/wp\/v2\/users\/2"}],"replies":[{"embeddable":true,"href":"https:\/\/www.europesays.com\/fr\/wp-json\/wp\/v2\/comments?post=660840"}],"version-history":[{"count":0,"href":"https:\/\/www.europesays.com\/fr\/wp-json\/wp\/v2\/posts\/660840\/revisions"}],"wp:featuredmedia":[{"embeddable":true,"href":"https:\/\/www.europesays.com\/fr\/wp-json\/wp\/v2\/media\/660841"}],"wp:attachment":[{"href":"https:\/\/www.europesays.com\/fr\/wp-json\/wp\/v2\/media?parent=660840"}],"wp:term":[{"taxonomy":"category","embeddable":true,"href":"https:\/\/www.europesays.com\/fr\/wp-json\/wp\/v2\/categories?post=660840"},{"taxonomy":"post_tag","embeddable":true,"href":"https:\/\/www.europesays.com\/fr\/wp-json\/wp\/v2\/tags?post=660840"}],"curies":[{"name":"wp","href":"https:\/\/api.w.org\/{rel}","templated":true}]}}