{"id":660848,"date":"2026-01-13T15:14:12","date_gmt":"2026-01-13T15:14:12","guid":{"rendered":"https:\/\/www.europesays.com\/fr\/660848\/"},"modified":"2026-01-13T15:14:12","modified_gmt":"2026-01-13T15:14:12","slug":"leuroligue-previent-la-nba-de-potentielles-poursuites-en-justice-lequipe","status":"publish","type":"post","link":"https:\/\/www.europesays.com\/fr\/660848\/","title":{"rendered":"L&#039;Euroligue pr\u00e9vient la NBA de potentielles poursuites en justice &#8211; L&#039;\u00c9quipe"},"content":{"rendered":"<ol>\n<li><a href=\"https:\/\/news.google.com\/rss\/articles\/CBMitAFBVV95cUxPZmlfdXZwckNQaFVJNWZKNnd2cFJzbU14UnhpdjBKTnNXT3N2TW14WHhuQlhIZkVYSndPbHFRZFMwSndVSnlraVNocE9nUk9kSFkxdHNxLUF3c0FobFJHNmluUndrdzVIV19EZ0pMS2RDcTctQ2NCb2dVTFFIODMtYWtncUIzdnIyRTkzdDdTQXVxY2JHdmNzbjFjZUZxeF9Pa1RDbFV1YnVHMlJTY0lZUW9hdmo?oc=5\" target=\"_blank\" rel=\"noopener\">L&rsquo;Euroligue pr\u00e9vient la NBA de potentielles poursuites en justice<\/a>&nbsp;&nbsp;L&rsquo;\u00c9quipe<\/li>\n<li><a href=\"https:\/\/news.google.com\/rss\/articles\/CBMiowFBVV95cUxOMm9YaVdhVDkzWUM5bXFpb3FKZnZwbWppM2NRSm9VTWl2Sld0RFhGNTRZODBhbjJCOXVPdmpjcTZzMmZXY3FTODdYcEtFWjRIYlVrdmlKV2hqeUtkMHl5M0JaMXV2enVYUjNlUm5CYV95ekI5MDlMN1NiMWgzeDZHSTJXR3JYU3ZxRFVSRWxkaFQyZEpfVjhvdVVmelVXSldCcWhr?oc=5\" target=\"_blank\" rel=\"noopener\">L\u2019Euroleague et la NBA bient\u00f4t lanc\u00e9s dans un conflit juridique ?<\/a>&nbsp;&nbsp;Basket USA<\/li>\n<li><a href=\"https:\/\/news.google.com\/rss\/articles\/CBMiwAFBVV95cUxPMHNFQ2ExaUhtUzhqQU1JRGYxYWxoZ1BiTlQyUVNndnY0dkRsWlY0NWYxNUdKdEp5c2x5QlBPNDUyeHh1TlNaZ0xpZU13cDIzM0hZdWdRTTRDRVFMNkZXa0VBSzI3NUt1N19sYjdYVGQwU3VrSWZRalRLMzI2RFU0MzdDTmkzSllxNGhfVUpkMUNKUUNkdEdnMTJ3RVpyOGtxRmItR3E1S2JKWE5BUHRYR1NRZTMwd3U3VTY2bTF6S0w?oc=5\" target=\"_blank\" rel=\"noopener\">EuroLeague \u2013 NBA Europe : ultimatum, contre-offensive et organisation des clubs, le grand flou de janvier<\/a>&nbsp;&nbsp;BeBasket<\/li>\n<li><a href=\"https:\/\/news.google.com\/rss\/articles\/CBMirAFBVV95cUxNSThkaEVMUlpjcko5YzlWeXVNMG05Z0cyR1Npd0Y5bkJYaW5mUkdJWnNfbDhicFYwQXVXQTJMOUtET0ZCWnZKQ3JUclFoUVlxSzM3eW13Sjl3aUUyVnFmRFFjbzEwTF8xdi1nNkZtd0luY3lUaHhaVEZnMG1wbmtaVUxOTEpnM2FndmxYelhwWWhpcEtSd1pLSTdMWTVYQVFmRExVcjJEV3M3SFpL?oc=5\" target=\"_blank\" rel=\"noopener\">David Rivers : \u00ab\u00a0la NBA Europe va aider \u00e0 d\u00e9velopper le basket sur le sol europ\u00e9en\u00a0\u00bb<\/a>&nbsp;&nbsp;BasketEurope.com<\/li>\n<li><a href=\"https:\/\/news.google.com\/rss\/articles\/CBMingFBVV95cUxQaVowQTVfMzIzVWNDQjlDdEMtLWRONlNwM0JmSG50dXA4LXcxWW9ZNnJYNGJOSWRUV1NqbVo1RTJEYThpbzFOWHhhZTNVY1ZPcmNWLWVtb011ZnJMOVlzTm5PREx6SEUwcF9NYTZnYU5xdTNTbVE2T0FEMXZFZlBTU0YxeEd3YngtWVhIc2VjcWVHaGJIVW1ycnJsUjltZw?oc=5\" target=\"_blank\" rel=\"noopener\">Kristaps Porzingis s\u00e9duit la NBA avec ses charmes europ\u00e9ens<\/a>&nbsp;&nbsp;morning-sport.com<\/li>\n<\/ol>\n","protected":false},"excerpt":{"rendered":"L&rsquo;Euroligue pr\u00e9vient la NBA de potentielles poursuites en justice&nbsp;&nbsp;L&rsquo;\u00c9quipe L\u2019Euroleague et la NBA bient\u00f4t lanc\u00e9s dans un conflit&hellip;\n","protected":false},"author":2,"featured_media":660849,"comment_status":"","ping_status":"","sticky":false,"template":"","format":"standard","meta":{"footnotes":""},"categories":[2],"tags":[11,1011,27,12,25],"class_list":{"0":"post-660848","1":"post","2":"type-post","3":"status-publish","4":"format-standard","5":"has-post-thumbnail","7":"category-actualites","8":"tag-actualites","9":"tag-fr","10":"tag-france","11":"tag-news","12":"tag-republique-francaise"},"share_on_mastodon":{"url":"https:\/\/pubeurope.com\/@fr\/115888447067010022","error":""},"_links":{"self":[{"href":"https:\/\/www.europesays.com\/fr\/wp-json\/wp\/v2\/posts\/660848","targetHints":{"allow":["GET"]}}],"collection":[{"href":"https:\/\/www.europesays.com\/fr\/wp-json\/wp\/v2\/posts"}],"about":[{"href":"https:\/\/www.europesays.com\/fr\/wp-json\/wp\/v2\/types\/post"}],"author":[{"embeddable":true,"href":"https:\/\/www.europesays.com\/fr\/wp-json\/wp\/v2\/users\/2"}],"replies":[{"embeddable":true,"href":"https:\/\/www.europesays.com\/fr\/wp-json\/wp\/v2\/comments?post=660848"}],"version-history":[{"count":0,"href":"https:\/\/www.europesays.com\/fr\/wp-json\/wp\/v2\/posts\/660848\/revisions"}],"wp:featuredmedia":[{"embeddable":true,"href":"https:\/\/www.europesays.com\/fr\/wp-json\/wp\/v2\/media\/660849"}],"wp:attachment":[{"href":"https:\/\/www.europesays.com\/fr\/wp-json\/wp\/v2\/media?parent=660848"}],"wp:term":[{"taxonomy":"category","embeddable":true,"href":"https:\/\/www.europesays.com\/fr\/wp-json\/wp\/v2\/categories?post=660848"},{"taxonomy":"post_tag","embeddable":true,"href":"https:\/\/www.europesays.com\/fr\/wp-json\/wp\/v2\/tags?post=660848"}],"curies":[{"name":"wp","href":"https:\/\/api.w.org\/{rel}","templated":true}]}}