{"id":660852,"date":"2026-01-13T15:16:09","date_gmt":"2026-01-13T15:16:09","guid":{"rendered":"https:\/\/www.europesays.com\/fr\/660852\/"},"modified":"2026-01-13T15:16:09","modified_gmt":"2026-01-13T15:16:09","slug":"beaucoup-de-travail-a-faire-avec-certains-joueurs-pour-brooks-koepka","status":"publish","type":"post","link":"https:\/\/www.europesays.com\/fr\/660852\/","title":{"rendered":"\u00ab Beaucoup de travail \u00e0 faire avec certains joueurs \u00bb pour Brooks Koepka"},"content":{"rendered":"<p class=\"c-paragraph\">Brooks Koepka s\u2019attend \u00e0 ressentir une certaine nervosit\u00e9 lorsqu\u2019il sera de retour sur un \u00e9v\u00e8nement de la PGA pour la premi\u00e8re fois en quatre ans au Farmers Insurance Open.<\/p>\n<p class=\"c-paragraph\">Mais \u00e7a ne concerne qu\u2019en partie le golf.<\/p>\n<p class=\"c-paragraph\">La mani\u00e8re dont il sera accueilli \u2013 \u00e0 l\u2019int\u00e9rieur et \u00e0 l\u2019ext\u00e9rieur des cordes du terrain \u2013 demeure inconnue puisqu\u2019il sera le premier joueur \u00e0 \u00eatre invit\u00e9 \u00e0 revenir sur la PGA apr\u00e8s avoir accept\u00e9 la richesse de l\u2019Arabie saoudite pour quitter vers LIV Golf en 2022.<\/p>\n<p class=\"c-paragraph\">\u00ab J\u2019ai beaucoup de travail \u00e0 faire avec certains joueurs \u00bb, a dit Koepka dans une entrevue t\u00e9l\u00e9phonique. \u00ab Il y a d\u00e9finitivement des gars qui sont heureux, et d\u00e9finitivement des gars qui seront f\u00e2ch\u00e9s. C\u2019est une punition s\u00e9v\u00e8re financi\u00e8rement. Je comprends exactement pourquoi le circuit a fait cela \u2013 c\u2019est cens\u00e9 faire mal. Mais [mon d\u00e9part] a fait mal \u00e0 beaucoup de personnes. \u00bb<\/p>\n<p class=\"c-paragraph\">\u00ab Si quelqu\u2019un est frustr\u00e9, je dois reconstruire ces relations. \u00bb<\/p>\n<p class=\"c-paragraph\">Koepka a \u00e9t\u00e9 accept\u00e9 pour un retour sur la PGA gr\u00e2ce au Programme de retour des membres, qui a \u00e9t\u00e9 approuv\u00e9 et d\u00e9velopp\u00e9 la semaine derni\u00e8re. Il s\u2019applique uniquement aux joueurs qui ont remport\u00e9 un majeur ou le Championnat des joueurs depuis 2022.<\/p>\n<p class=\"c-paragraph\">Comme sanction, Koepka devra faire un don charitable de 5 M$ \u00e0 une organisation qui sera choisie par la PGA, il n\u2019aura pas acc\u00e8s \u00e0 l\u2019argent bonus de la Coupe FedEx en 2026, il ne pourra pas participer aux tournois \u00ab signatures \u00bb avec une exemption et il n\u2019aura pas acc\u00e8s aux \u00e9quit\u00e9s pour les joueurs lors des cinq prochaines ann\u00e9es. <\/p>\n<p class=\"c-paragraph\">\u00ab Il n\u2019y a pas eu de n\u00e9gociation. C\u2019est cens\u00e9 faire mal \u2013 et \u00e7a fait mal \u2013 mais je comprends. Ce n\u2019est pas cens\u00e9 \u00eatre un chemin facile. Il y a beaucoup de personnes qui ont \u00e9t\u00e9 bless\u00e9es quand j\u2019ai quitt\u00e9, et je comprends cette partie de mon retour \u00bb, a dit Koepka \u00e0 propos de sa conversation avec le PDG de la PGA Brian Rolapp la semaine derni\u00e8re.<\/p>\n<p class=\"c-paragraph\">Pour ceux qui ne seront pas heureux de son retour, Koepka a dit qu\u2019il avait h\u00e2te d\u2019avoir une discussion en priv\u00e9 avec eux. <\/p>\n<p class=\"c-paragraph\">\u00ab Je serai un peu nerveux la premi\u00e8re semaine, a dit Koepka. Il y a plusieurs autres choses que le golf. Je serai heureux de mettre cette premi\u00e8re semaine derri\u00e8re moi \u2013 de devoir g\u00e9rer les m\u00e9dias, les joueurs et de devoir avoir des conversations difficiles. \u00bb<\/p>\n<p class=\"c-paragraph\">\u00ab Suis-je nerveux? Oui. Suis-je excit\u00e9? Oui. C\u2019est bizarre, mais je veux avoir ces conversations. \u00bb<\/p>\n<p class=\"c-paragraph\">Jordan Spieth a dit que Koepka devait simplement \u00eatre la m\u00eame personne qui a quitt\u00e9.<\/p>\n<p class=\"c-paragraph\">\u00ab On ne demandera \u00e0 personne de changer pour faire plaisir \u00e0 quelqu\u2019un. Je ne crois pas qu\u2019il doive jouer les Pro-Am du lundi ou serrer la main de tout le monde au champ de pratique pour s\u2019excuser. Il revient et il joue du bon golf. C\u2019est bon pour tout le monde. \u00bb<\/p>\n<p class=\"c-paragraph\">Koepka sera de retour \u00e0 Torrey Pines le 29 janvier. Il a aussi confirm\u00e9 qu\u2019il allait participer au Waste Management Open de Phoenix, o\u00f9 il a gagn\u00e9 son premier titre en 2015 et o\u00f9 il a aussi triomph\u00e9 en 2021.<\/p>\n<p class=\"c-paragraph\">Il s\u2019agira probablement du premier test de l\u2019accueil des partisans \u2013 avec la foule enflamm\u00e9e du 16e trou d\u2019un samedi apr\u00e8s-midi au TPC Scottsdale. <\/p>\n<p class=\"c-paragraph\">\u00ab Je peux le g\u00e9rer. J\u2019appr\u00e9cie la foule, et j\u2019esp\u00e8re que tout le monde est heureux de me voir. Ils ne peuvent pas \u00eatre f\u00e2ch\u00e9s apr\u00e8s moi pour toujours \u00bb, a lanc\u00e9 Koepka.<\/p>\n","protected":false},"excerpt":{"rendered":"Brooks Koepka s\u2019attend \u00e0 ressentir une certaine nervosit\u00e9 lorsqu\u2019il sera de retour sur un \u00e9v\u00e8nement de la PGA&hellip;\n","protected":false},"author":2,"featured_media":660853,"comment_status":"","ping_status":"","sticky":false,"template":"","format":"standard","meta":{"footnotes":""},"categories":[1418],"tags":[76248,1011,27,1472,60],"class_list":{"0":"post-660852","1":"post","2":"type-post","3":"status-publish","4":"format-standard","5":"has-post-thumbnail","7":"category-golf","8":"tag-brooks-koepka","9":"tag-fr","10":"tag-france","11":"tag-golf","12":"tag-sports"},"share_on_mastodon":{"url":"https:\/\/pubeurope.com\/@fr\/115888454545119147","error":""},"_links":{"self":[{"href":"https:\/\/www.europesays.com\/fr\/wp-json\/wp\/v2\/posts\/660852","targetHints":{"allow":["GET"]}}],"collection":[{"href":"https:\/\/www.europesays.com\/fr\/wp-json\/wp\/v2\/posts"}],"about":[{"href":"https:\/\/www.europesays.com\/fr\/wp-json\/wp\/v2\/types\/post"}],"author":[{"embeddable":true,"href":"https:\/\/www.europesays.com\/fr\/wp-json\/wp\/v2\/users\/2"}],"replies":[{"embeddable":true,"href":"https:\/\/www.europesays.com\/fr\/wp-json\/wp\/v2\/comments?post=660852"}],"version-history":[{"count":0,"href":"https:\/\/www.europesays.com\/fr\/wp-json\/wp\/v2\/posts\/660852\/revisions"}],"wp:featuredmedia":[{"embeddable":true,"href":"https:\/\/www.europesays.com\/fr\/wp-json\/wp\/v2\/media\/660853"}],"wp:attachment":[{"href":"https:\/\/www.europesays.com\/fr\/wp-json\/wp\/v2\/media?parent=660852"}],"wp:term":[{"taxonomy":"category","embeddable":true,"href":"https:\/\/www.europesays.com\/fr\/wp-json\/wp\/v2\/categories?post=660852"},{"taxonomy":"post_tag","embeddable":true,"href":"https:\/\/www.europesays.com\/fr\/wp-json\/wp\/v2\/tags?post=660852"}],"curies":[{"name":"wp","href":"https:\/\/api.w.org\/{rel}","templated":true}]}}