{"id":660854,"date":"2026-01-13T15:18:09","date_gmt":"2026-01-13T15:18:09","guid":{"rendered":"https:\/\/www.europesays.com\/fr\/660854\/"},"modified":"2026-01-13T15:18:09","modified_gmt":"2026-01-13T15:18:09","slug":"transferts-top-14-nationale-montauban-victor-moreaux-prete-a-narbonne-jusqua-la-fin-de-la-saison","status":"publish","type":"post","link":"https:\/\/www.europesays.com\/fr\/660854\/","title":{"rendered":"Transferts. Top 14 \/ Nationale \u2013 Montauban\u00a0: Victor Moreaux pr\u00eat\u00e9 \u00e0 Narbonne jusqu\u2019\u00e0 la fin de la saison"},"content":{"rendered":"<p>\n                Cette semaine Victor Moreaux, deuxi\u00e8me ligne de Montauban a pris la direction de Narbonne. Le champion de Pro D2 d\u00e9barque en pr\u00eat dans l\u2019Aude jusqu\u2019\u00e0 la fin de la saison.\n            <\/p>\n<p>En ce d\u00e9but de semaine le Racing Club Narbonnais a enregistr\u00e9 l\u2019arriv\u00e9e d\u2019un nouveau joueur. Il s\u2019agit de Victor Moreaux, deuxi\u00e8me ligne de l\u2019USM. Le joueur de 32 ans et les dirigeants montalbanais ont, selon nos informations,\u00a0trouv\u00e9 un accord pour permettre \u00e0 l\u2019ancien perpignanais de s\u2019offrir un peu plus de temps de jeu dans l\u2019Aude. Une arriv\u00e9e visiblement tr\u00e8s attendue du c\u00f4t\u00e9 du RCN, qui envisagerait m\u00eame de le faire jouer d\u00e8s ce samedi pour la r\u00e9ception de Chamb\u00e9ry.<\/p>\n<p>Trois matchs avec l\u2019USM cette saison<\/p>\n<p>Pour rappel, cette saison Victor Moreaux n\u2019a eu que peu de temps de jeu avec seulement 82 minutes de jeu en trois matchs. Depuis le d\u00e9but de l\u2019exercice, le deuxi\u00e8me ligne n\u2019a malheureusement jamais d\u00e9marr\u00e9 un match dans la peau d\u2019un titulaire. La saison derni\u00e8re en revanche, celui qui est \u00e9galement pass\u00e9 par le Racing, avait \u00e9t\u00e9 utilis\u00e9 \u00e0 24 reprises dont 7 fois en tant que titulaire et avait jou\u00e9 l\u2019ensemble des matchs de phase finale. <strong><a href=\"https:\/\/www.rugbyrama.fr\/2025\/06\/07\/pro-d2-immense-exploit-de-montauban-qui-remporte-la-finale-et-retrouve-le-top-14-quinze-ans-apres-12747618.php\" target=\"_self\" rel=\"noopener\">Celui qui a donc grandement particip\u00e9 au titre de champion de Pro D2<\/a><\/strong> de l\u2019USM se lance donc un nouveau d\u00e9fi en Nationale. En fin de contrat \u00e0 l\u2019issue de la saison 2025-2026, les dirigeants narbonnais auraient d\u00e9j\u00e0 envisag\u00e9 de conserver le joueur pour la suite dans le cas o\u00f9 toutes les parties trouveraient un accord.<\/p>\n","protected":false},"excerpt":{"rendered":"Cette semaine Victor Moreaux, deuxi\u00e8me ligne de Montauban a pris la direction de Narbonne. Le champion de Pro&hellip;\n","protected":false},"author":2,"featured_media":660855,"comment_status":"","ping_status":"","sticky":false,"template":"","format":"standard","meta":{"footnotes":""},"categories":[1416],"tags":[1011,27,479,1468,60,10662],"class_list":{"0":"post-660854","1":"post","2":"type-post","3":"status-publish","4":"format-standard","5":"has-post-thumbnail","7":"category-rugby","8":"tag-fr","9":"tag-france","10":"tag-rugby","11":"tag-rugby-football","12":"tag-sports","13":"tag-transferts"},"share_on_mastodon":{"url":"https:\/\/pubeurope.com\/@fr\/115888462465941853","error":""},"_links":{"self":[{"href":"https:\/\/www.europesays.com\/fr\/wp-json\/wp\/v2\/posts\/660854","targetHints":{"allow":["GET"]}}],"collection":[{"href":"https:\/\/www.europesays.com\/fr\/wp-json\/wp\/v2\/posts"}],"about":[{"href":"https:\/\/www.europesays.com\/fr\/wp-json\/wp\/v2\/types\/post"}],"author":[{"embeddable":true,"href":"https:\/\/www.europesays.com\/fr\/wp-json\/wp\/v2\/users\/2"}],"replies":[{"embeddable":true,"href":"https:\/\/www.europesays.com\/fr\/wp-json\/wp\/v2\/comments?post=660854"}],"version-history":[{"count":0,"href":"https:\/\/www.europesays.com\/fr\/wp-json\/wp\/v2\/posts\/660854\/revisions"}],"wp:featuredmedia":[{"embeddable":true,"href":"https:\/\/www.europesays.com\/fr\/wp-json\/wp\/v2\/media\/660855"}],"wp:attachment":[{"href":"https:\/\/www.europesays.com\/fr\/wp-json\/wp\/v2\/media?parent=660854"}],"wp:term":[{"taxonomy":"category","embeddable":true,"href":"https:\/\/www.europesays.com\/fr\/wp-json\/wp\/v2\/categories?post=660854"},{"taxonomy":"post_tag","embeddable":true,"href":"https:\/\/www.europesays.com\/fr\/wp-json\/wp\/v2\/tags?post=660854"}],"curies":[{"name":"wp","href":"https:\/\/api.w.org\/{rel}","templated":true}]}}