{"id":660856,"date":"2026-01-13T15:19:32","date_gmt":"2026-01-13T15:19:32","guid":{"rendered":"https:\/\/www.europesays.com\/fr\/660856\/"},"modified":"2026-01-13T15:19:32","modified_gmt":"2026-01-13T15:19:32","slug":"pegula-et-kostyuk-declarent-forfait-avant-lopen-daustralie-tennistemple","status":"publish","type":"post","link":"https:\/\/www.europesays.com\/fr\/660856\/","title":{"rendered":"Pegula et Kostyuk d\u00e9clarent forfait avant l\u2019Open d\u2019Australie \u2022 TennisTemple"},"content":{"rendered":"\n<p>\ud83c\udf99\ufe0f \u00ab On observe une tendance o\u00f9 les joueurs se d\u00e9barrassent de leurs entra\u00eeneurs pour quelques dollars.<\/p>\n<p>En tant qu\u2019ancien joueur, tu vends tes connaissances intellectuelles. Trente ou quarante ans d\u2019exp\u00e9rience, c\u2019est inestimable. En faisant \u00e7a, les joueurs se tirent souvent une balle dans le pied.<\/p>\n<p>On le voit aussi dans le football. On vire un entra\u00eeneur apr\u00e8s quelques d\u00e9faites. O\u00f9 cela les a-t-i&#8230;<\/p>\n<p> <a href=\"https:\/\/fr.tennistemple.com\/LaChaineTT\/post\/15169128\/on-observe-une-tendance-ou-les-joueurs-se-debarrassent\/\" class=\"expand\" target=\"_blank\" rel=\"noopener\">Lire en entier<\/a> <\/p>\n","protected":false},"excerpt":{"rendered":"\ud83c\udf99\ufe0f \u00ab On observe une tendance o\u00f9 les joueurs se d\u00e9barrassent de leurs entra\u00eeneurs pour quelques dollars. En&hellip;\n","protected":false},"author":2,"featured_media":660857,"comment_status":"","ping_status":"","sticky":false,"template":"","format":"standard","meta":{"footnotes":""},"categories":[1415],"tags":[1011,27,60,1467],"class_list":{"0":"post-660856","1":"post","2":"type-post","3":"status-publish","4":"format-standard","5":"has-post-thumbnail","7":"category-tennis","8":"tag-fr","9":"tag-france","10":"tag-sports","11":"tag-tennis"},"share_on_mastodon":{"url":"https:\/\/pubeurope.com\/@fr\/115888466360621524","error":""},"_links":{"self":[{"href":"https:\/\/www.europesays.com\/fr\/wp-json\/wp\/v2\/posts\/660856","targetHints":{"allow":["GET"]}}],"collection":[{"href":"https:\/\/www.europesays.com\/fr\/wp-json\/wp\/v2\/posts"}],"about":[{"href":"https:\/\/www.europesays.com\/fr\/wp-json\/wp\/v2\/types\/post"}],"author":[{"embeddable":true,"href":"https:\/\/www.europesays.com\/fr\/wp-json\/wp\/v2\/users\/2"}],"replies":[{"embeddable":true,"href":"https:\/\/www.europesays.com\/fr\/wp-json\/wp\/v2\/comments?post=660856"}],"version-history":[{"count":0,"href":"https:\/\/www.europesays.com\/fr\/wp-json\/wp\/v2\/posts\/660856\/revisions"}],"wp:featuredmedia":[{"embeddable":true,"href":"https:\/\/www.europesays.com\/fr\/wp-json\/wp\/v2\/media\/660857"}],"wp:attachment":[{"href":"https:\/\/www.europesays.com\/fr\/wp-json\/wp\/v2\/media?parent=660856"}],"wp:term":[{"taxonomy":"category","embeddable":true,"href":"https:\/\/www.europesays.com\/fr\/wp-json\/wp\/v2\/categories?post=660856"},{"taxonomy":"post_tag","embeddable":true,"href":"https:\/\/www.europesays.com\/fr\/wp-json\/wp\/v2\/tags?post=660856"}],"curies":[{"name":"wp","href":"https:\/\/api.w.org\/{rel}","templated":true}]}}