{"id":660858,"date":"2026-01-13T15:23:13","date_gmt":"2026-01-13T15:23:13","guid":{"rendered":"https:\/\/www.europesays.com\/fr\/660858\/"},"modified":"2026-01-13T15:23:13","modified_gmt":"2026-01-13T15:23:13","slug":"pas-de-paris-roubaix-pour-pauline-ferrand-prevot-en-2026-actualite","status":"publish","type":"post","link":"https:\/\/www.europesays.com\/fr\/660858\/","title":{"rendered":"Pas de Paris-Roubaix pour Pauline Ferrand-Pr\u00e9vot en 2026 &#8211; Actualit\u00e9"},"content":{"rendered":"<p>La formation Visma-Lease a Bike a publi\u00e9 les grandes lignes du programme de Pauline Ferrand-Pr\u00e9vot pour la saison 2026. La gagnante du dernier Tour de France d\u00e9fendra son titre au mois d&rsquo;ao\u00fbt mais sera absente de Paris-Roubaix qu&rsquo;elle avait remport\u00e9 en 2025. \u00ab\u00a0J&rsquo;irai \u00e0 la Vuelta pour gagner des \u00e9tapes et rouler pour l&rsquo;\u00e9quipe, en pr\u00e9paration pour le Tour. Et ensuite il y aura le Championnat du Monde\u00a0\u00bb, a pr\u00e9cis\u00e9 Pauline Ferrand-Pr\u00e9vot aupr\u00e8s de DirectVelo en conf\u00e9rence de presse, ce mardi.<\/p>\n<p><strong>Le programme 2026 de Pauline Ferrand-Pr\u00e9vot :<\/strong><br \/>07\/03 : Strade Bianche<br \/>05\/04 : Tour des Flandres<br \/>22\/04 : Fl\u00e8che Wallonne<br \/>26\/04 : Li\u00e8ge-Bastogne-Li\u00e8ge<br \/>03\/05-10\/05 : Tour d&rsquo;Espagne\u00a0<br \/>01\/08-09\/08 : Tour de France\u00a0<\/p>\n","protected":false},"excerpt":{"rendered":"La formation Visma-Lease a Bike a publi\u00e9 les grandes lignes du programme de Pauline Ferrand-Pr\u00e9vot pour la saison&hellip;\n","protected":false},"author":2,"featured_media":660859,"comment_status":"","ping_status":"","sticky":false,"template":"","format":"standard","meta":{"footnotes":""},"categories":[1411],"tags":[834,828,836,829,837,827,83,826,824,823,1154,207,814,817,815,816,822,821,832,211,839,1011,27,820,818,819,835,831,830,833,838,60,212,208,825],"class_list":{"0":"post-660858","1":"post","2":"type-post","3":"status-publish","4":"format-standard","5":"has-post-thumbnail","7":"category-cyclisme","8":"tag-attaque","9":"tag-belgique","10":"tag-braquet","11":"tag-bretagne","12":"tag-chute","13":"tag-competition","14":"tag-coupe-de-france","15":"tag-coureur","16":"tag-course-cyclisme","17":"tag-course-cycliste","18":"tag-cycling","19":"tag-cyclisme","20":"tag-direct","21":"tag-direct-velo","22":"tag-directvelo","23":"tag-directvelo-com","24":"tag-epreuve","25":"tag-epreuve-cycliste","26":"tag-federation-francaise-de-cyclisme","27":"tag-ffc","28":"tag-flandres","29":"tag-fr","30":"tag-france","31":"tag-live","32":"tag-live-course","33":"tag-live-epreuve","34":"tag-peloton","35":"tag-radio-peloton","36":"tag-radio-tour","37":"tag-ravitaillement","38":"tag-relance","39":"tag-sports","40":"tag-uci","41":"tag-velo","42":"tag-velos"},"share_on_mastodon":{"url":"https:\/\/pubeurope.com\/@fr\/115888482137923905","error":""},"_links":{"self":[{"href":"https:\/\/www.europesays.com\/fr\/wp-json\/wp\/v2\/posts\/660858","targetHints":{"allow":["GET"]}}],"collection":[{"href":"https:\/\/www.europesays.com\/fr\/wp-json\/wp\/v2\/posts"}],"about":[{"href":"https:\/\/www.europesays.com\/fr\/wp-json\/wp\/v2\/types\/post"}],"author":[{"embeddable":true,"href":"https:\/\/www.europesays.com\/fr\/wp-json\/wp\/v2\/users\/2"}],"replies":[{"embeddable":true,"href":"https:\/\/www.europesays.com\/fr\/wp-json\/wp\/v2\/comments?post=660858"}],"version-history":[{"count":0,"href":"https:\/\/www.europesays.com\/fr\/wp-json\/wp\/v2\/posts\/660858\/revisions"}],"wp:featuredmedia":[{"embeddable":true,"href":"https:\/\/www.europesays.com\/fr\/wp-json\/wp\/v2\/media\/660859"}],"wp:attachment":[{"href":"https:\/\/www.europesays.com\/fr\/wp-json\/wp\/v2\/media?parent=660858"}],"wp:term":[{"taxonomy":"category","embeddable":true,"href":"https:\/\/www.europesays.com\/fr\/wp-json\/wp\/v2\/categories?post=660858"},{"taxonomy":"post_tag","embeddable":true,"href":"https:\/\/www.europesays.com\/fr\/wp-json\/wp\/v2\/tags?post=660858"}],"curies":[{"name":"wp","href":"https:\/\/api.w.org\/{rel}","templated":true}]}}