{"id":660860,"date":"2026-01-13T15:24:11","date_gmt":"2026-01-13T15:24:11","guid":{"rendered":"https:\/\/www.europesays.com\/fr\/660860\/"},"modified":"2026-01-13T15:24:11","modified_gmt":"2026-01-13T15:24:11","slug":"la-rage-de-thibaut-courtois-apres-la-defaite-face-au-barca","status":"publish","type":"post","link":"https:\/\/www.europesays.com\/fr\/660860\/","title":{"rendered":"la rage de Thibaut Courtois apr\u00e8s la d\u00e9faite face au Bar\u00e7a"},"content":{"rendered":"<p>Battu en finale de la Supercoupe d\u2019Espagne par <a href=\"https:\/\/www.footmercato.net\/live\/292384027298730106-barcelone-vs-real-madrid\" target=\"_blank\" rel=\"noopener\">le FC Barcelone de Raphinha (3-2)<\/a>, le <a href=\"https:\/\/www.footmercato.net\/club\/real-madrid\/\" target=\"_blank\" rel=\"noopener\">Real Madrid<\/a> est reparti frustr\u00e9 de Djeddah. Malgr\u00e9 une rencontre globalement \u00e9quilibr\u00e9e, les Madril\u00e8nes ont le sentiment d\u2019avoir laiss\u00e9 passer leur chance, notamment apr\u00e8s une seconde p\u00e9riode plus aboutie. <a href=\"https:\/\/www.footmercato.net\/joueur\/thibaut-courtois\/\" target=\"_blank\" rel=\"noopener\">Thibaut Courtois<\/a>, auteur d\u2019un match correct dans sa cage, n\u2019a pas cach\u00e9 sa d\u00e9ception au coup de sifflet final, estimant que le sc\u00e9nario du match aurait pu basculer en faveur des siens.<\/p>\n<p>            La suite apr\u00e8s cette publicit\u00e9<\/p>\n<p>Le portier belge de 33 ans a point\u00e9 un manque d\u2019audace en d\u00e9but de rencontre, tout en soulignant la domination madril\u00e8ne apr\u00e8s la pause : \u00ab nous m\u00e9ritions de gagner en deuxi\u00e8me mi-temps. Nous aurions parfaitement pu gagner ce match. En premi\u00e8re mi-temps, nous avons peut-\u00eatre \u00e9t\u00e9 trop prudents \u00bb. Courtois a \u00e9galement regrett\u00e9 de ne pas avoir davantage exploit\u00e9 la prestation de Vinicius : \u00ab nous n\u2019avons pas profit\u00e9 de cette version de Vini aujourd\u2019hui. Il a \u00e9t\u00e9 un cauchemar pour eux et nous n\u2019en avons pas profit\u00e9 \u00bb.<\/p>\n<p>\n    Pub. le 12\/01\/2026 13:43<br \/>\n            &#8211; MAJ le 13\/01\/2026 14:38\n    <\/p>\n","protected":false},"excerpt":{"rendered":"Battu en finale de la Supercoupe d\u2019Espagne par le FC Barcelone de Raphinha (3-2), le Real Madrid est&hellip;\n","protected":false},"author":2,"featured_media":660861,"comment_status":"","ping_status":"","sticky":false,"template":"","format":"standard","meta":{"footnotes":""},"categories":[1410],"tags":[63,1011,27,60],"class_list":{"0":"post-660860","1":"post","2":"type-post","3":"status-publish","4":"format-standard","5":"has-post-thumbnail","7":"category-football","8":"tag-football","9":"tag-fr","10":"tag-france","11":"tag-sports"},"share_on_mastodon":{"url":"https:\/\/pubeurope.com\/@fr\/115888486084039666","error":""},"_links":{"self":[{"href":"https:\/\/www.europesays.com\/fr\/wp-json\/wp\/v2\/posts\/660860","targetHints":{"allow":["GET"]}}],"collection":[{"href":"https:\/\/www.europesays.com\/fr\/wp-json\/wp\/v2\/posts"}],"about":[{"href":"https:\/\/www.europesays.com\/fr\/wp-json\/wp\/v2\/types\/post"}],"author":[{"embeddable":true,"href":"https:\/\/www.europesays.com\/fr\/wp-json\/wp\/v2\/users\/2"}],"replies":[{"embeddable":true,"href":"https:\/\/www.europesays.com\/fr\/wp-json\/wp\/v2\/comments?post=660860"}],"version-history":[{"count":0,"href":"https:\/\/www.europesays.com\/fr\/wp-json\/wp\/v2\/posts\/660860\/revisions"}],"wp:featuredmedia":[{"embeddable":true,"href":"https:\/\/www.europesays.com\/fr\/wp-json\/wp\/v2\/media\/660861"}],"wp:attachment":[{"href":"https:\/\/www.europesays.com\/fr\/wp-json\/wp\/v2\/media?parent=660860"}],"wp:term":[{"taxonomy":"category","embeddable":true,"href":"https:\/\/www.europesays.com\/fr\/wp-json\/wp\/v2\/categories?post=660860"},{"taxonomy":"post_tag","embeddable":true,"href":"https:\/\/www.europesays.com\/fr\/wp-json\/wp\/v2\/tags?post=660860"}],"curies":[{"name":"wp","href":"https:\/\/api.w.org\/{rel}","templated":true}]}}