{"id":660864,"date":"2026-01-13T15:26:16","date_gmt":"2026-01-13T15:26:16","guid":{"rendered":"https:\/\/www.europesays.com\/fr\/660864\/"},"modified":"2026-01-13T15:26:16","modified_gmt":"2026-01-13T15:26:16","slug":"une-sculpture-de-neige-geante-de-olaf","status":"publish","type":"post","link":"https:\/\/www.europesays.com\/fr\/660864\/","title":{"rendered":"Une sculpture de neige g\u00e9ante de Olaf"},"content":{"rendered":"<p>                                                    Publi\u00e9 le 12 janvier 2026<\/p>\n<p>                                                                <img loading=\"lazy\" decoding=\"async\" src=\"https:\/\/www.europesays.com\/fr\/wp-content\/uploads\/2026\/01\/webbuzz-sculpture-olaf.jpg\" width=\"824\" height=\"464\" alt=\"Une sculpture de neige g\u00e9ante de Olaf\" title=\"Une sculpture de neige g\u00e9ante de Olaf\"\/><\/p>\n<p data-path-to-node=\"3\">On a tous d\u00e9j\u00e0 essay\u00e9 de faire un bonhomme de neige qui finit par ressembler \u00e0 une pile de patates mal empil\u00e9es, avouez-le ! Mais pour un jeune de chez nous, la barre \u00e9tait beaucoup plus haute.<\/p>\n<p>&#13;<\/p>\n<p data-path-to-node=\"4\">Si vous \u00eates pass\u00e9s par <b data-path-to-node=\"4\" data-index-in-node=\"24\">Saint-Jean-sur-Richelieu<\/b> il y a quelques ann\u00e9es, vous avez peut-\u00eatre crois\u00e9 une c\u00e9l\u00e9brit\u00e9 de 20 pieds de haut : <b data-path-to-node=\"4\" data-index-in-node=\"136\">Olaf<\/b>, le c\u00e9l\u00e8bre bonhomme de neige du film La Reine des Neiges !<\/p>\n<p>&#13;<\/p>\n<p data-path-to-node=\"6\">Le cr\u00e9ateur derri\u00e8re ce projet colossal, c&rsquo;est <b data-path-to-node=\"6\" data-index-in-node=\"47\">Beno\u00eet Sabourin<\/b> (un nom qui circule souvent quand on parle de ce exploit, parfois confondu avec d&rsquo;autres passionn\u00e9s de sculpture). Le jeune homme n&rsquo;a pas ch\u00f4m\u00e9 :<\/p>\n<p>&#13;<\/p>\n<ul data-path-to-node=\"7\">&#13;<\/p>\n<li>&#13;\n<p data-path-to-node=\"7,0,0\"><b data-path-to-node=\"7,0,0\" data-index-in-node=\"0\">La taille :<\/b> Une sculpture monumentale de <b data-path-to-node=\"7,0,0\" data-index-in-node=\"41\">20 pieds<\/b>.<\/p>\n<p>&#13;\n<\/li>\n<p>&#13;<\/p>\n<li>&#13;\n<p data-path-to-node=\"7,1,0\"><b data-path-to-node=\"7,1,0\" data-index-in-node=\"0\">Le temps :<\/b> Plus de <b data-path-to-node=\"7,1,0\" data-index-in-node=\"19\">200 heures<\/b> de travail acharn\u00e9 \u00e0 sculpter le froid.<\/p>\n<p>&#13;\n<\/li>\n<p>&#13;<\/p>\n<li>&#13;\n<p data-path-to-node=\"7,2,0\"><b data-path-to-node=\"7,2,0\" data-index-in-node=\"0\">Le souci du d\u00e9tail :<\/b> Il a m\u00eame attendu le premier jour du printemps pour ajouter la touche finale : son gros nez en carotte et ses boutons noirs.<\/p>\n<p>&#13;\n<\/li>\n<p>&#13;\n<\/ul>\n<p>&#13;<\/p>\n<p data-path-to-node=\"9\">Ce qui est beau dans cette histoire, c&rsquo;est l&rsquo;effet que \u00e7a a eu sur le voisinage. Des milliers de curieux se sont d\u00e9plac\u00e9s pour prendre une photo avec le g\u00e9ant blanc.<\/p>\n<p>&#13;<\/p>\n<p data-path-to-node=\"10\">C\u2019est le genre d\u2019initiative qui met du soleil dans notre hiver qu\u00e9b\u00e9cois. Imaginez la t\u00eate des enfants qui voient leur personnage pr\u00e9f\u00e9r\u00e9, plus grand que nature, directement sur le terrain d&rsquo;une maison r\u00e9sidentielle !<\/p>\n<p>&#13;<\/p>\n<p data-path-to-node=\"12\">Le plus dr\u00f4le dans tout \u00e7a ? Dans le film, Olaf r\u00eave de d\u00e9couvrir l&rsquo;\u00e9t\u00e9 et la chaleur. En terminant sa sculpture juste au moment o\u00f9 le printemps pointait son nez, l&rsquo;artiste a offert \u00e0 son Olaf le plus beau des cadeaux&#8230; avant qu&rsquo;il ne d\u00e9cide de devenir une simple flaque d&rsquo;eau !<\/p>\n<p>&#13;<\/p>\n<p data-path-to-node=\"12\">C&rsquo;est la preuve que m\u00eame avec de la simple neige et beaucoup de patience, on peut cr\u00e9er de la magie pure dans sa propre cour. Chapeau l&rsquo;artiste !<\/p>\n","protected":false},"excerpt":{"rendered":"Publi\u00e9 le 12 janvier 2026 On a tous d\u00e9j\u00e0 essay\u00e9 de faire un bonhomme de neige qui finit&hellip;\n","protected":false},"author":2,"featured_media":660865,"comment_status":"","ping_status":"","sticky":false,"template":"","format":"standard","meta":{"footnotes":""},"categories":[1358],"tags":[1348,1384,1385,1386,58,59,1011,27],"class_list":{"0":"post-660864","1":"post","2":"type-post","3":"status-publish","4":"format-standard","5":"has-post-thumbnail","7":"category-arts-et-design","8":"tag-arts","9":"tag-arts-and-design","10":"tag-arts-et-design","11":"tag-design","12":"tag-divertissement","13":"tag-entertainment","14":"tag-fr","15":"tag-france"},"share_on_mastodon":{"url":"https:\/\/pubeurope.com\/@fr\/115888493935249664","error":""},"_links":{"self":[{"href":"https:\/\/www.europesays.com\/fr\/wp-json\/wp\/v2\/posts\/660864","targetHints":{"allow":["GET"]}}],"collection":[{"href":"https:\/\/www.europesays.com\/fr\/wp-json\/wp\/v2\/posts"}],"about":[{"href":"https:\/\/www.europesays.com\/fr\/wp-json\/wp\/v2\/types\/post"}],"author":[{"embeddable":true,"href":"https:\/\/www.europesays.com\/fr\/wp-json\/wp\/v2\/users\/2"}],"replies":[{"embeddable":true,"href":"https:\/\/www.europesays.com\/fr\/wp-json\/wp\/v2\/comments?post=660864"}],"version-history":[{"count":0,"href":"https:\/\/www.europesays.com\/fr\/wp-json\/wp\/v2\/posts\/660864\/revisions"}],"wp:featuredmedia":[{"embeddable":true,"href":"https:\/\/www.europesays.com\/fr\/wp-json\/wp\/v2\/media\/660865"}],"wp:attachment":[{"href":"https:\/\/www.europesays.com\/fr\/wp-json\/wp\/v2\/media?parent=660864"}],"wp:term":[{"taxonomy":"category","embeddable":true,"href":"https:\/\/www.europesays.com\/fr\/wp-json\/wp\/v2\/categories?post=660864"},{"taxonomy":"post_tag","embeddable":true,"href":"https:\/\/www.europesays.com\/fr\/wp-json\/wp\/v2\/tags?post=660864"}],"curies":[{"name":"wp","href":"https:\/\/api.w.org\/{rel}","templated":true}]}}